{"id":13221,"date":"2017-03-29T14:45:45","date_gmt":"2017-03-29T17:45:45","guid":{"rendered":"https:\/\/www.tjes.jus.br\/corregedoria\/?p=13221"},"modified":"2018-09-14T14:37:45","modified_gmt":"2018-09-14T17:37:45","slug":"ato-normativo-no-0012005-publ-17032015","status":"publish","type":"post","link":"https:\/\/www.tjes.jus.br\/corregedoria\/2017\/03\/29\/ato-normativo-no-0012005-publ-17032015\/","title":{"rendered":"ATO NORMATIVO N\u00ba 001\/2005 &#8211; PUBL. 17\/03\/2015 &#8211; ALTERADO"},"content":{"rendered":"<p style=\"text-align: center;\"><strong>PODER JUDICI\u00c1RIO DO ESTADO DO ESP\u00cdRITO SANTO<\/strong><\/p>\n<p style=\"text-align: center;\"><strong>TRIBUNAL DE JUSTI\u00c7A<\/strong><\/p>\n<p style=\"text-align: center;\"><strong>ATO NORMATIVO 001\/2005<\/strong><\/p>\n<p style=\"text-align: justify;\"><strong>EXM\u00ba. SR. DESEMBARGADOR ADALTO DIAS TRIST\u00c3O PRESIDENTE DO EGR\u00c9GIO TRIBUNAL DE JUSTI\u00c7A DO ESTADO DO ESP\u00cdRITO SANTO, NO USO DE SUAS ATRIBUI\u00c7\u00d5ES, E CONSUBSTANCIADO NOS TERMOS DA RESOLU\u00c7\u00c3O N\u00ba 03\/05, PUBLICADO NO \u201cDJ\u201d DE 10\/02\/05,<\/strong><\/p>\n<p style=\"text-align: justify;\"><strong>RESOLVE:<\/strong><\/p>\n<p style=\"text-align: justify;\">1 &#8211; <strong>CONSTITUIR<\/strong> o quadro de magistrados composto pelos Exm\u00bas. Srs. Drs. Arion Merg\u00e1r, Jos\u00e9 Augusto Farias de Souza, Ezequiel Tor\u00edbio, Carlos Roberto Almeida Amorim, Eliazer Costa Vieira e Eliezer Mattos Scherrer J\u00fanior, MM. Ju\u00edzes de Direito, sob a coordena\u00e7\u00e3o do primeiro, com o objetivo de encetar a\u00e7\u00f5es para a implementa\u00e7\u00e3o do \u201cSistema de Coopera\u00e7\u00e3o Regional\u201d (Mutir\u00e3o);<\/p>\n<p style=\"text-align: justify;\">1.1 &#8211; A supervis\u00e3o dos trabalhos ficar\u00e1 a cargo do Des. Pedro Valls Feu Rosa;<\/p>\n<p style=\"text-align: justify;\">2 &#8211; <strong>ESTABELECER<\/strong> como prioridade no exerc\u00edcio da fun\u00e7\u00e3o judicante o julgamento dos processos relacionados aos presos provis\u00f3rios custodiados nas diversas unidades do sistema prisional do Estado;<\/p>\n<p style=\"text-align: justify;\">2.1 &#8211; Para proporcionar o in\u00edcio dos trabalhos da equipe constitu\u00edda, e com pr\u00e9via autoriza\u00e7\u00e3o do Juiz processante, dever\u00e1, o Escriv\u00e3o Judici\u00e1rio relacionar sob penais da lei, no prazo de 30 (trinta) dias, os processos de r\u00e9u preso que estejam conclusos para senten\u00e7a h\u00e1 mais de 10 (dez) dias, indicando nome do acusado, filia\u00e7\u00e3o, data de nascimento e outros dados poss\u00edveis, a fim de que sejam solicitadas, quando necess\u00e1rio, diretamente pelos componentes da equipe as respectivas FAC\u00b4S (folha de antecedentes criminais) ao \u00f3rg\u00e3o competente;<\/p>\n<p style=\"text-align: justify;\">2.1.1. &#8211; Poder\u00e1, havendo comprova\u00e7\u00e3o, o Escriv\u00e3o Judici\u00e1rio fazer a remessa do processo de acusado que estiver preso em raz\u00e3o de processo tramitante em outro Ju\u00edzo;<\/p>\n<p style=\"text-align: justify;\">2.2 &#8211; Independentemente do cumprimento do prazo indicado no item anterior, o magistrado que desejar remeter, desde j\u00e1, os processos classificados nessa situa\u00e7\u00e3o, dever\u00e1 determinar que seja elaborada rela\u00e7\u00e3o a respeito;<\/p>\n<p style=\"text-align: justify;\">2.3 &#8211; A coleta e a devolu\u00e7\u00e3o dos processos ser\u00e1 providenciada por servidores destacados para o apoio do grupo de magistrados, mediante pr\u00e9vio contado com a sala de Ju\u00edzes cooperadores;<\/p>\n<p style=\"text-align: justify;\">2.4 &#8211; Os atos complementares a execu\u00e7\u00e3o do presente poder\u00e3o ser baixados pela coordena\u00e7\u00e3o e supervis\u00e3o dos trabalhos institu\u00eddos por este ato administrativo;<\/p>\n<p style=\"text-align: justify;\"><del>2.5 &#8211; Competir\u00e1 a Corregedoria Geral da Justi\u00e7a, mediante ato pr\u00f3prio, proceder as designa\u00e7\u00f5es dos servidores que ir\u00e3o auxiliar na execu\u00e7\u00e3o dos trabalhos.<\/del> <strong>(Revogado pelo <a href=\"https:\/\/www.tjes.jus.br\/corregedoria\/index.php\/2017\/03\/29\/ato-normativo-no-0022005-publ-23032015\/\" target=\"_blank\" rel=\"noopener\">Ato Normativo n\u00ba 002\/2005<\/a>, publicado em 23\/03\/2005)<\/strong><\/p>\n<p style=\"text-align: justify;\">3 &#8211; A Presid\u00eancia do Tribunal de Justi\u00e7a requisitar\u00e1, por of\u00edcio, ao Delegado Chefe da Pol\u00edcia Civil, para que, no prazo 15 dias, proceda a remessa de inqu\u00e9ritos policiais existentes nas unidades policiais, de r\u00e9us presos, instaurados h\u00e1 mais de 30 dias e ainda n\u00e3o distribu\u00eddos \u00e0s Varas Criminais.\u00a0<strong>(Inserido pelo <a href=\"https:\/\/www.tjes.jus.br\/corregedoria\/index.php\/2017\/03\/29\/ato-normativo-no-0042005-publ-31032005\/\" target=\"_blank\" rel=\"noopener\">Ato Normativo n\u00ba 004\/2005<\/a>, publicado em 31\/03\/2005)<\/strong><\/p>\n<p style=\"text-align: justify;\">3.1 &#8211; A entrega dos procedimentos de que trata o item anterior, se processar\u00e1 mediante carga em livro pr\u00f3prio, diretamente na Coordenadoria do Mutir\u00e3o, sem a entrega de armas, subst\u00e2ncias ou quaisquer outros objetos apreendidos.\u00a0<strong>(Inserido pelo <a href=\"https:\/\/www.tjes.jus.br\/corregedoria\/index.php\/2017\/03\/29\/ato-normativo-no-0042005-publ-31032005\/\" target=\"_blank\" rel=\"noopener\">Ato Normativo n\u00ba 004\/2005<\/a>, publicado em 31\/03\/2005)<\/strong><\/p>\n<p style=\"text-align: justify;\"><strong>PUBLIQUE-SE.<\/strong><\/p>\n<p style=\"text-align: justify;\">Vit\u00f3ria, 14 de mar\u00e7o de 2005.<\/p>\n<p style=\"text-align: center;\"><strong>Desembargador ADALTO DIAS TRIST\u00c3O<br \/>\nPresidente<\/strong><\/p>\n<h2 style=\"text-align: center;\"><span style=\"color: #ff0000;\">ALTERADO PELO <a href=\"https:\/\/www.tjes.jus.br\/corregedoria\/index.php\/2017\/03\/29\/ato-normativo-no-0022005-publ-23032015\/\" target=\"_blank\" rel=\"noopener\">ATO NORMATIVO N\u00ba 002\/2005<\/a> &#8211; PUBL. 23\/03\/2005<\/span><\/h2>\n<h2 style=\"text-align: center;\"><span style=\"color: #ff0000;\">ALTERADO PELO <a href=\"https:\/\/www.tjes.jus.br\/corregedoria\/index.php\/2017\/03\/29\/ato-normativo-no-0042005-publ-31032005\/\" target=\"_blank\" rel=\"noopener\">ATO NORMATIVO N\u00ba 004\/2005<\/a> &#8211; PUBL. 31\/03\/2005<\/span><\/h2>\n<h2 style=\"text-align: center;\"><span style=\"color: #ff0000;\">ALTERADO PELO\u00a0<a href=\"https:\/\/www.tjes.jus.br\/corregedoria\/index.php\/2017\/03\/29\/ato-normativo-no-0142005-publ-12052005\/\" target=\"_blank\" rel=\"noopener\">ATO NORMATIVO N\u00ba 014\/2005<\/a> &#8211; PUBL. 12\/05\/2005 (EFEITOS CESSADOS PELO<a href=\"https:\/\/www.tjes.jus.br\/corregedoria\/index.php\/2017\/03\/29\/ato-normativo-no-0152005-publ-19052005\/\" target=\"_blank\" rel=\"noopener\">\u00a0ATO NORMATIVO N\u00ba 015\/2005<\/a>)<\/span><\/h2>\n","protected":false},"excerpt":{"rendered":"<p>PODER JUDICI\u00c1RIO DO ESTADO DO ESP\u00cdRITO SANTO TRIBUNAL DE JUSTI\u00c7A ATO NORMATIVO 001\/2005 EXM\u00ba. SR. DESEMBARGADOR ADALTO DIAS TRIST\u00c3O PRESIDENTE DO EGR\u00c9GIO TRIBUNAL DE JUSTI\u00c7A DO ESTADO DO ESP\u00cdRITO SANTO, NO USO DE SUAS ATRIBUI\u00c7\u00d5ES, E CONSUBSTANCIADO NOS TERMOS DA RESOLU\u00c7\u00c3O N\u00ba 03\/05, PUBLICADO NO \u201cDJ\u201d DE 10\/02\/05, RESOLVE: 1 &#8211; CONSTITUIR o quadro de [&hellip;]<\/p>\n","protected":false},"author":3,"featured_media":0,"comment_status":"open","ping_status":"open","sticky":false,"template":"","format":"standard","meta":{"footnotes":""},"categories":[4,14],"tags":[],"_links":{"self":[{"href":"https:\/\/www.tjes.jus.br\/corregedoria\/wp-json\/wp\/v2\/posts\/13221"}],"collection":[{"href":"https:\/\/www.tjes.jus.br\/corregedoria\/wp-json\/wp\/v2\/posts"}],"about":[{"href":"https:\/\/www.tjes.jus.br\/corregedoria\/wp-json\/wp\/v2\/types\/post"}],"author":[{"embeddable":true,"href":"https:\/\/www.tjes.jus.br\/corregedoria\/wp-json\/wp\/v2\/users\/3"}],"replies":[{"embeddable":true,"href":"https:\/\/www.tjes.jus.br\/corregedoria\/wp-json\/wp\/v2\/comments?post=13221"}],"version-history":[{"count":12,"href":"https:\/\/www.tjes.jus.br\/corregedoria\/wp-json\/wp\/v2\/posts\/13221\/revisions"}],"predecessor-version":[{"id":24969,"href":"https:\/\/www.tjes.jus.br\/corregedoria\/wp-json\/wp\/v2\/posts\/13221\/revisions\/24969"}],"wp:attachment":[{"href":"https:\/\/www.tjes.jus.br\/corregedoria\/wp-json\/wp\/v2\/media?parent=13221"}],"wp:term":[{"taxonomy":"category","embeddable":true,"href":"https:\/\/www.tjes.jus.br\/corregedoria\/wp-json\/wp\/v2\/categories?post=13221"},{"taxonomy":"post_tag","embeddable":true,"href":"https:\/\/www.tjes.jus.br\/corregedoria\/wp-json\/wp\/v2\/tags?post=13221"}],"curies":[{"name":"wp","href":"https:\/\/api.w.org\/{rel}","templated":true}]}}