{"id":13224,"date":"2017-03-29T15:09:29","date_gmt":"2017-03-29T18:09:29","guid":{"rendered":"https:\/\/www.tjes.jus.br\/corregedoria\/?p=13224"},"modified":"2017-03-31T12:50:14","modified_gmt":"2017-03-31T15:50:14","slug":"ato-normativo-no-0022005-publ-23032015","status":"publish","type":"post","link":"https:\/\/www.tjes.jus.br\/corregedoria\/2017\/03\/29\/ato-normativo-no-0022005-publ-23032015\/","title":{"rendered":"ATO NORMATIVO N\u00ba 002\/2005 &#8211; PUBL. 23\/03\/2015 &#8211; ALTERADO"},"content":{"rendered":"<p style=\"text-align: center;\"><strong>PODER JUDICI\u00c1RIO DO ESTADO DO ESP\u00cdRITO SANTO<\/strong><\/p>\n<p style=\"text-align: center;\"><strong>TRIBUNAL DE JUSTI\u00c7A<\/strong><\/p>\n<p style=\"text-align: center;\"><strong>ATO NORMATIVO 002\/2005<\/strong><\/p>\n<p style=\"text-align: justify;\">O EXM.\u00ba SR. DESEMBARGADOR ADALTO DIAS TRIST\u00c3O, PRESIDENTE DO EGR\u00c9GIO TRIBUNAL DE JUSTI\u00c7A DO ESTADO DO ESP\u00cdRITO SANTO, NO USO DE SUAS ATRIBUI\u00c7\u00d5ES LEGAIS,<\/p>\n<p style=\"text-align: justify;\">E; TENDO EM VISTA O QUE ESTABELECE A RESOLU\u00c7\u00c3O N\u00ba 03\/05, PUBLICADA NO \u201cDJ\u201d DE 10\/02\/2005, E O <a href=\"https:\/\/www.tjes.jus.br\/corregedoria\/index.php\/2017\/03\/29\/ato-normativo-no-0012005-publ-17032015\/\" target=\"_blank\">ATO NORMATIVO 01\/2005<\/a>, QUE CONSTITUIU COMISS\u00c3O DE MAGISTRADOS COM O FITO DE PRINCIPIAR AS A\u00c7\u00d5ES CONCERNENTES A IMPLEMENTA\u00c7\u00c3O DO \u201cSISTEMA DE COOPERA\u00c7\u00c3O REGIONAL\u201d (MUTIR\u00c3O);<\/p>\n<p style=\"text-align: justify;\"><strong>RESOLVE:<\/strong><\/p>\n<p style=\"text-align: justify;\">1. DESIGNAR os servidores Paulo S\u00e9rgio Campe\u00e3o, Oficial de Justi\u00e7a, Cristina Brunoro Rodrigues Gomes e Angela Maria Pissinati, Escriv\u00e3s Judici\u00e1rias, Rafael Nunes Correa e Rodrigo Furnalete Gon\u00e7alves de Souza, Assessores de Juiz, e os estagi\u00e1rios Rodrigo Bastos Pereira, Guilherme Souza Perdig\u00e3o e Giuliano Monjardim Valls Peccin, para atuarem junto \u00e0 Comiss\u00e3o de Magistrados, designados para o Sistema de Coopera\u00e7\u00e3o regional (Mutir\u00e3o), exercendo as a\u00e7\u00f5es por ela determinadas.<\/p>\n<p style=\"text-align: justify;\">2. Revoga-se o disposto no <a href=\"https:\/\/www.tjes.jus.br\/corregedoria\/index.php\/2017\/03\/29\/ato-normativo-no-0012005-publ-17032015\/\" target=\"_blank\">item 2.5 do Ato Normativo 01\/2005<\/a>.<\/p>\n<p style=\"text-align: justify;\">Publique-se.<\/p>\n<p style=\"text-align: justify;\">Vit\u00f3ria, 18 de mar\u00e7o de 2005.<\/p>\n<p style=\"text-align: center;\"><strong>Desembargador ADALTO DIAS TRIST\u00c3O<\/strong><br \/>\n<strong> Presidente<\/strong><\/p>\n<h2 style=\"text-align: center;\"><span style=\"color: #ff0000;\">ALTERADO PELO <a href=\"https:\/\/www.tjes.jus.br\/corregedoria\/index.php\/2017\/03\/29\/ato-normativo-no-0052005-publ-06042005\/\" target=\"_blank\">ATO NORMATIVO N\u00ba 005\/2005<\/a> &#8211; PUBL. 06\/04\/2005<\/span><\/h2>\n<h2 style=\"text-align: center;\"><span style=\"color: #ff0000;\">ALTERADO PELO\u00a0<a href=\"https:\/\/www.tjes.jus.br\/corregedoria\/index.php\/2017\/03\/31\/ato-normativo-no-0302005-publ-14072005\/\" target=\"_blank\">ATO NORMATIVO N\u00ba 030\/2005<\/a> &#8211; PUBL. 14\/07\/2005<\/span><\/h2>\n","protected":false},"excerpt":{"rendered":"<p>PODER JUDICI\u00c1RIO DO ESTADO DO ESP\u00cdRITO SANTO TRIBUNAL DE JUSTI\u00c7A ATO NORMATIVO 002\/2005 O EXM.\u00ba SR. DESEMBARGADOR ADALTO DIAS TRIST\u00c3O, PRESIDENTE DO EGR\u00c9GIO TRIBUNAL DE JUSTI\u00c7A DO ESTADO DO ESP\u00cdRITO SANTO, NO USO DE SUAS ATRIBUI\u00c7\u00d5ES LEGAIS, E; TENDO EM VISTA O QUE ESTABELECE A RESOLU\u00c7\u00c3O N\u00ba 03\/05, PUBLICADA NO \u201cDJ\u201d DE 10\/02\/2005, E O [&hellip;]<\/p>\n","protected":false},"author":3,"featured_media":0,"comment_status":"open","ping_status":"open","sticky":false,"template":"","format":"standard","meta":{"footnotes":""},"categories":[4,14],"tags":[],"_links":{"self":[{"href":"https:\/\/www.tjes.jus.br\/corregedoria\/wp-json\/wp\/v2\/posts\/13224"}],"collection":[{"href":"https:\/\/www.tjes.jus.br\/corregedoria\/wp-json\/wp\/v2\/posts"}],"about":[{"href":"https:\/\/www.tjes.jus.br\/corregedoria\/wp-json\/wp\/v2\/types\/post"}],"author":[{"embeddable":true,"href":"https:\/\/www.tjes.jus.br\/corregedoria\/wp-json\/wp\/v2\/users\/3"}],"replies":[{"embeddable":true,"href":"https:\/\/www.tjes.jus.br\/corregedoria\/wp-json\/wp\/v2\/comments?post=13224"}],"version-history":[{"count":4,"href":"https:\/\/www.tjes.jus.br\/corregedoria\/wp-json\/wp\/v2\/posts\/13224\/revisions"}],"predecessor-version":[{"id":13334,"href":"https:\/\/www.tjes.jus.br\/corregedoria\/wp-json\/wp\/v2\/posts\/13224\/revisions\/13334"}],"wp:attachment":[{"href":"https:\/\/www.tjes.jus.br\/corregedoria\/wp-json\/wp\/v2\/media?parent=13224"}],"wp:term":[{"taxonomy":"category","embeddable":true,"href":"https:\/\/www.tjes.jus.br\/corregedoria\/wp-json\/wp\/v2\/categories?post=13224"},{"taxonomy":"post_tag","embeddable":true,"href":"https:\/\/www.tjes.jus.br\/corregedoria\/wp-json\/wp\/v2\/tags?post=13224"}],"curies":[{"name":"wp","href":"https:\/\/api.w.org\/{rel}","templated":true}]}}