{"id":13236,"date":"2017-03-29T15:25:54","date_gmt":"2017-03-29T18:25:54","guid":{"rendered":"https:\/\/www.tjes.jus.br\/corregedoria\/?p=13236"},"modified":"2017-03-29T15:25:54","modified_gmt":"2017-03-29T18:25:54","slug":"ato-normativo-no-0052005-publ-06042005","status":"publish","type":"post","link":"https:\/\/www.tjes.jus.br\/corregedoria\/2017\/03\/29\/ato-normativo-no-0052005-publ-06042005\/","title":{"rendered":"ATO NORMATIVO N\u00ba 005\/2005 &#8211; PUBL. 06\/04\/2005"},"content":{"rendered":"<p style=\"text-align: center;\"><strong>PODER JUDICI\u00c1RIO DO ESTADO DO ESP\u00cdRITO SANTO<\/strong><\/p>\n<p style=\"text-align: center;\"><strong>TRIBUNAL DE JUSTI\u00c7A<\/strong><\/p>\n<p style=\"text-align: center;\"><strong>ATO NORMATIVO N\u00ba 005\/2005<\/strong><\/p>\n<p style=\"text-align: justify;\">O EXM\u00ba. SR. DESEMBARGADOR ADALTO DIAS TRIST\u00c3O, PRESIDENTE DO EGR\u00c9GIO TRIBUNAL DE JUSTI\u00c7A DO ESTADO DO ESP\u00cdRITO SANTO, NO USO DE SUAS ATRIBUI\u00c7\u00d5ES, E;<\/p>\n<p style=\"text-align: justify;\">TENDO EM VISTA O QUE ESTABELECE A RESOLU\u00c7\u00c3O N\u00ba 03\/05, PUBLICADA NO \u201cDJ\u201d DE 10\/02\/2005, E OS ATOS NORMATIVOS 001\/2005 E 002\/2005, QUE CONSTITU\u00cdRAM, RESPECTIVAMENTE, COMISS\u00c3O DE MAGISTRADOS E QUADRO DE SERVIDORES COM O FITO DE PRINCIPIAR AS A\u00c7\u00d5ES CONCERNENTES A IMPLEMENTA\u00c7\u00c3O DO \u201cSISTEMA DE COOPERA\u00c7\u00c3O REGIONAL\u201d (MUTIR\u00c3O)<\/p>\n<p style=\"text-align: justify;\"><strong>RESOLVE:<\/strong><\/p>\n<p style=\"text-align: justify;\">1 &#8211; Acrescentar ao quadro de servidores estabelecido pelo <a href=\"https:\/\/www.tjes.jus.br\/corregedoria\/index.php\/2017\/03\/29\/ato-normativo-no-0022005-publ-23032015\/\" target=\"_blank\">Ato Normativo n\u00ba 002\/2005<\/a>, designado para atuar junto a Comiss\u00e3o de Magistrados constitu\u00edda para o \u201cSistema de Coopera\u00e7\u00e3o Regional\u201d, (Mutir\u00e3o), o nome do Sr. Uendel Ribeiro Gonzaga, Oficial de Justi\u00e7a.<\/p>\n<p style=\"text-align: justify;\">Publique-se.<\/p>\n<p style=\"text-align: justify;\">Vit\u00f3ria, 29 de mar\u00e7o de 2005.<\/p>\n<p style=\"text-align: center;\"><strong>Desembargador ADALTO DIAS TRIST\u00c3O<br \/>\nPRESIDENTE<\/strong><\/p>\n","protected":false},"excerpt":{"rendered":"<p>PODER JUDICI\u00c1RIO DO ESTADO DO ESP\u00cdRITO SANTO TRIBUNAL DE JUSTI\u00c7A ATO NORMATIVO N\u00ba 005\/2005 O EXM\u00ba. SR. DESEMBARGADOR ADALTO DIAS TRIST\u00c3O, PRESIDENTE DO EGR\u00c9GIO TRIBUNAL DE JUSTI\u00c7A DO ESTADO DO ESP\u00cdRITO SANTO, NO USO DE SUAS ATRIBUI\u00c7\u00d5ES, E; TENDO EM VISTA O QUE ESTABELECE A RESOLU\u00c7\u00c3O N\u00ba 03\/05, PUBLICADA NO \u201cDJ\u201d DE 10\/02\/2005, E OS [&hellip;]<\/p>\n","protected":false},"author":3,"featured_media":0,"comment_status":"open","ping_status":"open","sticky":false,"template":"","format":"standard","meta":{"footnotes":""},"categories":[4,14],"tags":[],"_links":{"self":[{"href":"https:\/\/www.tjes.jus.br\/corregedoria\/wp-json\/wp\/v2\/posts\/13236"}],"collection":[{"href":"https:\/\/www.tjes.jus.br\/corregedoria\/wp-json\/wp\/v2\/posts"}],"about":[{"href":"https:\/\/www.tjes.jus.br\/corregedoria\/wp-json\/wp\/v2\/types\/post"}],"author":[{"embeddable":true,"href":"https:\/\/www.tjes.jus.br\/corregedoria\/wp-json\/wp\/v2\/users\/3"}],"replies":[{"embeddable":true,"href":"https:\/\/www.tjes.jus.br\/corregedoria\/wp-json\/wp\/v2\/comments?post=13236"}],"version-history":[{"count":1,"href":"https:\/\/www.tjes.jus.br\/corregedoria\/wp-json\/wp\/v2\/posts\/13236\/revisions"}],"predecessor-version":[{"id":13237,"href":"https:\/\/www.tjes.jus.br\/corregedoria\/wp-json\/wp\/v2\/posts\/13236\/revisions\/13237"}],"wp:attachment":[{"href":"https:\/\/www.tjes.jus.br\/corregedoria\/wp-json\/wp\/v2\/media?parent=13236"}],"wp:term":[{"taxonomy":"category","embeddable":true,"href":"https:\/\/www.tjes.jus.br\/corregedoria\/wp-json\/wp\/v2\/categories?post=13236"},{"taxonomy":"post_tag","embeddable":true,"href":"https:\/\/www.tjes.jus.br\/corregedoria\/wp-json\/wp\/v2\/tags?post=13236"}],"curies":[{"name":"wp","href":"https:\/\/api.w.org\/{rel}","templated":true}]}}