{"id":13259,"date":"2017-03-29T15:57:41","date_gmt":"2017-03-29T18:57:41","guid":{"rendered":"https:\/\/www.tjes.jus.br\/corregedoria\/?p=13259"},"modified":"2017-03-29T16:03:58","modified_gmt":"2017-03-29T19:03:58","slug":"ato-normativo-no-0142005-publ-12052005","status":"publish","type":"post","link":"https:\/\/www.tjes.jus.br\/corregedoria\/2017\/03\/29\/ato-normativo-no-0142005-publ-12052005\/","title":{"rendered":"ATO NORMATIVO N\u00ba 014\/2005 &#8211; PUBL. 12\/05\/2005 &#8211; EFEITOS CESSADOS"},"content":{"rendered":"<p style=\"text-align: center;\"><del><strong>PODER JUDICI\u00c1RIO DO ESTADO DO ESP\u00cdRITO SANTO<\/strong><\/del><\/p>\n<p style=\"text-align: center;\"><del><strong>TRIBUNAL DE JUSTI\u00c7A<\/strong><\/del><\/p>\n<p style=\"text-align: center;\"><del><strong>GABINETE DA PRESID\u00caNCIA<\/strong><\/del><\/p>\n<p style=\"text-align: center;\"><del><strong>ATO NORMATIVO N\u00ba 014\/2005<\/strong><\/del><\/p>\n<p style=\"text-align: justify;\"><del>O EXCELENT\u00cdSSIMO SENHOR DESEMBARGADOR ADALTO DIAS TRIST\u00c3O, PRESIDENTE DO EGR\u00c9GIO TRIBUNAL DE JUSTI\u00c7A DO ESTADO DO ESP\u00cdRITO SANTO, NO USO DE SUAS ATRIBUI\u00c7\u00d5ES LEGAIS,<\/del><\/p>\n<p style=\"text-align: justify;\"><del><strong>RESOLVE<\/strong>:<\/del><\/p>\n<p style=\"text-align: justify;\"><del><strong>CESSAR<\/strong>, a pedido, os efeitos do <a href=\"https:\/\/www.tjes.jus.br\/corregedoria\/index.php\/2017\/03\/29\/ato-normativo-no-0012005-publ-17032015\/\" target=\"_blank\">Ato Normativo n\u00ba 001\/05<\/a>, em rela\u00e7\u00e3o ao Dr. Ezequiel Tur\u00edbio, designado para integrar o quadro de Ju\u00edzes que funcionam junto ao Sistema de Coopera\u00e7\u00e3o Regional &#8211; Mutir\u00e3o &#8211; a partir desta data.<\/del><\/p>\n<p style=\"text-align: justify;\"><del>Vit\u00f3ria\/ES, 09 de maio de 2005.<\/del><\/p>\n<p style=\"text-align: center;\"><del><strong>Des. ADALTO DIAS TRIST\u00c3O<br \/>\nPRESIDENTE TJES<\/strong><\/del><\/p>\n<h2 style=\"text-align: center;\"><span style=\"color: #ff0000;\">EFEITOS CESSADOS PELO\u00a0<a href=\"https:\/\/www.tjes.jus.br\/corregedoria\/index.php\/2017\/03\/29\/ato-normativo-no-0152005-publ-19052005\/\" target=\"_blank\">ATO NORMATIVO N\u00ba 015\/2005<\/a> &#8211; PUBL. 19\/05\/2005<\/span><\/h2>\n","protected":false},"excerpt":{"rendered":"<p>PODER JUDICI\u00c1RIO DO ESTADO DO ESP\u00cdRITO SANTO TRIBUNAL DE JUSTI\u00c7A GABINETE DA PRESID\u00caNCIA ATO NORMATIVO N\u00ba 014\/2005 O EXCELENT\u00cdSSIMO SENHOR DESEMBARGADOR ADALTO DIAS TRIST\u00c3O, PRESIDENTE DO EGR\u00c9GIO TRIBUNAL DE JUSTI\u00c7A DO ESTADO DO ESP\u00cdRITO SANTO, NO USO DE SUAS ATRIBUI\u00c7\u00d5ES LEGAIS, RESOLVE: CESSAR, a pedido, os efeitos do Ato Normativo n\u00ba 001\/05, em rela\u00e7\u00e3o ao [&hellip;]<\/p>\n","protected":false},"author":3,"featured_media":0,"comment_status":"open","ping_status":"open","sticky":false,"template":"","format":"standard","meta":{"footnotes":""},"categories":[4,14],"tags":[],"_links":{"self":[{"href":"https:\/\/www.tjes.jus.br\/corregedoria\/wp-json\/wp\/v2\/posts\/13259"}],"collection":[{"href":"https:\/\/www.tjes.jus.br\/corregedoria\/wp-json\/wp\/v2\/posts"}],"about":[{"href":"https:\/\/www.tjes.jus.br\/corregedoria\/wp-json\/wp\/v2\/types\/post"}],"author":[{"embeddable":true,"href":"https:\/\/www.tjes.jus.br\/corregedoria\/wp-json\/wp\/v2\/users\/3"}],"replies":[{"embeddable":true,"href":"https:\/\/www.tjes.jus.br\/corregedoria\/wp-json\/wp\/v2\/comments?post=13259"}],"version-history":[{"count":3,"href":"https:\/\/www.tjes.jus.br\/corregedoria\/wp-json\/wp\/v2\/posts\/13259\/revisions"}],"predecessor-version":[{"id":13265,"href":"https:\/\/www.tjes.jus.br\/corregedoria\/wp-json\/wp\/v2\/posts\/13259\/revisions\/13265"}],"wp:attachment":[{"href":"https:\/\/www.tjes.jus.br\/corregedoria\/wp-json\/wp\/v2\/media?parent=13259"}],"wp:term":[{"taxonomy":"category","embeddable":true,"href":"https:\/\/www.tjes.jus.br\/corregedoria\/wp-json\/wp\/v2\/categories?post=13259"},{"taxonomy":"post_tag","embeddable":true,"href":"https:\/\/www.tjes.jus.br\/corregedoria\/wp-json\/wp\/v2\/tags?post=13259"}],"curies":[{"name":"wp","href":"https:\/\/api.w.org\/{rel}","templated":true}]}}