{"id":13262,"date":"2017-03-29T16:03:33","date_gmt":"2017-03-29T19:03:33","guid":{"rendered":"https:\/\/www.tjes.jus.br\/corregedoria\/?p=13262"},"modified":"2017-03-29T16:03:33","modified_gmt":"2017-03-29T19:03:33","slug":"ato-normativo-no-0152005-publ-19052005","status":"publish","type":"post","link":"https:\/\/www.tjes.jus.br\/corregedoria\/2017\/03\/29\/ato-normativo-no-0152005-publ-19052005\/","title":{"rendered":"ATO NORMATIVO N\u00ba 015\/2005 &#8211; PUBL. 19\/05\/2005"},"content":{"rendered":"<p style=\"text-align: center;\"><strong>PODER JUDICI\u00c1RIO DO ESTADO DO ESP\u00cdRITO SANTO<\/strong><\/p>\n<p style=\"text-align: center;\"><strong>TRIBUNAL DE JUSTI\u00c7A<\/strong><\/p>\n<p style=\"text-align: center;\"><strong>GABINETE DA PRESID\u00caNCIA<\/strong><\/p>\n<p style=\"text-align: center;\"><strong>ATO NORMATIVO N\u00ba 015\/2005<\/strong><\/p>\n<p style=\"text-align: justify;\">EXM\u00ba SR. DESEMBARGADOR JORGE G\u00d3ES COUTINHO, PRESIDENTE EM EXERC\u00cdCIO DO EGR\u00c9GIO TRIBUNAL DE JUSTI\u00c7A DO ESTADO DO ESP\u00cdRITO SANTO, NO USO DE SUAS ATRIBUI\u00c7\u00d5ES LEGAIS,<\/p>\n<p style=\"text-align: justify;\"><strong>RESOLVE<\/strong>:<\/p>\n<p style=\"text-align: justify;\"><strong>TORNAR SEM EFEITO<\/strong> o <a href=\"https:\/\/www.tjes.jus.br\/corregedoria\/index.php\/2017\/03\/29\/ato-normativo-no-0142005-publ-12052005\/\" target=\"_blank\">Ato Normativo n\u00ba 014\/05<\/a>, publicado no \u201cDJ\u201d de 12\/05\/05, que cessou, a pedido, os efeitos do <a href=\"https:\/\/www.tjes.jus.br\/corregedoria\/index.php\/2017\/03\/29\/ato-normativo-no-0012005-publ-17032015\/\" target=\"_blank\">Ato Normativo n\u00ba 001\/05<\/a>, em rela\u00e7\u00e3o ao Dr. Ezequiel Tur\u00edbio, designado para integrar o quadro de Ju\u00edzes que funciona junto ao Sistema de Coopera\u00e7\u00e3o Regional &#8211; Mutir\u00e3o.<\/p>\n<p style=\"text-align: justify;\">Vit\u00f3ria\/ES, 12 de maio de 2005.<\/p>\n<p style=\"text-align: center;\"><strong>Desembargador JORGE G\u00d3ES COUTINHO<br \/>\nPresidente em Exerc\u00edcio<\/strong><\/p>\n","protected":false},"excerpt":{"rendered":"<p>PODER JUDICI\u00c1RIO DO ESTADO DO ESP\u00cdRITO SANTO TRIBUNAL DE JUSTI\u00c7A GABINETE DA PRESID\u00caNCIA ATO NORMATIVO N\u00ba 015\/2005 EXM\u00ba SR. DESEMBARGADOR JORGE G\u00d3ES COUTINHO, PRESIDENTE EM EXERC\u00cdCIO DO EGR\u00c9GIO TRIBUNAL DE JUSTI\u00c7A DO ESTADO DO ESP\u00cdRITO SANTO, NO USO DE SUAS ATRIBUI\u00c7\u00d5ES LEGAIS, RESOLVE: TORNAR SEM EFEITO o Ato Normativo n\u00ba 014\/05, publicado no \u201cDJ\u201d de [&hellip;]<\/p>\n","protected":false},"author":3,"featured_media":0,"comment_status":"open","ping_status":"open","sticky":false,"template":"","format":"standard","meta":{"footnotes":""},"categories":[4,14],"tags":[],"_links":{"self":[{"href":"https:\/\/www.tjes.jus.br\/corregedoria\/wp-json\/wp\/v2\/posts\/13262"}],"collection":[{"href":"https:\/\/www.tjes.jus.br\/corregedoria\/wp-json\/wp\/v2\/posts"}],"about":[{"href":"https:\/\/www.tjes.jus.br\/corregedoria\/wp-json\/wp\/v2\/types\/post"}],"author":[{"embeddable":true,"href":"https:\/\/www.tjes.jus.br\/corregedoria\/wp-json\/wp\/v2\/users\/3"}],"replies":[{"embeddable":true,"href":"https:\/\/www.tjes.jus.br\/corregedoria\/wp-json\/wp\/v2\/comments?post=13262"}],"version-history":[{"count":1,"href":"https:\/\/www.tjes.jus.br\/corregedoria\/wp-json\/wp\/v2\/posts\/13262\/revisions"}],"predecessor-version":[{"id":13263,"href":"https:\/\/www.tjes.jus.br\/corregedoria\/wp-json\/wp\/v2\/posts\/13262\/revisions\/13263"}],"wp:attachment":[{"href":"https:\/\/www.tjes.jus.br\/corregedoria\/wp-json\/wp\/v2\/media?parent=13262"}],"wp:term":[{"taxonomy":"category","embeddable":true,"href":"https:\/\/www.tjes.jus.br\/corregedoria\/wp-json\/wp\/v2\/categories?post=13262"},{"taxonomy":"post_tag","embeddable":true,"href":"https:\/\/www.tjes.jus.br\/corregedoria\/wp-json\/wp\/v2\/tags?post=13262"}],"curies":[{"name":"wp","href":"https:\/\/api.w.org\/{rel}","templated":true}]}}