{"id":13332,"date":"2017-03-31T12:48:37","date_gmt":"2017-03-31T15:48:37","guid":{"rendered":"https:\/\/www.tjes.jus.br\/corregedoria\/?p=13332"},"modified":"2017-03-31T12:48:37","modified_gmt":"2017-03-31T15:48:37","slug":"ato-normativo-no-0302005-publ-14072005","status":"publish","type":"post","link":"https:\/\/www.tjes.jus.br\/corregedoria\/2017\/03\/31\/ato-normativo-no-0302005-publ-14072005\/","title":{"rendered":"ATO NORMATIVO N\u00ba 030\/2005 &#8211; PUBL. 14\/07\/2005"},"content":{"rendered":"<p style=\"text-align: center;\"><strong>PODER JUDICI\u00c1RIO DO ESTADO DO ESP\u00cdRITO SANTO<\/strong><\/p>\n<p style=\"text-align: center;\"><strong>TRIBUNAL DE JUSTI\u00c7A<\/strong><\/p>\n<p style=\"text-align: center;\"><strong>ATO NORMATIVO N\u00ba 30\/2005<\/strong><\/p>\n<p style=\"text-align: justify;\">O Exmo. Sr. Desembargador Adalto Dias Trist\u00e3o, Presidente do Egr\u00e9gio Tribunal de Justi\u00e7a do Estado do Esp\u00edrito Santo, no uso de suas atribui\u00e7\u00f5es, e:<\/p>\n<p style=\"text-align: justify;\">Tendo em vista o que estabelece a <a href=\"https:\/\/www.tjes.jus.br\/corregedoria\/index.php\/2016\/12\/16\/resolucao-no-032005-publ-em-10022005\/\" target=\"_blank\">Resolu\u00e7\u00e3o n\u00ba 03\/05<\/a>, publicada no Di\u00e1rio da Justi\u00e7a de 10\/02\/05, e os <a href=\"https:\/\/www.tjes.jus.br\/corregedoria\/index.php\/2017\/03\/29\/ato-normativo-no-0012005-publ-17032015\/\" target=\"_blank\">Atos Normativos 001\/2005<\/a> e <a href=\"https:\/\/www.tjes.jus.br\/corregedoria\/index.php\/2017\/03\/29\/ato-normativo-no-0022005-publ-23032015\/\" target=\"_blank\">002\/2005<\/a>, que constitu\u00edram, respectivamente, Comiss\u00e3o de Magistrados e quatro de servidores com o fito de principiar as a\u00e7\u00f5es concernentes a implementa\u00e7\u00e3o do \u201cSistema de Coopera\u00e7\u00e3o Regional\u201d (Mutir\u00e3o);<\/p>\n<p style=\"text-align: justify;\"><strong>RESOLVE:<\/strong><\/p>\n<p style=\"text-align: justify;\">Acrescentar ao quadro de servidores estabelecido pelo <a href=\"https:\/\/www.tjes.jus.br\/corregedoria\/index.php\/2017\/03\/29\/ato-normativo-no-0022005-publ-23032015\/\" target=\"_blank\">Ato Normativo n\u00ba 002\/2005<\/a>, designado para atuar junto a Comiss\u00e3o de Magistrados constitu\u00edda para o \u201cSistema de Coopera\u00e7\u00e3o Regional\u201d (Mutir\u00e3o), o nome da Senhora MARIA DAS GRA\u00c7AS LEMOS ABREU, Assessora de Juiz de Direito.<\/p>\n<p style=\"text-align: justify;\"><strong>Publique-se.<\/strong><\/p>\n<p style=\"text-align: justify;\">Vit\u00f3ria, 11 de julho de 2005.<\/p>\n<p style=\"text-align: center;\"><strong>Desembargador ADALTO DIAS TRIST\u00c3O<br \/>\nPresidente<\/strong><\/p>\n","protected":false},"excerpt":{"rendered":"<p>PODER JUDICI\u00c1RIO DO ESTADO DO ESP\u00cdRITO SANTO TRIBUNAL DE JUSTI\u00c7A ATO NORMATIVO N\u00ba 30\/2005 O Exmo. Sr. Desembargador Adalto Dias Trist\u00e3o, Presidente do Egr\u00e9gio Tribunal de Justi\u00e7a do Estado do Esp\u00edrito Santo, no uso de suas atribui\u00e7\u00f5es, e: Tendo em vista o que estabelece a Resolu\u00e7\u00e3o n\u00ba 03\/05, publicada no Di\u00e1rio da Justi\u00e7a de 10\/02\/05, [&hellip;]<\/p>\n","protected":false},"author":3,"featured_media":0,"comment_status":"open","ping_status":"open","sticky":false,"template":"","format":"standard","meta":{"footnotes":""},"categories":[4,14],"tags":[],"_links":{"self":[{"href":"https:\/\/www.tjes.jus.br\/corregedoria\/wp-json\/wp\/v2\/posts\/13332"}],"collection":[{"href":"https:\/\/www.tjes.jus.br\/corregedoria\/wp-json\/wp\/v2\/posts"}],"about":[{"href":"https:\/\/www.tjes.jus.br\/corregedoria\/wp-json\/wp\/v2\/types\/post"}],"author":[{"embeddable":true,"href":"https:\/\/www.tjes.jus.br\/corregedoria\/wp-json\/wp\/v2\/users\/3"}],"replies":[{"embeddable":true,"href":"https:\/\/www.tjes.jus.br\/corregedoria\/wp-json\/wp\/v2\/comments?post=13332"}],"version-history":[{"count":1,"href":"https:\/\/www.tjes.jus.br\/corregedoria\/wp-json\/wp\/v2\/posts\/13332\/revisions"}],"predecessor-version":[{"id":13333,"href":"https:\/\/www.tjes.jus.br\/corregedoria\/wp-json\/wp\/v2\/posts\/13332\/revisions\/13333"}],"wp:attachment":[{"href":"https:\/\/www.tjes.jus.br\/corregedoria\/wp-json\/wp\/v2\/media?parent=13332"}],"wp:term":[{"taxonomy":"category","embeddable":true,"href":"https:\/\/www.tjes.jus.br\/corregedoria\/wp-json\/wp\/v2\/categories?post=13332"},{"taxonomy":"post_tag","embeddable":true,"href":"https:\/\/www.tjes.jus.br\/corregedoria\/wp-json\/wp\/v2\/tags?post=13332"}],"curies":[{"name":"wp","href":"https:\/\/api.w.org\/{rel}","templated":true}]}}