{"id":13397,"date":"2017-03-31T15:15:23","date_gmt":"2017-03-31T18:15:23","guid":{"rendered":"https:\/\/www.tjes.jus.br\/corregedoria\/?p=13397"},"modified":"2017-03-31T15:15:23","modified_gmt":"2017-03-31T18:15:23","slug":"ato-normativo-no-562005-publ-26122005","status":"publish","type":"post","link":"https:\/\/www.tjes.jus.br\/corregedoria\/2017\/03\/31\/ato-normativo-no-562005-publ-26122005\/","title":{"rendered":"ATO NORMATIVO N\u00ba 56\/2005 &#8211; PUBL. 26\/12\/2005"},"content":{"rendered":"<p style=\"text-align: center;\"><strong>PODER JUDICI\u00c1RIO DO ESTADO DO ESP\u00cdRITO SANTO<\/strong><\/p>\n<p style=\"text-align: center;\"><strong>TRIBUNAL DE JUSTI\u00c7A<\/strong><\/p>\n<p style=\"text-align: center;\"><strong>GABINETE DA PRESID\u00caNCIA<\/strong><\/p>\n<p style=\"text-align: center;\"><strong>ATO NORMATIVO N\u00ba 56\/2005<\/strong><\/p>\n<p style=\"text-align: justify;\">O Excelent\u00edssimo Senhor Desembargador ADALTO DIAS TRIST\u00c3O, Presidente do Egr\u00e9gio Tribunal de Justi\u00e7a do Estado do Esp\u00edrito Santo, no uso de suas atribui\u00e7\u00f5es legais, e<\/p>\n<p style=\"text-align: justify;\"><strong>CONSIDERANDO<\/strong> os termos do Of\u00edcio Circular n\u00ba 089\/05.SGV &#8211; DETRAN\/ES., protocolado sob o n\u00ba 2005.00.546.290.<\/p>\n<p style=\"text-align: justify;\"><strong>RESOLVE<\/strong>:<\/p>\n<p style=\"text-align: justify;\"><strong>RECOMENDAR<\/strong> aos Magistrados que requeiram informa\u00e7\u00f5es sobre ve\u00edculos diretamente \u00e0 Circunscri\u00e7\u00e3o regional de Tr\u00e2nsito-CRT de sua Comarca, e n\u00e3o diretamente ao DETRAN\/ES., como vem ocorrendo atualmente na maioria dos casos.<\/p>\n<p style=\"text-align: justify;\">Vit\u00f3ria\/ES., 21 de dezembro de 2005.<\/p>\n<p style=\"text-align: center;\"><strong>Des. ADALTO DIAS TRIST\u00c3O<br \/>\nPRESIDENTE DO TJ\/ES<\/strong><\/p>\n","protected":false},"excerpt":{"rendered":"<p>PODER JUDICI\u00c1RIO DO ESTADO DO ESP\u00cdRITO SANTO TRIBUNAL DE JUSTI\u00c7A GABINETE DA PRESID\u00caNCIA ATO NORMATIVO N\u00ba 56\/2005 O Excelent\u00edssimo Senhor Desembargador ADALTO DIAS TRIST\u00c3O, Presidente do Egr\u00e9gio Tribunal de Justi\u00e7a do Estado do Esp\u00edrito Santo, no uso de suas atribui\u00e7\u00f5es legais, e CONSIDERANDO os termos do Of\u00edcio Circular n\u00ba 089\/05.SGV &#8211; DETRAN\/ES., protocolado sob o [&hellip;]<\/p>\n","protected":false},"author":3,"featured_media":0,"comment_status":"open","ping_status":"open","sticky":false,"template":"","format":"standard","meta":{"footnotes":""},"categories":[4,14],"tags":[],"_links":{"self":[{"href":"https:\/\/www.tjes.jus.br\/corregedoria\/wp-json\/wp\/v2\/posts\/13397"}],"collection":[{"href":"https:\/\/www.tjes.jus.br\/corregedoria\/wp-json\/wp\/v2\/posts"}],"about":[{"href":"https:\/\/www.tjes.jus.br\/corregedoria\/wp-json\/wp\/v2\/types\/post"}],"author":[{"embeddable":true,"href":"https:\/\/www.tjes.jus.br\/corregedoria\/wp-json\/wp\/v2\/users\/3"}],"replies":[{"embeddable":true,"href":"https:\/\/www.tjes.jus.br\/corregedoria\/wp-json\/wp\/v2\/comments?post=13397"}],"version-history":[{"count":1,"href":"https:\/\/www.tjes.jus.br\/corregedoria\/wp-json\/wp\/v2\/posts\/13397\/revisions"}],"predecessor-version":[{"id":13398,"href":"https:\/\/www.tjes.jus.br\/corregedoria\/wp-json\/wp\/v2\/posts\/13397\/revisions\/13398"}],"wp:attachment":[{"href":"https:\/\/www.tjes.jus.br\/corregedoria\/wp-json\/wp\/v2\/media?parent=13397"}],"wp:term":[{"taxonomy":"category","embeddable":true,"href":"https:\/\/www.tjes.jus.br\/corregedoria\/wp-json\/wp\/v2\/categories?post=13397"},{"taxonomy":"post_tag","embeddable":true,"href":"https:\/\/www.tjes.jus.br\/corregedoria\/wp-json\/wp\/v2\/tags?post=13397"}],"curies":[{"name":"wp","href":"https:\/\/api.w.org\/{rel}","templated":true}]}}