{"id":1389,"date":"2016-06-07T13:29:52","date_gmt":"2016-06-07T16:29:52","guid":{"rendered":"http:\/\/10.99.253.4\/corregedoria\/?p=1389"},"modified":"2019-03-11T13:30:31","modified_gmt":"2019-03-11T16:30:31","slug":"ato-normativo-no-1022015-disp-10062015","status":"publish","type":"post","link":"https:\/\/www.tjes.jus.br\/corregedoria\/2016\/06\/07\/ato-normativo-no-1022015-disp-10062015\/","title":{"rendered":"ATO NORMATIVO N\u00ba 102\/2015 &#8211; DISP. 10\/06\/2015 &#8211; ALTERADO"},"content":{"rendered":"<p style=\"text-align: center;\"><strong>ESTADO DO ESP\u00cdRITO SANTO<\/strong><\/p>\n<p style=\"text-align: center;\"><strong>PODER JUDICI\u00c1RIO<\/strong><\/p>\n<p style=\"text-align: center;\"><strong>TRIBUNAL DE JUSTI\u00c7A<\/strong><\/p>\n<p style=\"text-align: center;\"><strong>PRESID\u00caNCIA<\/strong><\/p>\n<p style=\"text-align: center;\"><strong>ATO NORMATIVO N\u00ba 102\/2015<\/strong><\/p>\n<p style=\"text-align: justify;\"><strong>O Exm\u00ba Sr. Desembargador SERGIO BIZZOTTO PESSOA DE MENDON\u00c7A, Presidente deste Egr\u00e9gio Tribunal de Justi\u00e7a do Estado do Esp\u00edrito Santo, no uso de suas atribui\u00e7\u00f5es legais, e<\/strong><\/p>\n<p style=\"text-align: justify;\"><strong>CONSIDERANDO<\/strong> o <a href=\"https:\/\/www.tjes.jus.br\/corregedoria\/index.php\/2016\/06\/09\/ato-normativo-n-0042015-disp-14012015-alterado\/\" target=\"_blank\" rel=\"noopener noreferrer\">Ato Normativo n\u00ba 004\/2015<\/a>, publicado no Di\u00e1rio da Justi\u00e7a de 14\/01\/2015 que autorizou a instala\u00e7\u00e3o do 1\u00ba Centro Judici\u00e1rio de Solu\u00e7\u00e3o de Conflitos e Cidadania &#8211; CEJUSC, nos termos das <a href=\"https:\/\/www.tjes.jus.br\/corregedoria\/index.php\/2016\/09\/14\/resolucao-cnj-no-125-de-29112010\/\" target=\"_blank\" rel=\"noopener noreferrer\">Resolu\u00e7\u00f5es n\u00bas 125 do CNJ<\/a> e <a href=\"https:\/\/www.tjes.jus.br\/corregedoria\/index.php\/2016\/07\/06\/resolucao-no-0172013-disp-13042013\/\" target=\"_blank\" rel=\"noopener noreferrer\">17\/2013 do TJES<\/a>;<\/p>\n<p style=\"text-align: justify;\"><strong>RESOLVE:<\/strong><\/p>\n<p style=\"text-align: justify;\"><strong>INCLUIR <\/strong>as Analistas Judici\u00e1rias <del><strong>PAULA MORGADO HORTA MONJARDIM CAVALCANTI<\/strong>, mat. 200327-22<\/del>\u00a0<strong>(Alterado pelo <a href=\"https:\/\/www.tjes.jus.br\/corregedoria\/2019\/03\/11\/ato-de-exclusao-no-ato-normativo-n-102-2015-disp-11-03-2019\/\" target=\"_blank\" rel=\"noopener\">Ato de Exclus\u00e3o disponibilizado em 11\/03\/2019<\/a>)\u00a0<\/strong>e <strong>LAVINIA VIEIRA DE ANDRADE SOUZA<\/strong>, mat. 207868-94, para atuarem no mencionado Centro<del>, sem preju\u00edzo de suas atuais atribui\u00e7\u00f5es<\/del>. <strong>(Alterado por <a href=\"https:\/\/www.tjes.jus.br\/corregedoria\/index.php\/2016\/06\/07\/exclusao-de-expressao-no-ato-normativo-10215-disp-15062015\/\" target=\"_blank\" rel=\"noopener noreferrer\">Ato de exclus\u00e3o disponibilizado em 15\/06\/2015<\/a>)<\/strong><\/p>\n<p style=\"text-align: justify;\"><strong>EXCLUIR<\/strong> a Analista Judici\u00e1ria <strong>WAL\u00c9RIA MARIA BERMUDES GAVAZZONI<\/strong>, mat. 204881-17.<\/p>\n<p style=\"text-align: justify;\"><strong>PUBLIQUE-SE<\/strong><\/p>\n<p style=\"text-align: justify;\"><strong>Vit\u00f3ria-ES, 09 de junho de 2015.<\/strong><\/p>\n<p style=\"text-align: center;\"><strong>Desembargador SERGIO BIZZOTTO PESSOA DE MENDON\u00c7A<br \/>\nPresidente<\/strong><\/p>\n<h2 style=\"text-align: center;\"><span style=\"color: #ff0000;\">ALTERADO POR <a href=\"https:\/\/www.tjes.jus.br\/corregedoria\/index.php\/2016\/06\/07\/exclusao-de-expressao-no-ato-normativo-10215-disp-15062015\/\" target=\"_blank\" rel=\"noopener noreferrer\">ATO DE EXCLUS\u00c3O<\/a> DISP. EM 15\/06\/2015<\/span><\/h2>\n","protected":false},"excerpt":{"rendered":"<p>ESTADO DO ESP\u00cdRITO SANTO PODER JUDICI\u00c1RIO TRIBUNAL DE JUSTI\u00c7A PRESID\u00caNCIA ATO NORMATIVO N\u00ba 102\/2015 O Exm\u00ba Sr. Desembargador SERGIO BIZZOTTO PESSOA DE MENDON\u00c7A, Presidente deste Egr\u00e9gio Tribunal de Justi\u00e7a do Estado do Esp\u00edrito Santo, no uso de suas atribui\u00e7\u00f5es legais, e CONSIDERANDO o Ato Normativo n\u00ba 004\/2015, publicado no Di\u00e1rio da Justi\u00e7a de 14\/01\/2015 que [&hellip;]<\/p>\n","protected":false},"author":1,"featured_media":0,"comment_status":"open","ping_status":"open","sticky":false,"template":"","format":"standard","meta":{"footnotes":""},"categories":[4,14],"tags":[],"_links":{"self":[{"href":"https:\/\/www.tjes.jus.br\/corregedoria\/wp-json\/wp\/v2\/posts\/1389"}],"collection":[{"href":"https:\/\/www.tjes.jus.br\/corregedoria\/wp-json\/wp\/v2\/posts"}],"about":[{"href":"https:\/\/www.tjes.jus.br\/corregedoria\/wp-json\/wp\/v2\/types\/post"}],"author":[{"embeddable":true,"href":"https:\/\/www.tjes.jus.br\/corregedoria\/wp-json\/wp\/v2\/users\/1"}],"replies":[{"embeddable":true,"href":"https:\/\/www.tjes.jus.br\/corregedoria\/wp-json\/wp\/v2\/comments?post=1389"}],"version-history":[{"count":6,"href":"https:\/\/www.tjes.jus.br\/corregedoria\/wp-json\/wp\/v2\/posts\/1389\/revisions"}],"predecessor-version":[{"id":26491,"href":"https:\/\/www.tjes.jus.br\/corregedoria\/wp-json\/wp\/v2\/posts\/1389\/revisions\/26491"}],"wp:attachment":[{"href":"https:\/\/www.tjes.jus.br\/corregedoria\/wp-json\/wp\/v2\/media?parent=1389"}],"wp:term":[{"taxonomy":"category","embeddable":true,"href":"https:\/\/www.tjes.jus.br\/corregedoria\/wp-json\/wp\/v2\/categories?post=1389"},{"taxonomy":"post_tag","embeddable":true,"href":"https:\/\/www.tjes.jus.br\/corregedoria\/wp-json\/wp\/v2\/tags?post=1389"}],"curies":[{"name":"wp","href":"https:\/\/api.w.org\/{rel}","templated":true}]}}