{"id":13907,"date":"2017-04-06T16:23:59","date_gmt":"2017-04-06T19:23:59","guid":{"rendered":"https:\/\/www.tjes.jus.br\/corregedoria\/?p=13907"},"modified":"2017-04-11T12:50:04","modified_gmt":"2017-04-11T15:50:04","slug":"ato-normativo-no-1262007-publ-07112007","status":"publish","type":"post","link":"https:\/\/www.tjes.jus.br\/corregedoria\/2017\/04\/06\/ato-normativo-no-1262007-publ-07112007\/","title":{"rendered":"ATO NORMATIVO N\u00ba 126\/2007 &#8211; PUBL. 07\/11\/2007 &#8211; ALTERADO"},"content":{"rendered":"<p style=\"text-align: center;\"><strong>ESTADO DO ESP\u00cdRITO SANTO<\/strong><\/p>\n<p style=\"text-align: center;\"><strong>PODER JUDICI\u00c1RIO<\/strong><\/p>\n<p style=\"text-align: center;\"><strong>TRIBUNAL DE JUSTI\u00c7A<\/strong><\/p>\n<p style=\"text-align: center;\"><strong>GABINETE DA PRESID\u00caNCIA<\/strong><\/p>\n<p style=\"text-align: center;\"><strong>ATO NORMATIVO N.\u00ba 126\/2007<\/strong><\/p>\n<p style=\"text-align: justify;\"><strong>EMENTA<\/strong> &#8211; <em>Estabelece procedimento a ser observado durante o per\u00edodo de recesso forense &#8211; 20\/12\/2007 a 06\/01\/2008, e d\u00e1 outras provid\u00eancias.<\/em><\/p>\n<p style=\"text-align: justify;\">O EXCELENT\u00cdSSIMO SENHOR DESEMBARGADOR JORGE GOES COUTINHO, PRESIDENTE DO EGR\u00c9GIO TRIBUNAL DE JUSTI\u00c7A DO ESTADO DO ESP\u00cdRITO SANTO, NO USO DE SUAS ATRIBUI\u00c7\u00d5ES LEGAIS, E<\/p>\n<p style=\"text-align: justify;\"><strong>CONSIDERANDO<\/strong> a decis\u00e3o plen\u00e1rio do Egr\u00e9gio Tribunal Pleno nos autos do Processo Administrativo n\u00ba 2005.00.607.850, em sess\u00e3o realizada no dia 19\/12\/2005, que estabeleceu crit\u00e9rio para distribui\u00e7\u00e3o e redistribui\u00e7\u00e3o de feitos durante o per\u00edodo de recesso forense;<\/p>\n<p style=\"text-align: justify;\"><strong>CONSIDERANDO<\/strong> que esta Presid\u00eancia corrobora com o mesmo entendimento anteriormente consolidado;<\/p>\n<p style=\"text-align: justify;\"><strong>CONSIDERANDO<\/strong> que cabe ao Presidente do Egr\u00e9gio Tribunal de Justi\u00e7a, na qualidade de Chefe m\u00e1ximo do Poder Judici\u00e1rio Estadual, superintender os trabalhos judici\u00e1rios.<\/p>\n<p style=\"text-align: justify;\"><strong>RESOLVE<\/strong>:<\/p>\n<p style=\"text-align: justify;\"><strong>Art. 1\u00ba<\/strong>. <strong>DETERMINAR<\/strong> que as Secretarias de C\u00e2maras do Egr\u00e9gio Tribunal de Justi\u00e7a se abstenham de proceder a remessa de autos j\u00e1 distribu\u00eddos para redistribui\u00e7\u00e3o ao Conselho Superior da Magistratura, no per\u00edodo de per\u00edodo de recesso forense, compreendido entre 20\/12\/2007 a 06\/01\/2008.<\/p>\n<p style=\"text-align: justify;\">Par\u00e1grafo \u00fanico. O envio de autos em grau de recurso pelos Juizados ao Tribunal de Justi\u00e7a dever\u00e1 se proceder at\u00e9 o dia 14\/12\/2007, \u00e0 exce\u00e7\u00e3o de quando se tratar de causa de natureza urgente.<\/p>\n<p style=\"text-align: justify;\"><strong>Art. 2\u00ba<\/strong>. <strong>ESCLARECER<\/strong> que no per\u00edodo de recesso supramencionado as causas consideradas urgentes correr\u00e3o perante o Conselho Superior da Magistratura, ficando as demais no aguardo de distribui\u00e7\u00e3o normal, que ocorrer\u00e1 no primeiro dia \u00fatil imediatamente seguinte ao t\u00e9rmino do recesso.<\/p>\n<p style=\"text-align: justify;\"><del><strong>Art. 3\u00ba<\/strong>. Este Ato entra em vigor na data de sua publica\u00e7\u00e3o.<\/del><\/p>\n<p style=\"text-align: justify;\"><strong>Art. 3\u00ba &#8211;<\/strong> Fica determinado \u00e0s Secretarias de C\u00e2maras que remetam para redistribui\u00e7\u00e3o \u00e0 Diretoria Judici\u00e1ria de Registro e Distribui\u00e7\u00e3o, as medidas de natureza urgente (Habeas-corpus, agravos, mandado de seguran\u00e7a e outros), que tenham pedido de car\u00e1ter liminar a ser apreciado. <strong>(Alterado pelo <a href=\"https:\/\/www.tjes.jus.br\/corregedoria\/index.php\/2017\/04\/11\/ato-normativo-no-1592007-publ-26122007\/\" target=\"_blank\">Ato Normativo n\u00ba 159\/2007<\/a>, publicado em 26\/12\/2007)<\/strong><\/p>\n<p style=\"text-align: justify;\"><del><strong>Art. 4\u00ba<\/strong>. Revogam-se as disposi\u00e7\u00f5es em contr\u00e1rio.<\/del><\/p>\n<p style=\"text-align: justify;\"><strong>Art. 4\u00ba.<\/strong> Este Ato entra em vigor na data de sua publica\u00e7\u00e3o. <strong>(Alterado pelo <a href=\"https:\/\/www.tjes.jus.br\/corregedoria\/index.php\/2017\/04\/11\/ato-normativo-no-1592007-publ-26122007\/\" target=\"_blank\">Ato Normativo n\u00ba 159\/2007<\/a>, publicado em 26\/12\/2007)<\/strong><\/p>\n<p style=\"text-align: justify;\"><strong>Art. 5\u00ba<\/strong>. Revogam-se as disposi\u00e7\u00f5es em contr\u00e1rio. <strong>(Alterado pelo <a href=\"https:\/\/www.tjes.jus.br\/corregedoria\/index.php\/2017\/04\/11\/ato-normativo-no-1592007-publ-26122007\/\" target=\"_blank\">Ato Normativo n\u00ba 159\/2007<\/a>, publicado em 26\/12\/2007)<\/strong><\/p>\n<p style=\"text-align: justify;\"><strong>PUBLIQUE-SE.<\/strong><\/p>\n<p style=\"text-align: justify;\"><strong>CUMPRA-SE.<\/strong><\/p>\n<p style=\"text-align: justify;\">Vit\u00f3ria\/ES, 05 de novembro de 2007.<\/p>\n<p style=\"text-align: center;\"><strong>Desembargador JORGE GOES COUTINHO<br \/>\nPRESIDENTE DO TJES<\/strong><\/p>\n<h2 style=\"text-align: center;\"><span style=\"color: #ff0000;\">ALTERADO PELO\u00a0<a href=\"https:\/\/www.tjes.jus.br\/corregedoria\/index.php\/2017\/04\/11\/ato-normativo-no-1592007-publ-26122007\/\" target=\"_blank\">ATO NORMATIVO N\u00ba 159\/2007<\/a> &#8211; PUBL. 26\/12\/2007<\/span><\/h2>\n","protected":false},"excerpt":{"rendered":"<p>ESTADO DO ESP\u00cdRITO SANTO PODER JUDICI\u00c1RIO TRIBUNAL DE JUSTI\u00c7A GABINETE DA PRESID\u00caNCIA ATO NORMATIVO N.\u00ba 126\/2007 EMENTA &#8211; Estabelece procedimento a ser observado durante o per\u00edodo de recesso forense &#8211; 20\/12\/2007 a 06\/01\/2008, e d\u00e1 outras provid\u00eancias. O EXCELENT\u00cdSSIMO SENHOR DESEMBARGADOR JORGE GOES COUTINHO, PRESIDENTE DO EGR\u00c9GIO TRIBUNAL DE JUSTI\u00c7A DO ESTADO DO ESP\u00cdRITO SANTO, [&hellip;]<\/p>\n","protected":false},"author":3,"featured_media":0,"comment_status":"open","ping_status":"open","sticky":false,"template":"","format":"standard","meta":{"footnotes":""},"categories":[4,14],"tags":[],"_links":{"self":[{"href":"https:\/\/www.tjes.jus.br\/corregedoria\/wp-json\/wp\/v2\/posts\/13907"}],"collection":[{"href":"https:\/\/www.tjes.jus.br\/corregedoria\/wp-json\/wp\/v2\/posts"}],"about":[{"href":"https:\/\/www.tjes.jus.br\/corregedoria\/wp-json\/wp\/v2\/types\/post"}],"author":[{"embeddable":true,"href":"https:\/\/www.tjes.jus.br\/corregedoria\/wp-json\/wp\/v2\/users\/3"}],"replies":[{"embeddable":true,"href":"https:\/\/www.tjes.jus.br\/corregedoria\/wp-json\/wp\/v2\/comments?post=13907"}],"version-history":[{"count":3,"href":"https:\/\/www.tjes.jus.br\/corregedoria\/wp-json\/wp\/v2\/posts\/13907\/revisions"}],"predecessor-version":[{"id":14009,"href":"https:\/\/www.tjes.jus.br\/corregedoria\/wp-json\/wp\/v2\/posts\/13907\/revisions\/14009"}],"wp:attachment":[{"href":"https:\/\/www.tjes.jus.br\/corregedoria\/wp-json\/wp\/v2\/media?parent=13907"}],"wp:term":[{"taxonomy":"category","embeddable":true,"href":"https:\/\/www.tjes.jus.br\/corregedoria\/wp-json\/wp\/v2\/categories?post=13907"},{"taxonomy":"post_tag","embeddable":true,"href":"https:\/\/www.tjes.jus.br\/corregedoria\/wp-json\/wp\/v2\/tags?post=13907"}],"curies":[{"name":"wp","href":"https:\/\/api.w.org\/{rel}","templated":true}]}}