{"id":1391,"date":"2016-06-07T13:30:38","date_gmt":"2016-06-07T16:30:38","guid":{"rendered":"http:\/\/10.99.253.4\/corregedoria\/?p=1391"},"modified":"2017-07-27T14:09:22","modified_gmt":"2017-07-27T17:09:22","slug":"exclusao-de-expressao-no-ato-normativo-10215-disp-15062015","status":"publish","type":"post","link":"https:\/\/www.tjes.jus.br\/corregedoria\/2016\/06\/07\/exclusao-de-expressao-no-ato-normativo-10215-disp-15062015\/","title":{"rendered":"EXCLUS\u00c3O DE EXPRESS\u00c3O NO ATO NORMATIVO 102\/2015 &#8211; DISP. 15\/06\/2015"},"content":{"rendered":"<p align=\"CENTER\"><strong>ESTADO DO ESP\u00cdRITO SANTO<\/strong><\/p>\n<p align=\"CENTER\"><strong>PODER JUDICI\u00c1RIO<\/strong><\/p>\n<p align=\"CENTER\"><strong>TRIBUNAL DE JUSTI\u00c7A<\/strong><\/p>\n<p align=\"CENTER\"><strong>PRESID\u00caNCIA<\/strong><\/p>\n<p style=\"text-align: justify;\" align=\"JUSTIFY\"><strong>EXCLUS\u00c3O ASSINADA PELO EXCELENT\u00cdSSIMO SENHOR DESEMBARGADOR PRESIDENTE DO EGR\u00c9GIO TRIBUNAL DE JUSTI\u00c7A DO ESP\u00cdRITO SANTO.<\/strong><\/p>\n<p style=\"text-align: justify;\" align=\"JUSTIFY\">Na reda\u00e7\u00e3o do <a href=\"https:\/\/www.tjes.jus.br\/corregedoria\/index.php\/2016\/06\/07\/ato-normativo-no-1022015-disp-10062015\/\" target=\"_blank\" rel=\"noopener noreferrer\">Ato Normativo n\u00ba 102\/2015<\/a>, publicado no Di\u00e1rio da Justi\u00e7a de 10\/06\/2015, que incluiu as servidoras Paula Morgado Horta Monjardim Cavalcanti e\u00a0Lavinia Vieira de Andrade Souza, para atuarem no Centro Judici\u00e1rio de Solu\u00e7\u00e3o de Conflitos e Cidadania \u2013 CEJUSC.<\/p>\n<p style=\"text-align: justify;\" align=\"JUSTIFY\"><strong>EXCLUIR A EXPRESS\u00c3O:\u00a0<\/strong>sem preju\u00edzo de suas atuais atribui\u00e7\u00f5es.<\/p>\n<p style=\"text-align: justify;\"><strong>P U B L I Q U E &#8211; SE<\/strong><\/p>\n<p style=\"text-align: justify;\" align=\"JUSTIFY\"><strong>Vit\u00f3ria-ES, 12 de junho de 2015.<\/strong><\/p>\n<p style=\"text-align: center;\" align=\"CENTER\"><strong>Desembargador SERGIO BIZZOTTO PESSOA DE MENDON\u00c7A<br \/>\n<\/strong><strong>Presidente<\/strong><\/p>\n","protected":false},"excerpt":{"rendered":"<p>ESTADO DO ESP\u00cdRITO SANTO PODER JUDICI\u00c1RIO TRIBUNAL DE JUSTI\u00c7A PRESID\u00caNCIA EXCLUS\u00c3O ASSINADA PELO EXCELENT\u00cdSSIMO SENHOR DESEMBARGADOR PRESIDENTE DO EGR\u00c9GIO TRIBUNAL DE JUSTI\u00c7A DO ESP\u00cdRITO SANTO. Na reda\u00e7\u00e3o do Ato Normativo n\u00ba 102\/2015, publicado no Di\u00e1rio da Justi\u00e7a de 10\/06\/2015, que incluiu as servidoras Paula Morgado Horta Monjardim Cavalcanti e\u00a0Lavinia Vieira de Andrade Souza, para atuarem [&hellip;]<\/p>\n","protected":false},"author":1,"featured_media":0,"comment_status":"open","ping_status":"open","sticky":false,"template":"","format":"standard","meta":{"footnotes":""},"categories":[4,14],"tags":[],"_links":{"self":[{"href":"https:\/\/www.tjes.jus.br\/corregedoria\/wp-json\/wp\/v2\/posts\/1391"}],"collection":[{"href":"https:\/\/www.tjes.jus.br\/corregedoria\/wp-json\/wp\/v2\/posts"}],"about":[{"href":"https:\/\/www.tjes.jus.br\/corregedoria\/wp-json\/wp\/v2\/types\/post"}],"author":[{"embeddable":true,"href":"https:\/\/www.tjes.jus.br\/corregedoria\/wp-json\/wp\/v2\/users\/1"}],"replies":[{"embeddable":true,"href":"https:\/\/www.tjes.jus.br\/corregedoria\/wp-json\/wp\/v2\/comments?post=1391"}],"version-history":[{"count":3,"href":"https:\/\/www.tjes.jus.br\/corregedoria\/wp-json\/wp\/v2\/posts\/1391\/revisions"}],"predecessor-version":[{"id":17350,"href":"https:\/\/www.tjes.jus.br\/corregedoria\/wp-json\/wp\/v2\/posts\/1391\/revisions\/17350"}],"wp:attachment":[{"href":"https:\/\/www.tjes.jus.br\/corregedoria\/wp-json\/wp\/v2\/media?parent=1391"}],"wp:term":[{"taxonomy":"category","embeddable":true,"href":"https:\/\/www.tjes.jus.br\/corregedoria\/wp-json\/wp\/v2\/categories?post=1391"},{"taxonomy":"post_tag","embeddable":true,"href":"https:\/\/www.tjes.jus.br\/corregedoria\/wp-json\/wp\/v2\/tags?post=1391"}],"curies":[{"name":"wp","href":"https:\/\/api.w.org\/{rel}","templated":true}]}}