{"id":14204,"date":"2017-04-17T15:36:53","date_gmt":"2017-04-17T18:36:53","guid":{"rendered":"https:\/\/www.tjes.jus.br\/corregedoria\/?p=14204"},"modified":"2017-05-19T13:25:47","modified_gmt":"2017-05-19T16:25:47","slug":"ato-normativo-no-0742008-publ-19092008","status":"publish","type":"post","link":"https:\/\/www.tjes.jus.br\/corregedoria\/2017\/04\/17\/ato-normativo-no-0742008-publ-19092008\/","title":{"rendered":"ATO NORMATIVO N\u00ba 074\/2008 &#8211; PUBL. 19\/09\/2008 &#8211; REVOGADO"},"content":{"rendered":"<p style=\"text-align: center;\"><del><strong>PODER JUDICI\u00c1RIO DO ESTADO DO ESP\u00cdRITO SANTO<\/strong><\/del><\/p>\n<p style=\"text-align: center;\"><del><strong>TRIBUNAL DE JUSTI\u00c7A<\/strong><\/del><\/p>\n<p style=\"text-align: center;\"><del><strong>GABINETE DA PRESID\u00caNCIA<\/strong><\/del><\/p>\n<p style=\"text-align: center;\"><del><strong>ATO NORMATIVO N\u00ba 074\/2008<\/strong><\/del><\/p>\n<p style=\"text-align: justify;\"><del><em>Disp\u00f5e sobre a modifica\u00e7\u00e3o da escala de f\u00e9rias dos servidores do Egr\u00e9gio Tribunal de Justi\u00e7a e d\u00e1 outras provid\u00eancias.<\/em><\/del><\/p>\n<p style=\"text-align: justify;\"><del>O Desembargador FREDERICO GUILHERME PIMENTEL, Presidente do Egr\u00e9gio Tribunal de Justi\u00e7a do Estado do Esp\u00edrito Santo, no uso de suas atribui\u00e7\u00f5es legais, e<\/del><\/p>\n<p style=\"text-align: justify;\"><del><strong>CONSIDERANDO<\/strong> a necessidade de sistematiza\u00e7\u00e3o e de atualiza\u00e7\u00e3o das normas administrativas referentes \u00e0 escala de f\u00e9rias e ao gozo parcial pelos servidores submetidos \u00e0 Secretaria do Egr\u00e9gio Tribunal de Justi\u00e7a;<\/del><\/p>\n<p style=\"text-align: justify;\"><del><strong>CONSIDERANDO<\/strong> que compete ao Presidente do Egr\u00e9gio Tribunal de Justi\u00e7a conceder f\u00e9rias aos servidores da Secretaria do Tribunal de Justi\u00e7a (art. 136, letra b, do C\u00f3digo de Organiza\u00e7\u00e3o Judici\u00e1ria).<\/del><\/p>\n<p style=\"text-align: justify;\"><del><strong>RESOLVE<\/strong>:<\/del><\/p>\n<p style=\"text-align: justify;\"><del><strong>Art. 1\u00ba <\/strong>&#8211; Fica delegada ao Diretor Geral da Secretaria do Egr\u00e9gio Tribunal de Justi\u00e7a a compet\u00eancia para conceder, suspender e transferir as f\u00e9rias dos servidores da Secretaria do Tribunal de Justi\u00e7a.<\/del><\/p>\n<p style=\"text-align: justify;\"><del><strong>Art. 2\u00ba <\/strong>&#8211; \u00c9 vedada a modifica\u00e7\u00e3o, a transfer\u00eancia e a suspens\u00e3o da escala de f\u00e9rias dos servidores da Secretaria do Tribunal de Justi\u00e7a, salvo quando comprovada imperiosa necessidade do servi\u00e7o p\u00fablico, assim reconhecida por decis\u00e3o pr\u00e9via do Diretor Geral da Secretaria.<\/del><\/p>\n<p style=\"text-align: justify;\"><del>\u00a7 1\u00ba &#8211; A solicita\u00e7\u00e3o para suspens\u00e3o, transfer\u00eancia ou modifica\u00e7\u00e3o da escala de f\u00e9rias dever\u00e1 ser acompanhada de manifesta\u00e7\u00e3o escrita e objetivamente motivada pela Chefia do Setor a que esteja vinculado o servidor.<\/del><\/p>\n<p style=\"text-align: justify;\"><del>\u00a7 2\u00ba &#8211; A modifica\u00e7\u00e3o da escala de f\u00e9rias dever\u00e1 ser protocolada com anteced\u00eancia m\u00ednima de 30 (trinta) dias, utilizando o servidor o formul\u00e1rio padr\u00e3o deste Tribunal.<\/del><\/p>\n<p style=\"text-align: justify;\"><del><strong>Art. 3\u00ba <\/strong>&#8211; O in\u00edcio do gozo de f\u00e9rias dos servidores da Secretaria do Tribunal de Justi\u00e7a ocorrer\u00e1 impreterivelmente no m\u00eas indicado na escala de f\u00e9rias anual publicada no Di\u00e1rio da Justi\u00e7a, sob pena de perda do direito ao gozo ou \u00e0 indeniza\u00e7\u00e3o, salvo a hip\u00f3tese de reconhecimento, pelo Diretor Geral, da ocorr\u00eancia de imperiosa necessidade de servi\u00e7o, prevista no art. 2\u00ba deste ato normativo.<\/del><\/p>\n<p style=\"text-align: justify;\"><del>\u00a7 1\u00ba &#8211; O servidor dever\u00e1 protocolizar com anteced\u00eancia m\u00ednima de 10 (dez) dias o formul\u00e1rio padr\u00e3o deste Tribunal, indicando o dia em que iniciar\u00e1 o gozo das f\u00e9rias, com a ci\u00eancia de seu chefe imediato.<\/del><\/p>\n<p style=\"text-align: justify;\"><del><strong>Art. 4\u00ba <\/strong>&#8211; A Administra\u00e7\u00e3o poder\u00e1 autorizar o gozo parcial das f\u00e9rias, exclusivamente em 02 (dois) per\u00edodos de 15 (quinze) dias cada, a serem usufru\u00eddos impreterivelmente dentro do mesmo exerc\u00edcio, desde que o requerimento do servidor, apresentado com a anteced\u00eancia m\u00ednima prevista no \u00a7 2\u00ba do art. 2\u00ba deste ato, esteja acompanhado da precisa indica\u00e7\u00e3o dos per\u00edodos em que pretende usufrui-las.<\/del><\/p>\n<p style=\"text-align: justify;\"><del><strong>Art. 5\u00ba <\/strong>&#8211; O servidor que possuir f\u00e9rias acumuladas na forma do art. 115, caput, da Lei Complementar n\u00ba 46\/94 poder\u00e1 goz\u00e1-las por um per\u00edodo m\u00e1ximo de 30 (trinta) dias, sem preju\u00edzo das f\u00e9rias regulares do exerc\u00edcio, desde que haja anu\u00eancia pr\u00e9via da chefia a que estiver vinculado.<\/del><\/p>\n<p style=\"text-align: justify;\"><del>\u00a7 1\u00ba &#8211; Na hip\u00f3tese prevista no caput, sendo dois os per\u00edodos de f\u00e9rias acumulados, ser\u00e1 considerado sempre o mais antigo para efeito de gozo pelo servidor, o que n\u00e3o afasta a necessidade de gozo das f\u00e9rias regulares do exerc\u00edcio.<\/del><\/p>\n<p style=\"text-align: justify;\"><del><strong>Art. 6\u00ba <\/strong>&#8211; Os casos omissos, em que n\u00e3o houver expressa previs\u00e3o neste Ato Normativo ou na Lei Complementar n\u00ba 46\/94 (artigos 118 a 120), ser\u00e3o resolvidos pelo Presidente do Tribunal de Justi\u00e7a.<\/del><\/p>\n<p style=\"text-align: justify;\"><del><strong>Art. 7\u00ba <\/strong>&#8211; Este Ato Normativo entra em vigor na data de sua publica\u00e7\u00e3o, revogando as disposi\u00e7\u00f5es em contr\u00e1rio, especialmente o <a href=\"https:\/\/www.tjes.jus.br\/corregedoria\/index.php\/2017\/04\/04\/ato-normativo-no-0622006-publ-15122006\/\" target=\"_blank\">Ato Normativo n\u00ba 62\/2006<\/a> (DJ 15\/12\/2006).<\/del><\/p>\n<p style=\"text-align: justify;\"><del><strong>PUBLIQUE-SE<\/strong>.<\/del><\/p>\n<p style=\"text-align: justify;\"><del><strong>CUMPRA-SE<\/strong>.<\/del><\/p>\n<p style=\"text-align: justify;\"><del>Vit\u00f3ria, 16 de setembro de 2008.<\/del><\/p>\n<p style=\"text-align: center;\"><del><strong>Desembargador FREDERICO GUILHERME PIMENTEL<br \/>\nPRESIDENTE<\/strong><\/del><\/p>\n<h2 style=\"text-align: center;\"><span style=\"color: #ff0000;\">REVOGADO PELO\u00a0<a href=\"https:\/\/www.tjes.jus.br\/corregedoria\/index.php\/2016\/08\/26\/ato-normativo-no-0892012-disp-26072012\/\" target=\"_blank\">ATO NORMATIVO N\u00ba 089\/2012<\/a> &#8211; DISP. 26\/07\/2012<\/span><\/h2>\n","protected":false},"excerpt":{"rendered":"<p>PODER JUDICI\u00c1RIO DO ESTADO DO ESP\u00cdRITO SANTO TRIBUNAL DE JUSTI\u00c7A GABINETE DA PRESID\u00caNCIA ATO NORMATIVO N\u00ba 074\/2008 Disp\u00f5e sobre a modifica\u00e7\u00e3o da escala de f\u00e9rias dos servidores do Egr\u00e9gio Tribunal de Justi\u00e7a e d\u00e1 outras provid\u00eancias. O Desembargador FREDERICO GUILHERME PIMENTEL, Presidente do Egr\u00e9gio Tribunal de Justi\u00e7a do Estado do Esp\u00edrito Santo, no uso de [&hellip;]<\/p>\n","protected":false},"author":3,"featured_media":0,"comment_status":"open","ping_status":"open","sticky":false,"template":"","format":"standard","meta":{"footnotes":""},"categories":[4,14],"tags":[],"_links":{"self":[{"href":"https:\/\/www.tjes.jus.br\/corregedoria\/wp-json\/wp\/v2\/posts\/14204"}],"collection":[{"href":"https:\/\/www.tjes.jus.br\/corregedoria\/wp-json\/wp\/v2\/posts"}],"about":[{"href":"https:\/\/www.tjes.jus.br\/corregedoria\/wp-json\/wp\/v2\/types\/post"}],"author":[{"embeddable":true,"href":"https:\/\/www.tjes.jus.br\/corregedoria\/wp-json\/wp\/v2\/users\/3"}],"replies":[{"embeddable":true,"href":"https:\/\/www.tjes.jus.br\/corregedoria\/wp-json\/wp\/v2\/comments?post=14204"}],"version-history":[{"count":2,"href":"https:\/\/www.tjes.jus.br\/corregedoria\/wp-json\/wp\/v2\/posts\/14204\/revisions"}],"predecessor-version":[{"id":15522,"href":"https:\/\/www.tjes.jus.br\/corregedoria\/wp-json\/wp\/v2\/posts\/14204\/revisions\/15522"}],"wp:attachment":[{"href":"https:\/\/www.tjes.jus.br\/corregedoria\/wp-json\/wp\/v2\/media?parent=14204"}],"wp:term":[{"taxonomy":"category","embeddable":true,"href":"https:\/\/www.tjes.jus.br\/corregedoria\/wp-json\/wp\/v2\/categories?post=14204"},{"taxonomy":"post_tag","embeddable":true,"href":"https:\/\/www.tjes.jus.br\/corregedoria\/wp-json\/wp\/v2\/tags?post=14204"}],"curies":[{"name":"wp","href":"https:\/\/api.w.org\/{rel}","templated":true}]}}