{"id":14240,"date":"2017-04-17T16:16:40","date_gmt":"2017-04-17T19:16:40","guid":{"rendered":"https:\/\/www.tjes.jus.br\/corregedoria\/?p=14240"},"modified":"2017-04-17T16:28:16","modified_gmt":"2017-04-17T19:28:16","slug":"ato-normativo-no-0882008-publ-23102008","status":"publish","type":"post","link":"https:\/\/www.tjes.jus.br\/corregedoria\/2017\/04\/17\/ato-normativo-no-0882008-publ-23102008\/","title":{"rendered":"ATO NORMATIVO N\u00ba 088\/2008 &#8211; PUBL. 23\/10\/2008 &#8211; ALTERADO"},"content":{"rendered":"<p style=\"text-align: center;\"><strong>PODER JUDICI\u00c1RIO DO ESTADO DO ESP\u00cdRITO SANTO<\/strong><\/p>\n<p style=\"text-align: center;\"><strong>TRIBUNAL DE JUSTI\u00c7A<\/strong><\/p>\n<p style=\"text-align: center;\"><strong>ATO NORMATIVO 88\/2008<\/strong><\/p>\n<p>O Excelent\u00edssimo Senhor Desembargador Frederico Guilherme Pimentel, DD. Presidente do Tribunal de Justi\u00e7a do Estado do Esp\u00edrito Santo, no uso de suas atribui\u00e7\u00f5es legais,<\/p>\n<p><strong>CONSIDERANDO<\/strong> que cabe ao Presidente do Egr\u00e9gio Tribunal de Justi\u00e7a, na qualidade de Chefe do Poder Judici\u00e1rio Estadual, superintender os trabalhos judici\u00e1rios e administrativos;<\/p>\n<p><strong>CONSIDERANDO<\/strong> a realiza\u00e7\u00e3o da Semana Nacional de Mobiliza\u00e7\u00e3o pelo Registro Civil de Nascimento, a se realizar no per\u00edodo de 17 a 21 de novembro do corrente ano, por determina\u00e7\u00e3o do Plen\u00e1rio do Conselho Nacional de Justi\u00e7a, no julgamento do Pedido de Provid\u00eancias n\u00ba 20080000017182;<\/p>\n<p><strong>RESOLVE:<\/strong><\/p>\n<p>1. Fica constitu\u00edda a Comiss\u00e3o de Mobiliza\u00e7\u00e3o pelo Registro Civil de Nascimento, que ser\u00e1 composta pelos Exm\u00bas Srs. Ju\u00edzes de Direito Dr\u00aa Janete Vargas Sim\u00f5es (Coordenadora), Dr. Lyrio Regis Lyrio e Dr. F\u00e1bio Brasil Nery, e pelos servidores Mariana Reis Moraes, Ralph Oliveira Marques Junior, Saionara Almeida de Jesus Alvarenga, Lucidalva Gomes da Silva, Livia Benevenuto Soares e Andr\u00eassa D&#8217;Angelo Alcuri.<\/p>\n<p>2. Os atos complementares para a execu\u00e7\u00e3o do presente poder\u00e3o ser baixados pela Comiss\u00e3o.<\/p>\n<p>3. A equipe de servidores destacados para apoio aos magistrados poder\u00e1 praticar os atos necess\u00e1rios \u00e0 tramita\u00e7\u00e3o dos feitos.<\/p>\n<p>4. A execu\u00e7\u00e3o das tarefas pelos Exmos. Magistrados ocorrer\u00e1 sem preju\u00edzo de suas fun\u00e7\u00f5es judicantes nos ju\u00edzos a que respondem .<\/p>\n<p><strong>Publique-se.<\/strong><\/p>\n<p>Vit\u00f3ria, 20 de outubro de 2008.<\/p>\n<p style=\"text-align: center;\"><strong>Des. Frederico Guilherme Pimentel<\/strong><br \/>\n<strong> Presidente<\/strong><\/p>\n<h2 style=\"text-align: center;\"><span style=\"color: #ff0000;\">ALTERADO PELO\u00a0<a href=\"https:\/\/www.tjes.jus.br\/corregedoria\/index.php\/2017\/04\/17\/ato-normativo-no-0942008-publ-17112008\/\" target=\"_blank\">ATO NORMATIVO N\u00ba 094\/2008<\/a> &#8211; PUBL. 17\/11\/2008<\/span><\/h2>\n","protected":false},"excerpt":{"rendered":"<p>PODER JUDICI\u00c1RIO DO ESTADO DO ESP\u00cdRITO SANTO TRIBUNAL DE JUSTI\u00c7A ATO NORMATIVO 88\/2008 O Excelent\u00edssimo Senhor Desembargador Frederico Guilherme Pimentel, DD. Presidente do Tribunal de Justi\u00e7a do Estado do Esp\u00edrito Santo, no uso de suas atribui\u00e7\u00f5es legais, CONSIDERANDO que cabe ao Presidente do Egr\u00e9gio Tribunal de Justi\u00e7a, na qualidade de Chefe do Poder Judici\u00e1rio Estadual, [&hellip;]<\/p>\n","protected":false},"author":3,"featured_media":0,"comment_status":"open","ping_status":"open","sticky":false,"template":"","format":"standard","meta":{"footnotes":""},"categories":[4,14],"tags":[],"_links":{"self":[{"href":"https:\/\/www.tjes.jus.br\/corregedoria\/wp-json\/wp\/v2\/posts\/14240"}],"collection":[{"href":"https:\/\/www.tjes.jus.br\/corregedoria\/wp-json\/wp\/v2\/posts"}],"about":[{"href":"https:\/\/www.tjes.jus.br\/corregedoria\/wp-json\/wp\/v2\/types\/post"}],"author":[{"embeddable":true,"href":"https:\/\/www.tjes.jus.br\/corregedoria\/wp-json\/wp\/v2\/users\/3"}],"replies":[{"embeddable":true,"href":"https:\/\/www.tjes.jus.br\/corregedoria\/wp-json\/wp\/v2\/comments?post=14240"}],"version-history":[{"count":3,"href":"https:\/\/www.tjes.jus.br\/corregedoria\/wp-json\/wp\/v2\/posts\/14240\/revisions"}],"predecessor-version":[{"id":14256,"href":"https:\/\/www.tjes.jus.br\/corregedoria\/wp-json\/wp\/v2\/posts\/14240\/revisions\/14256"}],"wp:attachment":[{"href":"https:\/\/www.tjes.jus.br\/corregedoria\/wp-json\/wp\/v2\/media?parent=14240"}],"wp:term":[{"taxonomy":"category","embeddable":true,"href":"https:\/\/www.tjes.jus.br\/corregedoria\/wp-json\/wp\/v2\/categories?post=14240"},{"taxonomy":"post_tag","embeddable":true,"href":"https:\/\/www.tjes.jus.br\/corregedoria\/wp-json\/wp\/v2\/tags?post=14240"}],"curies":[{"name":"wp","href":"https:\/\/api.w.org\/{rel}","templated":true}]}}