{"id":14253,"date":"2017-04-17T16:27:17","date_gmt":"2017-04-17T19:27:17","guid":{"rendered":"https:\/\/www.tjes.jus.br\/corregedoria\/?p=14253"},"modified":"2017-04-17T16:27:17","modified_gmt":"2017-04-17T19:27:17","slug":"ato-normativo-no-0942008-publ-17112008","status":"publish","type":"post","link":"https:\/\/www.tjes.jus.br\/corregedoria\/2017\/04\/17\/ato-normativo-no-0942008-publ-17112008\/","title":{"rendered":"ATO NORMATIVO N\u00ba 094\/2008 &#8211; PUBL. 17\/11\/2008"},"content":{"rendered":"<p style=\"text-align: center;\"><strong>PODER JUDICI\u00c1RIO DO ESTADO DO ESP\u00cdRITO SANTO<\/strong><\/p>\n<p style=\"text-align: center;\"><strong>TRIBUNAL DE JUSTI\u00c7A<\/strong><\/p>\n<p style=\"text-align: center;\"><strong>ATO NORMATIVO 94\/2008<\/strong><\/p>\n<p style=\"text-align: justify;\">O Excelent\u00edssimo Senhor Desembargador FREDERICO GUILHERME PIMENTEL, DD Presidente do Egr\u00e9gio Tribunal de Justi\u00e7a do Estado do Esp\u00edrito Santo, no uso de suas atribui\u00e7\u00f5es legais, e<\/p>\n<p style=\"text-align: justify;\"><strong>CONSIDERANDO<\/strong> o disposto no Art. 58 da Resolu\u00e7\u00e3o n\u00ba 15\/95 &#8211; Regimento Interno do Tribunal de Justi\u00e7a do Estado do Esp\u00edrito Santo, que atribui ao Presidente do Tribunal de Justi\u00e7a a compet\u00eancia geral para exercer a superintend\u00eancia de todo o servi\u00e7o judici\u00e1rio, na qualidade de Chefe da Magistratura do Estado;<\/p>\n<p style=\"text-align: justify;\"><strong>CONSIDERANDO<\/strong> a realiza\u00e7\u00e3o da Semana Nacional de Mobiliza\u00e7\u00e3o pelo Registro Civil de Nascimento, a se realizar no per\u00edodo de 17 a 21 de novembro do corrente ano, por determina\u00e7\u00e3o da decis\u00e3o proferida pelo Plen\u00e1rio do Conselho Nacional de Justi\u00e7a, no julgamento do Pedido de Provid\u00eancias n\u00ba 20080000017182;<\/p>\n<p style=\"text-align: justify;\"><strong>RESOLVE<\/strong>:<\/p>\n<p style=\"text-align: justify;\"><strong>INCLUIR<\/strong> o nome da Dra. Gladys Henriques Pinheiro, MM\u00aa. Ju\u00edza de Direito da 1\u00aa Vara da Inf\u00e2ncia e Juventude de Serra, na composi\u00e7\u00e3o da Comiss\u00e3o de Mobiliza\u00e7\u00e3o pelo Registro Civil de Nascimento, constitu\u00edda pelo <a href=\"https:\/\/www.tjes.jus.br\/corregedoria\/index.php\/2017\/04\/17\/ato-normativo-no-0882008-publ-23102008\/\" target=\"_blank\">Ato Normativo n\u00ba 88\/2008<\/a>, publicado em 23 de outubro de 2008.<\/p>\n<p style=\"text-align: justify;\"><strong>Publique-se<\/strong>.<\/p>\n<p style=\"text-align: justify;\">Vit\u00f3ria, 11 de novembro de 2008.<\/p>\n<p style=\"text-align: center;\"><strong>Desembargador FREDERICO GUILHERME PIMENTEL<br \/>\nPresidente<\/strong><\/p>\n","protected":false},"excerpt":{"rendered":"<p>PODER JUDICI\u00c1RIO DO ESTADO DO ESP\u00cdRITO SANTO TRIBUNAL DE JUSTI\u00c7A ATO NORMATIVO 94\/2008 O Excelent\u00edssimo Senhor Desembargador FREDERICO GUILHERME PIMENTEL, DD Presidente do Egr\u00e9gio Tribunal de Justi\u00e7a do Estado do Esp\u00edrito Santo, no uso de suas atribui\u00e7\u00f5es legais, e CONSIDERANDO o disposto no Art. 58 da Resolu\u00e7\u00e3o n\u00ba 15\/95 &#8211; Regimento Interno do Tribunal de [&hellip;]<\/p>\n","protected":false},"author":3,"featured_media":0,"comment_status":"open","ping_status":"open","sticky":false,"template":"","format":"standard","meta":{"footnotes":""},"categories":[4,14],"tags":[],"_links":{"self":[{"href":"https:\/\/www.tjes.jus.br\/corregedoria\/wp-json\/wp\/v2\/posts\/14253"}],"collection":[{"href":"https:\/\/www.tjes.jus.br\/corregedoria\/wp-json\/wp\/v2\/posts"}],"about":[{"href":"https:\/\/www.tjes.jus.br\/corregedoria\/wp-json\/wp\/v2\/types\/post"}],"author":[{"embeddable":true,"href":"https:\/\/www.tjes.jus.br\/corregedoria\/wp-json\/wp\/v2\/users\/3"}],"replies":[{"embeddable":true,"href":"https:\/\/www.tjes.jus.br\/corregedoria\/wp-json\/wp\/v2\/comments?post=14253"}],"version-history":[{"count":1,"href":"https:\/\/www.tjes.jus.br\/corregedoria\/wp-json\/wp\/v2\/posts\/14253\/revisions"}],"predecessor-version":[{"id":14254,"href":"https:\/\/www.tjes.jus.br\/corregedoria\/wp-json\/wp\/v2\/posts\/14253\/revisions\/14254"}],"wp:attachment":[{"href":"https:\/\/www.tjes.jus.br\/corregedoria\/wp-json\/wp\/v2\/media?parent=14253"}],"wp:term":[{"taxonomy":"category","embeddable":true,"href":"https:\/\/www.tjes.jus.br\/corregedoria\/wp-json\/wp\/v2\/categories?post=14253"},{"taxonomy":"post_tag","embeddable":true,"href":"https:\/\/www.tjes.jus.br\/corregedoria\/wp-json\/wp\/v2\/tags?post=14253"}],"curies":[{"name":"wp","href":"https:\/\/api.w.org\/{rel}","templated":true}]}}