{"id":1427,"date":"2016-06-07T13:44:49","date_gmt":"2016-06-07T16:44:49","guid":{"rendered":"http:\/\/10.99.253.4\/corregedoria\/?p=1427"},"modified":"2024-10-14T13:41:44","modified_gmt":"2024-10-14T16:41:44","slug":"ato-normativo-no-0852015-disp-27052015","status":"publish","type":"post","link":"https:\/\/www.tjes.jus.br\/corregedoria\/2016\/06\/07\/ato-normativo-no-0852015-disp-27052015\/","title":{"rendered":"ATO NORMATIVO N\u00ba 085\/2015 &#8211; DISP. 27\/05\/2015 &#8211; ALTERADO"},"content":{"rendered":"<h4 align=\"center\"><span style=\"color: #ff0000;\"><strong>ALTERADO PELO <a href=\"https:\/\/www.tjes.jus.br\/corregedoria\/2024\/10\/14\/ato-normativo-no-226-2024-disp-14-10-2024\/\">ATO NORMATIVO 226\/2024 <\/a>DISP. 14\/10\/2024<\/strong><\/span><\/h4>\n<h4 align=\"center\"><span style=\"color: #ff0000;\"><strong>ALTERADO PELO <a href=\"https:\/\/www.tjes.jus.br\/corregedoria\/2024\/08\/08\/ato-normativo-no-174-2024-disp-07-08-2024\/\">ATO NORMATIVO 174\/2024<\/a> DISP. 07\/08\/2024<\/strong><\/span><\/h4>\n<p style=\"text-align: center;\" align=\"center\"><strong>ESTADO DO ESP\u00cdRITO SANTO<\/strong><\/p>\n<p style=\"text-align: center;\" align=\"center\"><strong>PODER JUDICI\u00c1RIO<\/strong><\/p>\n<p style=\"text-align: center;\" align=\"center\"><strong>TRIBUNAL DE JUSTI\u00c7A<\/strong><\/p>\n<p style=\"text-align: center;\" align=\"center\"><strong>GABINETE DA PRESID\u00caNCIA<\/strong><\/p>\n<p style=\"text-align: center;\" align=\"center\"><strong>ATO NORMATIVO<\/strong> <strong>N\u00ba 085\/2015<\/strong><\/p>\n<p style=\"text-align: justify;\">O <strong>Excelent\u00edssimo Senhor Desembargador SERGIO BIZZOTTO PESSOA DE MENDON\u00c7A<\/strong>, Presidente do Egr\u00e9gio Tribunal de Justi\u00e7a do Estado do Esp\u00edrito Santo, no uso de suas atribui\u00e7\u00f5es legais,<\/p>\n<p style=\"text-align: justify;\"><strong>Considerando <\/strong>que compete a este Desembargador Presidente, enquanto ordenador de despesas, gerir as contas deste egr\u00e9gio Tribunal de Justi\u00e7a;<\/p>\n<p style=\"text-align: justify;\"><strong>Considerando <\/strong>que os cortes pelo Poder Executivo na proposta or\u00e7ament\u00e1ria apresentada por este Poder Judici\u00e1rio para o ano de 2015 foram significativos e que, por consequ\u00eancia, geram a necessidade de ado\u00e7\u00e3o de medidas de conten\u00e7\u00e3o de gastos, especialmente no que concerne \u00e0 rubrica de pessoal;<\/p>\n<p style=\"text-align: justify;\"><strong>Considerando <\/strong>que a previs\u00e3o da Receita Corrente L\u00edquida Estadual para o ano de 2015 exige extrema cautela em rela\u00e7\u00e3o ao limite de gasto com pessoal estabelecido no artigo 20, inciso II, al\u00ednea \u201c<i>b<\/i>\u201d, da Lei de Responsabilidade Fiscal.<\/p>\n<p style=\"text-align: justify;\"><strong>Considerando <\/strong>que a n\u00e3o ado\u00e7\u00e3o dessas medidas pode gerar responsabilidade para os gestores deste Poder Judici\u00e1rio, tendo em vista as regras estabelecidas na Lei de Responsabilidade Fiscal;<\/p>\n<p style=\"text-align: justify;\"><strong>Considerando <\/strong>que o crit\u00e9rio adotado no <a href=\"https:\/\/www.tjes.jus.br\/corregedoria\/index.php\/2016\/06\/07\/ato-normativo-no-0752015-disp-11052015-revogado\/\" target=\"_blank\" rel=\"noopener noreferrer\">Ato Normativo 75\/2015<\/a>, publicado em 11 de maio de 2015, n\u00e3o \u00e9 suficiente para alcan\u00e7ar os resultados esperados por esta medida;<\/p>\n<p style=\"text-align: justify;\"><strong>Considerando <\/strong>o fato de que o plano de a\u00e7\u00e3o excepcional foi concebido a partir de premissas que preservam a ess\u00eancia do funcionamento das unidades jurisdicionais e administrativas deste Poder, notadamente pela circunst\u00e2ncia de manter inalterado o trato continuativo das fun\u00e7\u00f5es e atividades decis\u00f3rias, bem como pela considera\u00e7\u00e3o das singularidades identificadas.<\/p>\n<p style=\"text-align: justify;\"><strong>RESOLVE:<\/strong><\/p>\n<p style=\"text-align: justify;\"><del><strong>Art. 1\u00ba. <\/strong>Autorizar as substitui\u00e7\u00f5es em caso de afastamentos e impedimentos legais <strong>apenas <\/strong>para os seguintes cargos comissionados e fun\u00e7\u00f5es gratificadas de:<\/del><\/p>\n<p style=\"text-align: justify;\"><del>I. chefes de secretaria;<\/del><\/p>\n<p style=\"text-align: justify;\"><del>II. chefes de contadoria;<\/del><\/p>\n<p style=\"text-align: justify;\"><del>III. diretores de secretaria;<\/del><\/p>\n<p style=\"text-align: justify;\"><del>IV. chefe de secretaria do col\u00e9gio recursal;<\/del><\/p>\n<p style=\"text-align: justify;\"><del>V. chefe de se\u00e7\u00e3o de protocolo e distribui\u00e7\u00e3o;<\/del><\/p>\n<p style=\"text-align: justify;\"><del>VI. chefe de se\u00e7\u00e3o da central de mandados;<\/del><\/p>\n<p style=\"text-align: justify;\"><del>VII. secret\u00e1rios da \u00e1rea administrativa do Tribunal de Justi\u00e7a.<\/del><\/p>\n<p><del>VIII &#8211;\u00a0Coordenadores da \u00e1rea administrativa do Tribunal de Justi\u00e7a. (<span style=\"color: #ff0000;\">INCLUIDO PELO <a href=\"https:\/\/www.tjes.jus.br\/corregedoria\/2022\/07\/29\/ato-normativo-no-098-2022-disp-29-07-2022\/\">ATO NORMATIVO\u00a0N\u00ba 098\/2022<\/a> DISP. 29\/07\/2022<span style=\"color: #000000;\">)<\/span><\/span><\/del><\/p>\n<p align=\"justify\"><del>IX &#8211;\u00a0Chefe de Gabinete da Corregedoria.<\/del><\/p>\n<p align=\"justify\"><del>X &#8211; Assessor de Planejamento e Fiscaliza\u00e7\u00e3o das Serventias Judiciais e Extrajudiciais.\u00a0 \u00a0(<span style=\"color: #ff0000;\">INCLUIDO PELO <a href=\"https:\/\/www.tjes.jus.br\/corregedoria\/2022\/10\/27\/ato-normativo-no-200-2022-disp-27-10-2022\/\">ATO NORMATIVO\u00a0N\u00ba 200\/2022<\/a> DISP. 27\/10\/2022<span style=\"color: #000000;\">)<\/span><\/span><\/del><\/p>\n<p align=\"justify\"><strong>Art. 1\u00ba.\u00a0<\/strong>Autorizar as substitui\u00e7\u00f5es em caso de afastamentos e impedimentos legais\u00a0<strong>apenas\u00a0<\/strong>para os seguintes cargos comissionados e fun\u00e7\u00f5es gratificadas de: <span style=\"color: #ff0000;\"><strong>ALTERADO PELO <a href=\"https:\/\/www.tjes.jus.br\/corregedoria\/2024\/08\/08\/ato-normativo-no-174-2024-disp-07-08-2024\/\">ATO NORMATIVO 174\/2024<\/a> DISP. 07\/08\/2024<\/strong><\/span><\/p>\n<p align=\"justify\">I. Diretores de Secretaria Judici\u00e1ria;<\/p>\n<p align=\"justify\">II. Diretores de Secretaria;<\/p>\n<p align=\"justify\">III. Secret\u00e1rios da \u00e1rea administrativa do Tribunal de Justi\u00e7a;<\/p>\n<p align=\"justify\">IV. Coordenadores da \u00e1rea administrativa do Tribunal de Justi\u00e7a;<\/p>\n<p align=\"justify\">V. Chefe de Gabinete da Corregedoria;<\/p>\n<p align=\"justify\">VI. Assessor de Planejamento e Fiscaliza\u00e7\u00e3o das Serventias Judiciais e Extrajudiciais;<\/p>\n<p align=\"justify\">VII. Chefes de Contadoria;<\/p>\n<p align=\"justify\">VIII. Chefes de Se\u00e7\u00e3o de Protocolo e Distribui\u00e7\u00e3o;<\/p>\n<p align=\"justify\">IX. Chefes de Se\u00e7\u00e3o da Central de Mandados;<\/p>\n<p align=\"justify\">X &#8211; Chefe de Se\u00e7\u00e3o do N\u00facleo de Processamento de Recursos Eletr\u00f4nicos. <span style=\"color: #ff0000;\"><strong>INCLU\u00cdDO PELO <a href=\"https:\/\/www.tjes.jus.br\/corregedoria\/2024\/10\/14\/ato-normativo-no-226-2024-disp-14-10-2024\/\">ATO NORMATIVO 226\/2024 <\/a>DISP. 14\/10\/2024<\/strong><\/span><\/p>\n<p style=\"text-align: justify;\"><strong>Art. 2\u00ba. <\/strong>Vedar as substitui\u00e7\u00f5es para os demais cargos e fun\u00e7\u00f5es at\u00e9 ulterior delibera\u00e7\u00e3o, \u00e0 exce\u00e7\u00e3o dos seguintes casos:<\/p>\n<p style=\"text-align: justify;\">I. servidoras afastadas para licen\u00e7a maternidade, lacta\u00e7\u00e3o e ado\u00e7\u00e3o;<\/p>\n<p style=\"text-align: justify;\">II. servidores afastados por mais de 30 dias por motivo de tratamento da pr\u00f3pria sa\u00fade.<\/p>\n<p style=\"text-align: justify;\"><strong>Art. 3\u00ba. <\/strong>A Secretaria de Gest\u00e3o de Pessoas est\u00e1 autorizada a instruir e processar os requerimentos de indica\u00e7\u00e3o e de pagamento das substitui\u00e7\u00f5es dos cargos n\u00e3o previstos no art. 1\u00ba, protocolizados em data anterior \u00e0 data de publica\u00e7\u00e3o deste Ato Normativo.<\/p>\n<p style=\"text-align: justify;\"><strong>Art. 4\u00ba.<\/strong> Revoga-se o <a href=\"https:\/\/www.tjes.jus.br\/corregedoria\/index.php\/2016\/06\/07\/ato-normativo-no-0752015-disp-11052015-revogado\/\" target=\"_blank\" rel=\"noopener noreferrer\">Ato Normativo 75\/2015<\/a>, de 11 de maio de 2015.<\/p>\n<p style=\"text-align: justify;\"><strong>Art. 5\u00ba. <\/strong>Este Ato Normativo entra em vigor na data de sua publica\u00e7\u00e3o.<\/p>\n<p style=\"text-align: justify;\" align=\"center\">Vit\u00f3ria, 26 de maio de 2015.<\/p>\n<p style=\"text-align: center;\" align=\"center\"><strong>Desembargador S\u00e9rgio Bizzotto Pessoa de Mendon\u00e7a<br \/>\nPresidente do TJES<\/strong><\/p>\n","protected":false},"excerpt":{"rendered":"<p>ALTERADO PELO ATO NORMATIVO 226\/2024 DISP. 14\/10\/2024 ALTERADO PELO ATO NORMATIVO 174\/2024 DISP. 07\/08\/2024 ESTADO DO ESP\u00cdRITO SANTO PODER JUDICI\u00c1RIO TRIBUNAL DE JUSTI\u00c7A GABINETE DA PRESID\u00caNCIA ATO NORMATIVO N\u00ba 085\/2015 O Excelent\u00edssimo Senhor Desembargador SERGIO BIZZOTTO PESSOA DE MENDON\u00c7A, Presidente do Egr\u00e9gio Tribunal de Justi\u00e7a do Estado do Esp\u00edrito Santo, no uso de suas atribui\u00e7\u00f5es [&hellip;]<\/p>\n","protected":false},"author":1,"featured_media":0,"comment_status":"open","ping_status":"open","sticky":false,"template":"","format":"standard","meta":{"footnotes":""},"categories":[4,14],"tags":[],"_links":{"self":[{"href":"https:\/\/www.tjes.jus.br\/corregedoria\/wp-json\/wp\/v2\/posts\/1427"}],"collection":[{"href":"https:\/\/www.tjes.jus.br\/corregedoria\/wp-json\/wp\/v2\/posts"}],"about":[{"href":"https:\/\/www.tjes.jus.br\/corregedoria\/wp-json\/wp\/v2\/types\/post"}],"author":[{"embeddable":true,"href":"https:\/\/www.tjes.jus.br\/corregedoria\/wp-json\/wp\/v2\/users\/1"}],"replies":[{"embeddable":true,"href":"https:\/\/www.tjes.jus.br\/corregedoria\/wp-json\/wp\/v2\/comments?post=1427"}],"version-history":[{"count":12,"href":"https:\/\/www.tjes.jus.br\/corregedoria\/wp-json\/wp\/v2\/posts\/1427\/revisions"}],"predecessor-version":[{"id":41372,"href":"https:\/\/www.tjes.jus.br\/corregedoria\/wp-json\/wp\/v2\/posts\/1427\/revisions\/41372"}],"wp:attachment":[{"href":"https:\/\/www.tjes.jus.br\/corregedoria\/wp-json\/wp\/v2\/media?parent=1427"}],"wp:term":[{"taxonomy":"category","embeddable":true,"href":"https:\/\/www.tjes.jus.br\/corregedoria\/wp-json\/wp\/v2\/categories?post=1427"},{"taxonomy":"post_tag","embeddable":true,"href":"https:\/\/www.tjes.jus.br\/corregedoria\/wp-json\/wp\/v2\/tags?post=1427"}],"curies":[{"name":"wp","href":"https:\/\/api.w.org\/{rel}","templated":true}]}}