{"id":14299,"date":"2017-04-17T17:43:22","date_gmt":"2017-04-17T20:43:22","guid":{"rendered":"https:\/\/www.tjes.jus.br\/corregedoria\/?p=14299"},"modified":"2017-04-20T13:51:15","modified_gmt":"2017-04-20T16:51:15","slug":"ato-conjunto-no-052009-publ-30032009","status":"publish","type":"post","link":"https:\/\/www.tjes.jus.br\/corregedoria\/2017\/04\/17\/ato-conjunto-no-052009-publ-30032009\/","title":{"rendered":"ATO CONJUNTO N\u00ba 05\/2009 &#8211; PUBL. 30\/03\/2009 &#8211; REVOGADO"},"content":{"rendered":"<p style=\"text-align: center;\"><del><strong>PODER JUDICI\u00c1RIO DO ESTADO DO ESP\u00cdRITO SANTO<\/strong><\/del><\/p>\n<p style=\"text-align: center;\"><del><strong>TRIBUNAL DE JUSTI\u00c7A<\/strong><\/del><\/p>\n<p style=\"text-align: center;\"><del><strong>DIRETORIA JUDICI\u00c1RIA ADMINISTRATIVA<\/strong><\/del><\/p>\n<p style=\"text-align: center;\"><del><strong>ATO CONJUNTO N\u00ba 05\/2009<\/strong><\/del><\/p>\n<p style=\"text-align: justify;\"><del>O Excelent\u00edssimo Senhor Desembargador \u00c1LVARO MANOEL ROSINDO BOURGUIGNON, Presidente, em exerc\u00edcio, do Egr\u00e9gio Tribunal de Justi\u00e7a do Estado do Esp\u00edrito Santo, juntamente com o Excelent\u00edssimo Senhor Desembargador ROMULO TADDEI, Dign\u00edssimo Corregedor Geral da Justi\u00e7a, no uso de suas atribui\u00e7\u00f5es legais,<\/del><\/p>\n<p style=\"text-align: justify;\"><del><strong>RESOLVEM:<\/strong><\/del><\/p>\n<p style=\"text-align: justify;\"><del>CONSTITUIR A COMISS\u00c3O PARA ELABORA\u00c7\u00c3O DE TERMO DE REFER\u00caNCIA VISANDO A AQUISI\u00c7\u00c3O E IMPLANTA\u00c7\u00c3O DO SISTEMA INTEGRADO DE GEST\u00c3O DE RECURSOS HUMANOS E FOLHA DE PAGAMENTO DO PODER JUDICI\u00c1RIO DO ESTADO DO ESP\u00cdRITO SANTO, COMPOSTA POR ANA PAULA GIRELI BISSI (CPD), VIRG\u00cdNIA HEMERLY (CPD), ROG\u00c9RIO TAVARES ALVES (CPD), PEDRO LINHARES AYRES (CPD), MARIA DA PENHA CARVALHO (DIRETORIA JUDICI\u00c1RIA ADMINISTRATIVA), CINTIA VAREJ\u00c3O RIBEIRO DE FREITAS (DIRETORIA ADMINISTRATIVA), GISLANE BREZINSKI PINHEIRO (DIRETORIA JUDICI\u00c1RIA ADMINISTRATIVA), MARCOS ROSI MARINHO (CGI &#8211; CORREGEDORIA), FERNANDA NOGUEIRA QUEIROZ (CORREGEDORIA), SIMONE DE BARROS SANTOS HERKENHOFF (CORREGEDORIA), DANIELA COUTINHO DUARTE (CORREGEDORIA), KATIA SANTOS CARDOSO DE MENDON\u00c7A (DIRETORIA JUDICI\u00c1RIA DE PAGAMENTO DE PESSOAL), ROSELY GEGENHEIMER CARDOSO (DIRETORIA JUDICI\u00c1RIA DE PAGAMENTO DE PESSOAL) E MARIA CRISTINA AQUINO VIDIGAL (DIRETORIA JUDICI\u00c1RIA DE PAGAMENTO DE PESSOAL). DESIGNANDO COMO PRESIDENTE O SR. MARCOS ROSI MARINHO E, NA CIRCUNST\u00c2NCIA DE AUS\u00caNCIA, PRESIDIR\u00c1 A SR\u00aa. ANA PAULA GIRELI BISSI.<\/del><\/p>\n<p style=\"text-align: justify;\"><del><strong>PUBLIQUE-SE<\/strong>.<\/del><\/p>\n<p style=\"text-align: justify;\"><del>Vit\u00f3ria-ES, 19 de mar\u00e7o de 2009.<\/del><\/p>\n<p style=\"text-align: center;\"><del><strong>Desembargador \u00c1LVARO MANOEL ROSINDO BOURGUIGNON<br \/>\nPresidente<\/strong><\/del><\/p>\n<p style=\"text-align: center;\"><del><strong>Desembargador ROMULO TADDEI<br \/>\nCorregedor<\/strong><\/del><\/p>\n<h2 style=\"text-align: center;\"><span style=\"color: #ff0000;\">REVOGADO PELO\u00a0<a href=\"https:\/\/www.tjes.jus.br\/corregedoria\/index.php\/2017\/04\/20\/ato-normativo-conjunto-no-062010-publ-19052010\/\" target=\"_blank\">ATO NORMATIVO CONJUNTO N\u00ba 06\/2010<\/a> &#8211; PUBL. 19\/05\/2010<\/span><\/h2>\n","protected":false},"excerpt":{"rendered":"<p>PODER JUDICI\u00c1RIO DO ESTADO DO ESP\u00cdRITO SANTO TRIBUNAL DE JUSTI\u00c7A DIRETORIA JUDICI\u00c1RIA ADMINISTRATIVA ATO CONJUNTO N\u00ba 05\/2009 O Excelent\u00edssimo Senhor Desembargador \u00c1LVARO MANOEL ROSINDO BOURGUIGNON, Presidente, em exerc\u00edcio, do Egr\u00e9gio Tribunal de Justi\u00e7a do Estado do Esp\u00edrito Santo, juntamente com o Excelent\u00edssimo Senhor Desembargador ROMULO TADDEI, Dign\u00edssimo Corregedor Geral da Justi\u00e7a, no uso de suas [&hellip;]<\/p>\n","protected":false},"author":3,"featured_media":0,"comment_status":"open","ping_status":"open","sticky":false,"template":"","format":"standard","meta":{"footnotes":""},"categories":[4,14],"tags":[],"_links":{"self":[{"href":"https:\/\/www.tjes.jus.br\/corregedoria\/wp-json\/wp\/v2\/posts\/14299"}],"collection":[{"href":"https:\/\/www.tjes.jus.br\/corregedoria\/wp-json\/wp\/v2\/posts"}],"about":[{"href":"https:\/\/www.tjes.jus.br\/corregedoria\/wp-json\/wp\/v2\/types\/post"}],"author":[{"embeddable":true,"href":"https:\/\/www.tjes.jus.br\/corregedoria\/wp-json\/wp\/v2\/users\/3"}],"replies":[{"embeddable":true,"href":"https:\/\/www.tjes.jus.br\/corregedoria\/wp-json\/wp\/v2\/comments?post=14299"}],"version-history":[{"count":2,"href":"https:\/\/www.tjes.jus.br\/corregedoria\/wp-json\/wp\/v2\/posts\/14299\/revisions"}],"predecessor-version":[{"id":14541,"href":"https:\/\/www.tjes.jus.br\/corregedoria\/wp-json\/wp\/v2\/posts\/14299\/revisions\/14541"}],"wp:attachment":[{"href":"https:\/\/www.tjes.jus.br\/corregedoria\/wp-json\/wp\/v2\/media?parent=14299"}],"wp:term":[{"taxonomy":"category","embeddable":true,"href":"https:\/\/www.tjes.jus.br\/corregedoria\/wp-json\/wp\/v2\/categories?post=14299"},{"taxonomy":"post_tag","embeddable":true,"href":"https:\/\/www.tjes.jus.br\/corregedoria\/wp-json\/wp\/v2\/tags?post=14299"}],"curies":[{"name":"wp","href":"https:\/\/api.w.org\/{rel}","templated":true}]}}