{"id":1449,"date":"2016-06-07T13:57:27","date_gmt":"2016-06-07T16:57:27","guid":{"rendered":"http:\/\/10.99.253.4\/corregedoria\/?p=1449"},"modified":"2017-07-05T15:38:51","modified_gmt":"2017-07-05T18:38:51","slug":"ato-normativo-no-0752015-disp-11052015-revogado","status":"publish","type":"post","link":"https:\/\/www.tjes.jus.br\/corregedoria\/2016\/06\/07\/ato-normativo-no-0752015-disp-11052015-revogado\/","title":{"rendered":"ATO NORMATIVO N\u00ba 075\/2015 &#8211; DISP. 11\/05\/2015 &#8211; REVOGADO"},"content":{"rendered":"<p style=\"text-align: center;\"><del><strong>ESTADO DO ESP\u00cdRITO SANTO<\/strong><\/del><\/p>\n<p style=\"text-align: center;\"><del><strong>PODER JUDICI\u00c1RIO<\/strong><\/del><\/p>\n<p style=\"text-align: center;\"><del><strong>TRIBUNAL DE JUSTI\u00c7A<\/strong><\/del><\/p>\n<p style=\"text-align: center;\"><del><strong>GABINETE DA PRESID\u00caNCIA<\/strong><\/del><\/p>\n<p style=\"text-align: center;\"><del><strong>ATO NORMATIVO N\u00ba 075\/2015<\/strong><\/del><\/p>\n<p style=\"text-align: justify;\"><del>O <strong>Excelent\u00edssimo Senhor Desembargador S\u00c9RGIO BIZZOTTO PESSOA DE MENDON\u00c7A<\/strong>, Presidente do Egr\u00e9gio Tribunal de Justi\u00e7a do Estado do Esp\u00edrito Santo, no uso de suas atribui\u00e7\u00f5es legais, e<\/del><\/p>\n<p style=\"text-align: justify;\"><del><strong>Considerando<\/strong> que compete a este Desembargador Presidente, enquanto ordenador de despesas, gerir as contas deste egr\u00e9gio Tribunal de Justi\u00e7a;<\/del><\/p>\n<p style=\"text-align: justify;\"><del><strong>Considerando<\/strong> que os cortes pelo Poder Executivo na proposta or\u00e7ament\u00e1ria apresentada por este Poder Judici\u00e1rio para o ano de 2015 foram significativos e que, por consequ\u00eancia, geram a necessidade de ado\u00e7\u00e3o de medidas de conten\u00e7\u00e3o de gastos, especialmente no que toca a rubrica de pessoal;<\/del><\/p>\n<p style=\"text-align: justify;\"><del><strong>Considerando<\/strong> que a n\u00e3o ado\u00e7\u00e3o dessas medidas pode gerar responsabilidade para os gestores deste Poder Judici\u00e1rio, tendo em vista as regras estabelecidas na Lei de Responsabilidade Fiscal;<\/del><\/p>\n<p style=\"text-align: justify;\"><del><strong>Considerando<\/strong> o fato de que o plano de a\u00e7\u00e3o excepcional idealizado foi concebido a partir de premissas que preservam a ess\u00eancia do funcionamento das unidades jurisdicionais e administrativas deste Poder, notadamente pela circunst\u00e2ncia de manter inalterado o trato continuativo das fun\u00e7\u00f5es e atividades decis\u00f3rias, bem como pela considera\u00e7\u00e3o das singularidades identificadas.<\/del><\/p>\n<p style=\"text-align: justify;\"><del><strong>RESOLVE:<\/strong><\/del><\/p>\n<p style=\"text-align: justify;\"><del><strong>Art. 1\u00ba.<\/strong> Autorizar as substitui\u00e7\u00f5es em caso de afastamentos e impedimentos legais <strong>apenas<\/strong> para os seguintes cargos comissionados e fun\u00e7\u00f5es gratificadas de:<\/del><\/p>\n<p style=\"text-align: justify;\"><del>I. chefe de gabinete da presid\u00eancia;<\/del><\/p>\n<p style=\"text-align: justify;\"><del>II. chefe de gabinete da corregedoria;<\/del><\/p>\n<p style=\"text-align: justify;\"><del>III. chefe de gabinete de desembargador;<\/del><\/p>\n<p style=\"text-align: justify;\"><del>IV. chefe de gabinete da vice-presid\u00eancia;<\/del><\/p>\n<p style=\"text-align: justify;\"><del>V. secret\u00e1rio geral;<\/del><\/p>\n<p style=\"text-align: justify;\"><del>VI. secret\u00e1rios;<\/del><\/p>\n<p style=\"text-align: justify;\"><del>VII. chefes de secretaria;<\/del><\/p>\n<p style=\"text-align: justify;\"><del>VIII. chefes de contadoria;<\/del><\/p>\n<p style=\"text-align: justify;\"><del>IX. diretores de secretaria;<\/del><\/p>\n<p style=\"text-align: justify;\"><del>X. chefe de secretaria do col\u00e9gio recursal;<\/del><\/p>\n<p style=\"text-align: justify;\"><del>XI. chefe de se\u00e7\u00e3o de protocolo e distribui\u00e7\u00e3o;<\/del><\/p>\n<p style=\"text-align: justify;\"><del>XII. chefe de se\u00e7\u00e3o da central de mandados;<\/del><\/p>\n<p style=\"text-align: justify;\"><del>XIII. assessor de juiz.<\/del><\/p>\n<p style=\"text-align: justify;\"><del><strong>Art. 2\u00ba.<\/strong> Vedar as substitui\u00e7\u00f5es para os demais cargos e fun\u00e7\u00f5es at\u00e9 ulterior delibera\u00e7\u00e3o, a exce\u00e7\u00e3o dos seguintes casos:<\/del><\/p>\n<p style=\"text-align: justify;\"><del>I. servidoras afastadas para licen\u00e7a maternidade, lacta\u00e7\u00e3o e ado\u00e7\u00e3o;<\/del><\/p>\n<p style=\"text-align: justify;\"><del>II. servidores afastados por mais de 30 dias por motivo de tratamento da pr\u00f3pria sa\u00fade.<\/del><\/p>\n<p style=\"text-align: justify;\"><del><strong>Art. 3\u00ba.<\/strong> A Secretaria de Gest\u00e3o de Pessoas est\u00e1 autorizada a instruir e processar os requerimentos de indica\u00e7\u00e3o e de pagamento das substitui\u00e7\u00f5es dos cargos n\u00e3o previstos no art. 1\u00ba, protocolizados em data anterior \u00e0 data de publica\u00e7\u00e3o deste Ato Normativo.<\/del><\/p>\n<p style=\"text-align: justify;\"><del><strong>Art. 4\u00ba.<\/strong> Este Ato Normativo entra em vigor na data de sua publica\u00e7\u00e3o.<\/del><\/p>\n<p style=\"text-align: justify;\"><del>Vit\u00f3ria\/ES, 07 de maio de 2015.<\/del><\/p>\n<p style=\"text-align: center;\"><del><strong>Desembargador SERGIO BIZZOTTO PESSOA DE MENDON\u00c7A<\/strong><\/del><br \/>\n<del><strong>Presidente do TJES<\/strong><\/del><\/p>\n<h2 style=\"text-align: center;\"><span style=\"color: #ff0000;\">REVOGADO PELO <a href=\"https:\/\/www.tjes.jus.br\/corregedoria\/index.php\/2016\/06\/07\/ato-normativo-no-0852015-disp-27052015\/\" target=\"_blank\" rel=\"noopener noreferrer\">ATO NORMATIVO N\u00ba 085\/2015<\/a> &#8211; DISP. 27\/05\/2015<\/span><\/h2>\n","protected":false},"excerpt":{"rendered":"<p>ESTADO DO ESP\u00cdRITO SANTO PODER JUDICI\u00c1RIO TRIBUNAL DE JUSTI\u00c7A GABINETE DA PRESID\u00caNCIA ATO NORMATIVO N\u00ba 075\/2015 O Excelent\u00edssimo Senhor Desembargador S\u00c9RGIO BIZZOTTO PESSOA DE MENDON\u00c7A, Presidente do Egr\u00e9gio Tribunal de Justi\u00e7a do Estado do Esp\u00edrito Santo, no uso de suas atribui\u00e7\u00f5es legais, e Considerando que compete a este Desembargador Presidente, enquanto ordenador de despesas, gerir [&hellip;]<\/p>\n","protected":false},"author":1,"featured_media":0,"comment_status":"open","ping_status":"open","sticky":false,"template":"","format":"standard","meta":{"footnotes":""},"categories":[4,14],"tags":[],"_links":{"self":[{"href":"https:\/\/www.tjes.jus.br\/corregedoria\/wp-json\/wp\/v2\/posts\/1449"}],"collection":[{"href":"https:\/\/www.tjes.jus.br\/corregedoria\/wp-json\/wp\/v2\/posts"}],"about":[{"href":"https:\/\/www.tjes.jus.br\/corregedoria\/wp-json\/wp\/v2\/types\/post"}],"author":[{"embeddable":true,"href":"https:\/\/www.tjes.jus.br\/corregedoria\/wp-json\/wp\/v2\/users\/1"}],"replies":[{"embeddable":true,"href":"https:\/\/www.tjes.jus.br\/corregedoria\/wp-json\/wp\/v2\/comments?post=1449"}],"version-history":[{"count":3,"href":"https:\/\/www.tjes.jus.br\/corregedoria\/wp-json\/wp\/v2\/posts\/1449\/revisions"}],"predecessor-version":[{"id":16496,"href":"https:\/\/www.tjes.jus.br\/corregedoria\/wp-json\/wp\/v2\/posts\/1449\/revisions\/16496"}],"wp:attachment":[{"href":"https:\/\/www.tjes.jus.br\/corregedoria\/wp-json\/wp\/v2\/media?parent=1449"}],"wp:term":[{"taxonomy":"category","embeddable":true,"href":"https:\/\/www.tjes.jus.br\/corregedoria\/wp-json\/wp\/v2\/categories?post=1449"},{"taxonomy":"post_tag","embeddable":true,"href":"https:\/\/www.tjes.jus.br\/corregedoria\/wp-json\/wp\/v2\/tags?post=1449"}],"curies":[{"name":"wp","href":"https:\/\/api.w.org\/{rel}","templated":true}]}}