{"id":14518,"date":"2017-04-19T17:46:33","date_gmt":"2017-04-19T20:46:33","guid":{"rendered":"https:\/\/www.tjes.jus.br\/corregedoria\/?p=14518"},"modified":"2017-04-19T17:46:33","modified_gmt":"2017-04-19T20:46:33","slug":"ato-normativo-conjunto-no-032010-publ-17032010","status":"publish","type":"post","link":"https:\/\/www.tjes.jus.br\/corregedoria\/2017\/04\/19\/ato-normativo-conjunto-no-032010-publ-17032010\/","title":{"rendered":"ATO NORMATIVO CONJUNTO N\u00ba 03\/2010 &#8211; PUBL. 17\/03\/2010"},"content":{"rendered":"<p style=\"text-align: center;\"><strong>PODER JUDICI\u00c1RIO DO ESTADO DO ESP\u00cdRITO SANTO<\/strong><\/p>\n<p style=\"text-align: center;\"><strong>TRIBUNAL DE JUSTI\u00c7A<\/strong><\/p>\n<p style=\"text-align: center;\"><strong>ATO NORMATIVO CONJUNTO N\u00ba 03\/2010<\/strong><\/p>\n<p style=\"text-align: justify;\">O Excelent\u00edssimo Senhor Desembargador MANOEL ALVES RABELO, DD Presidente do Egr\u00e9gio Tribunal de Justi\u00e7a do Esp\u00edrito Santo, juntamente com o Excelent\u00edssimo Senhor Desembargador S\u00c9RGIO LUIZ TEIXEIRA GAMA, Corregedor Geral da Justi\u00e7a, no uso de suas atribui\u00e7\u00f5es legais<\/p>\n<p style=\"text-align: justify;\"><strong>CONSIDERANDO<\/strong> o <a href=\"https:\/\/www.tjes.jus.br\/corregedoria\/index.php\/2017\/04\/19\/ato-normativo-conjunto-no-022010-publ-26012010\/\" target=\"_blank\">Ato Normativo Conjunto n\u00ba 02\/2010<\/a>, publicado no Di\u00e1rio da Justi\u00e7a de 26 de janeiro de 2010, que instituiu o regime de Mutir\u00e3o na 1\u00aa Contadoria do Ju\u00edzo de Vit\u00f3ria.<\/p>\n<p style=\"text-align: justify;\"><strong>RESOLVEM:<\/strong><\/p>\n<p style=\"text-align: justify;\"><strong>CONSTITUIR<\/strong> a Comiss\u00e3o do Mutir\u00e3o da 1\u00aa Contadoria do Ju\u00edzo de Vit\u00f3ria, composta pelos servidores abaixo, que ficar\u00e3o localizados provisoriamente na 1\u00aa Contadoria do Ju\u00edzo de Vit\u00f3ria, pelo per\u00edodo de 60 (sessenta) dias.<\/p>\n<p style=\"text-align: justify;\"><strong>JARBAS AMARAL RIBEIRO<\/strong> &#8211; Contador Judici\u00e1rio, <strong>MOANE FERREIRA COELHO<\/strong> &#8211; Contadora Judici\u00e1ria, <strong>REGINALDO DETTMANN<\/strong> &#8211; Contador Judici\u00e1rio e <strong>SIMONE COEN PERSIANO NEVES<\/strong> &#8211; Escrevente Juramentada.<\/p>\n<p style=\"text-align: justify;\">Este Ato Normativo Conjunto entra em vigor na data de sua publica\u00e7\u00e3o.<\/p>\n<p style=\"text-align: justify;\">D\u00ea-se ci\u00eancia, publique-se, anote-se e cumpra-se.<\/p>\n<p style=\"text-align: justify;\">Vit\u00f3ria, 16 de mar\u00e7o de 2010.<\/p>\n<p style=\"text-align: center;\"><strong>Des. MANOEL ALVES RABELO<br \/>\nPresidente do Tribunal de Justi\u00e7a<\/strong><\/p>\n<p style=\"text-align: center;\"><strong>Des. S\u00c9RGIO LUIZ TEIXEIRA GAMA<br \/>\nCorregedor Geral da Justi\u00e7a<\/strong><\/p>\n","protected":false},"excerpt":{"rendered":"<p>PODER JUDICI\u00c1RIO DO ESTADO DO ESP\u00cdRITO SANTO TRIBUNAL DE JUSTI\u00c7A ATO NORMATIVO CONJUNTO N\u00ba 03\/2010 O Excelent\u00edssimo Senhor Desembargador MANOEL ALVES RABELO, DD Presidente do Egr\u00e9gio Tribunal de Justi\u00e7a do Esp\u00edrito Santo, juntamente com o Excelent\u00edssimo Senhor Desembargador S\u00c9RGIO LUIZ TEIXEIRA GAMA, Corregedor Geral da Justi\u00e7a, no uso de suas atribui\u00e7\u00f5es legais CONSIDERANDO o Ato [&hellip;]<\/p>\n","protected":false},"author":3,"featured_media":0,"comment_status":"open","ping_status":"open","sticky":false,"template":"","format":"standard","meta":{"footnotes":""},"categories":[4,14],"tags":[],"_links":{"self":[{"href":"https:\/\/www.tjes.jus.br\/corregedoria\/wp-json\/wp\/v2\/posts\/14518"}],"collection":[{"href":"https:\/\/www.tjes.jus.br\/corregedoria\/wp-json\/wp\/v2\/posts"}],"about":[{"href":"https:\/\/www.tjes.jus.br\/corregedoria\/wp-json\/wp\/v2\/types\/post"}],"author":[{"embeddable":true,"href":"https:\/\/www.tjes.jus.br\/corregedoria\/wp-json\/wp\/v2\/users\/3"}],"replies":[{"embeddable":true,"href":"https:\/\/www.tjes.jus.br\/corregedoria\/wp-json\/wp\/v2\/comments?post=14518"}],"version-history":[{"count":1,"href":"https:\/\/www.tjes.jus.br\/corregedoria\/wp-json\/wp\/v2\/posts\/14518\/revisions"}],"predecessor-version":[{"id":14519,"href":"https:\/\/www.tjes.jus.br\/corregedoria\/wp-json\/wp\/v2\/posts\/14518\/revisions\/14519"}],"wp:attachment":[{"href":"https:\/\/www.tjes.jus.br\/corregedoria\/wp-json\/wp\/v2\/media?parent=14518"}],"wp:term":[{"taxonomy":"category","embeddable":true,"href":"https:\/\/www.tjes.jus.br\/corregedoria\/wp-json\/wp\/v2\/categories?post=14518"},{"taxonomy":"post_tag","embeddable":true,"href":"https:\/\/www.tjes.jus.br\/corregedoria\/wp-json\/wp\/v2\/tags?post=14518"}],"curies":[{"name":"wp","href":"https:\/\/api.w.org\/{rel}","templated":true}]}}