{"id":14538,"date":"2017-04-20T13:50:28","date_gmt":"2017-04-20T16:50:28","guid":{"rendered":"https:\/\/www.tjes.jus.br\/corregedoria\/?p=14538"},"modified":"2018-02-09T15:42:55","modified_gmt":"2018-02-09T17:42:55","slug":"ato-normativo-conjunto-no-062010-publ-19052010","status":"publish","type":"post","link":"https:\/\/www.tjes.jus.br\/corregedoria\/2017\/04\/20\/ato-normativo-conjunto-no-062010-publ-19052010\/","title":{"rendered":"ATO NORMATIVO CONJUNTO N\u00ba 06\/2010 &#8211; PUBL. 19\/05\/2010 &#8211; ALTERADO &#8211; TORNADO SEM EFEITO"},"content":{"rendered":"<p style=\"text-align: center;\"><del><strong>ESTADO DO ESP\u00cdRITO SANTO<\/strong><\/del><\/p>\n<p style=\"text-align: center;\"><del><strong>PODER JUDICI\u00c1RIO<\/strong><\/del><\/p>\n<p style=\"text-align: center;\"><del><strong>TRIBUNAL DE JUSTI\u00c7A<\/strong><\/del><\/p>\n<p style=\"text-align: center;\"><del><strong>ATO NORMATIVO CONJUNTO N\u00ba 06\/2010<\/strong><\/del><\/p>\n<p style=\"text-align: justify;\"><del>O Excelent\u00edssimo Senhor Desembargador MANOEL ALVES RABELO, DD Presidente do Egr\u00e9gio Tribunal de Justi\u00e7a do Estado do Esp\u00edrito Santo, juntamente com o Excelent\u00edssimo Senhor Desembargador S\u00c9RGIO LUIZ TEIXEIRA GAMA, Dign\u00edssimo Corregedor Geral de Justi\u00e7a, no uso de suas atribui\u00e7\u00f5es legais,<\/del><\/p>\n<p style=\"text-align: justify;\"><del><strong>RESOLVEM<\/strong>:<\/del><\/p>\n<p style=\"text-align: justify;\"><del>CONSTITUIR A COMISS\u00c3O PARA ELABORA\u00c7\u00c3O DE TERMO DE REFER\u00caNCIA VISANDO A AQUISI\u00c7\u00c3O E IMPLANTA\u00c7\u00c3O DO SISTEMA INTEGRADO DE GEST\u00c3O DE RECURSOS HUMANOS E FOLHA DE PAGAMENTO DO PODER JUDICI\u00c1RIO DO ESTADO DO ESP\u00cdRITO SANTO COMPOSTA POR <strong>TASSO DE MACEDO LUGON<\/strong> (CPD), <strong>PEDRO FILIPE VIEIRA DO NASCIMENTO<\/strong> (CPD), <strong>ROG\u00c9RIO TAVARES ALVES<\/strong> (CPD, <strong>PEDRO LINHARES AYRES<\/strong> (CPD), <strong>C\u00cdNTIA VAREJ\u00c3O RIBEIRO DE FREITAS<\/strong> (Diretoria Judici\u00e1ria Administrativa), <strong>GISLANE BREZINSKI PINHEIRO<\/strong> (Diretoria Judici\u00e1ria Administrativa), <strong>IZABELLA DALLA SILY CASAGRANDE<\/strong> (Diretoria Judici\u00e1ria Administrativa), <strong>K\u00c1TIA SANTOS CARDOSO DE MENDON\u00c7A<\/strong> (Diretoria Judici\u00e1ria de Pagamento e Pessoal), <strong>ROSELY GEGENHEIMER CARDOSO<\/strong> (Diretoria Judici\u00e1ria de Pagamento e Pessoal), <strong>MARIA CRISTINA AQUINO VIDIGAL<\/strong> (Diretoria Judici\u00e1ria de Pagamento e Pessoal), <strong>MARCOS ROSI MARINHO<\/strong> (CGI &#8211; Corregedoria), <strong>FERNANDA NOGUEIRA QUEIROZ<\/strong> (CGI &#8211; Corregedoria), <strong>DANIELA COUTINHO DUARTE<\/strong> (CGI &#8211; Corregedoria) E <strong>ZILEIMAR LUCE CORDEIRO GOMES<\/strong> (CGI &#8211; Corregedoria). <strong>DESIGNAR COMO PRESIDENTE O SR. MARCOS ROSI MARINHO E, NA CIRCUNST\u00c2NCIA DE AUS\u00caNCIA, PRESIDIR\u00c1 O SR. TASSO DE MACEDO LUGON<\/strong>.<\/del><\/p>\n<p style=\"text-align: justify;\"><del>Fica revogado o <a href=\"https:\/\/www.tjes.jus.br\/corregedoria\/index.php\/2017\/04\/17\/ato-conjunto-no-052009-publ-30032009\/\" target=\"_blank\" rel=\"noopener noreferrer\">Ato Normativo Conjunto n\u00ba 05\/2009<\/a>.<\/del><\/p>\n<p style=\"text-align: justify;\"><del>Este ato Normativo Conjunto entra em vigor na data de sua publica\u00e7\u00e3o.<\/del><\/p>\n<p style=\"text-align: justify;\"><del>Vit\u00f3ria, de abril de 2010.<\/del><\/p>\n<p style=\"text-align: center;\"><del><strong>Des. MANOEL ALVES RABELO<br \/>\nPresidente<\/strong><\/del><\/p>\n<p style=\"text-align: center;\"><del><strong>Des. S\u00c9RGIO LUIZ TEIXEIRA GAMA<br \/>\nCorregedor Geral de Justi\u00e7a<\/strong><\/del><\/p>\n<h2 style=\"text-align: center;\"><del><span style=\"color: #ff0000;\">COMPOSI\u00c7\u00c3O ALTERADA PELO\u00a0<a href=\"https:\/\/www.tjes.jus.br\/corregedoria\/index.php\/2017\/05\/18\/ato-normativo-no-0362012-disp-26032012\/\" target=\"_blank\" rel=\"noopener noreferrer\">ATO NORMATIVO N\u00ba 036\/2012<\/a> &#8211; DISP. 26\/03\/2012<\/span><\/del><\/h2>\n<h2 style=\"text-align: center;\"><span style=\"color: #ff0000;\">TORNADO SEM EFEITO PELO\u00a0<a href=\"https:\/\/www.tjes.jus.br\/corregedoria\/index.php\/2016\/06\/20\/ato-normativo-n-0382014-disp-25022014\/\" target=\"_blank\" rel=\"noopener noreferrer\">ATO NORMATIVO N\u00ba 038\/2014<\/a> &#8211; DISP. 25\/02\/2014<\/span><\/h2>\n","protected":false},"excerpt":{"rendered":"<p>ESTADO DO ESP\u00cdRITO SANTO PODER JUDICI\u00c1RIO TRIBUNAL DE JUSTI\u00c7A ATO NORMATIVO CONJUNTO N\u00ba 06\/2010 O Excelent\u00edssimo Senhor Desembargador MANOEL ALVES RABELO, DD Presidente do Egr\u00e9gio Tribunal de Justi\u00e7a do Estado do Esp\u00edrito Santo, juntamente com o Excelent\u00edssimo Senhor Desembargador S\u00c9RGIO LUIZ TEIXEIRA GAMA, Dign\u00edssimo Corregedor Geral de Justi\u00e7a, no uso de suas atribui\u00e7\u00f5es legais, RESOLVEM: [&hellip;]<\/p>\n","protected":false},"author":3,"featured_media":0,"comment_status":"open","ping_status":"open","sticky":false,"template":"","format":"standard","meta":{"footnotes":""},"categories":[4,14],"tags":[],"_links":{"self":[{"href":"https:\/\/www.tjes.jus.br\/corregedoria\/wp-json\/wp\/v2\/posts\/14538"}],"collection":[{"href":"https:\/\/www.tjes.jus.br\/corregedoria\/wp-json\/wp\/v2\/posts"}],"about":[{"href":"https:\/\/www.tjes.jus.br\/corregedoria\/wp-json\/wp\/v2\/types\/post"}],"author":[{"embeddable":true,"href":"https:\/\/www.tjes.jus.br\/corregedoria\/wp-json\/wp\/v2\/users\/3"}],"replies":[{"embeddable":true,"href":"https:\/\/www.tjes.jus.br\/corregedoria\/wp-json\/wp\/v2\/comments?post=14538"}],"version-history":[{"count":5,"href":"https:\/\/www.tjes.jus.br\/corregedoria\/wp-json\/wp\/v2\/posts\/14538\/revisions"}],"predecessor-version":[{"id":22334,"href":"https:\/\/www.tjes.jus.br\/corregedoria\/wp-json\/wp\/v2\/posts\/14538\/revisions\/22334"}],"wp:attachment":[{"href":"https:\/\/www.tjes.jus.br\/corregedoria\/wp-json\/wp\/v2\/media?parent=14538"}],"wp:term":[{"taxonomy":"category","embeddable":true,"href":"https:\/\/www.tjes.jus.br\/corregedoria\/wp-json\/wp\/v2\/categories?post=14538"},{"taxonomy":"post_tag","embeddable":true,"href":"https:\/\/www.tjes.jus.br\/corregedoria\/wp-json\/wp\/v2\/tags?post=14538"}],"curies":[{"name":"wp","href":"https:\/\/api.w.org\/{rel}","templated":true}]}}