{"id":14565,"date":"2017-04-20T14:30:30","date_gmt":"2017-04-20T17:30:30","guid":{"rendered":"https:\/\/www.tjes.jus.br\/corregedoria\/?p=14565"},"modified":"2017-04-20T14:30:30","modified_gmt":"2017-04-20T17:30:30","slug":"ato-normativo-no-112010-publ-12032010","status":"publish","type":"post","link":"https:\/\/www.tjes.jus.br\/corregedoria\/2017\/04\/20\/ato-normativo-no-112010-publ-12032010\/","title":{"rendered":"ATO NORMATIVO N\u00ba 11\/2010 &#8211; PUBL. 12\/03\/2010"},"content":{"rendered":"<p style=\"text-align: center;\"><strong>PODER JUDICI\u00c1RIO DO ESTADO DO ESP\u00cdRITO SANTO<\/strong><\/p>\n<p style=\"text-align: center;\"><strong>TRIBUNAL DE JUSTI\u00c7A<\/strong><\/p>\n<p style=\"text-align: center;\"><strong>ATO NORMATIVO 11\/2010<\/strong><\/p>\n<p style=\"text-align: justify;\">O Excelent\u00edssimo Senhor Desembargador Manoel Alves Rabelo, Presidente do Egr\u00e9gio Tribunal de Justi\u00e7a do Estado do Esp\u00edrito Santo, no uso de suas atribui\u00e7\u00f5es legais, e<\/p>\n<p style=\"text-align: justify;\"><strong>CONSIDERANDO<\/strong> os termos do Of\u00edcio n\u00ba 17\/2010, da lavra do Excelent\u00edssimo Senhor Juiz de Direito Dr. M\u00e1rio da Silva Nunes Neto, Diretor do F\u00f3rum de Bom Jesus do Norte, Comarca de 1\u00aa Entr\u00e2ncia, protocolizado neste Tribunal de Justi\u00e7a sob o n\u00ba 2010.00.217.214;<\/p>\n<p style=\"text-align: justify;\"><strong>CONSIDERANDO<\/strong> o disposto no Art. 58 da Resolu\u00e7\u00e3o n\u00ba 15\/95 &#8211; Regimento Interno do Tribunal de Justi\u00e7a do Estado do Esp\u00edrito Santo, que atribui ao Presidente do Tribunal de Justi\u00e7a a compet\u00eancia geral para exercer a superintend\u00eancia de todo o servi\u00e7o judici\u00e1rio, na qualidade de Chefe da Magistratura do Estado;<\/p>\n<p style=\"text-align: justify;\"><strong>RESOLVE<\/strong>:<\/p>\n<p style=\"text-align: justify;\"><strong>AUTORIZAR<\/strong> o fechamento do F\u00f3rum da Comarca de Bom Jesus do Norte, Comarca de 1\u00aa Entr\u00e2ncia, assim como <strong>DETERMINAR<\/strong> a suspens\u00e3o dos prazos processuais, entre os dias 22 (vinte e dois) a 26 (vinte e seis) de mar\u00e7o de 2010, em raz\u00e3o da mudan\u00e7a para novo pr\u00e9dio.<\/p>\n<p style=\"text-align: justify;\"><strong>DETERMINO<\/strong> que se afixe em local vis\u00edvel e de acesso ao p\u00fablico, mesmo estando o F\u00f3rum fechado, o nome do Juiz de Direito e do servidor por ele designado, onde possam ser encontrados, inclusive com telefones, para aprecia\u00e7\u00e3o de causas urgentes.<\/p>\n<p style=\"text-align: justify;\"><strong>Publique-se<\/strong>.<\/p>\n<p style=\"text-align: justify;\">Vit\u00f3ria, 10 de mar\u00e7o de 2010.<\/p>\n<p style=\"text-align: center;\"><strong>Desembargador Manoel Alves Rabelo<br \/>\nPresidente<\/strong><\/p>\n","protected":false},"excerpt":{"rendered":"<p>PODER JUDICI\u00c1RIO DO ESTADO DO ESP\u00cdRITO SANTO TRIBUNAL DE JUSTI\u00c7A ATO NORMATIVO 11\/2010 O Excelent\u00edssimo Senhor Desembargador Manoel Alves Rabelo, Presidente do Egr\u00e9gio Tribunal de Justi\u00e7a do Estado do Esp\u00edrito Santo, no uso de suas atribui\u00e7\u00f5es legais, e CONSIDERANDO os termos do Of\u00edcio n\u00ba 17\/2010, da lavra do Excelent\u00edssimo Senhor Juiz de Direito Dr. M\u00e1rio [&hellip;]<\/p>\n","protected":false},"author":3,"featured_media":0,"comment_status":"open","ping_status":"open","sticky":false,"template":"","format":"standard","meta":{"footnotes":""},"categories":[4,14],"tags":[],"_links":{"self":[{"href":"https:\/\/www.tjes.jus.br\/corregedoria\/wp-json\/wp\/v2\/posts\/14565"}],"collection":[{"href":"https:\/\/www.tjes.jus.br\/corregedoria\/wp-json\/wp\/v2\/posts"}],"about":[{"href":"https:\/\/www.tjes.jus.br\/corregedoria\/wp-json\/wp\/v2\/types\/post"}],"author":[{"embeddable":true,"href":"https:\/\/www.tjes.jus.br\/corregedoria\/wp-json\/wp\/v2\/users\/3"}],"replies":[{"embeddable":true,"href":"https:\/\/www.tjes.jus.br\/corregedoria\/wp-json\/wp\/v2\/comments?post=14565"}],"version-history":[{"count":1,"href":"https:\/\/www.tjes.jus.br\/corregedoria\/wp-json\/wp\/v2\/posts\/14565\/revisions"}],"predecessor-version":[{"id":14566,"href":"https:\/\/www.tjes.jus.br\/corregedoria\/wp-json\/wp\/v2\/posts\/14565\/revisions\/14566"}],"wp:attachment":[{"href":"https:\/\/www.tjes.jus.br\/corregedoria\/wp-json\/wp\/v2\/media?parent=14565"}],"wp:term":[{"taxonomy":"category","embeddable":true,"href":"https:\/\/www.tjes.jus.br\/corregedoria\/wp-json\/wp\/v2\/categories?post=14565"},{"taxonomy":"post_tag","embeddable":true,"href":"https:\/\/www.tjes.jus.br\/corregedoria\/wp-json\/wp\/v2\/tags?post=14565"}],"curies":[{"name":"wp","href":"https:\/\/api.w.org\/{rel}","templated":true}]}}