{"id":1457,"date":"2016-06-07T14:00:30","date_gmt":"2016-06-07T17:00:30","guid":{"rendered":"http:\/\/10.99.253.4\/corregedoria\/?p=1457"},"modified":"2017-07-31T17:37:30","modified_gmt":"2017-07-31T20:37:30","slug":"ato-normativo-no-0712015-disp-06052015-sem-efeito","status":"publish","type":"post","link":"https:\/\/www.tjes.jus.br\/corregedoria\/2016\/06\/07\/ato-normativo-no-0712015-disp-06052015-sem-efeito\/","title":{"rendered":"ATO NORMATIVO N\u00ba 071\/2015 &#8211; DISP. 06\/05\/2015 &#8211; SEM EFEITO"},"content":{"rendered":"<p align=\"CENTER\"><del><strong>ESTADO DO ESP\u00cdRITO SANTO<\/strong><\/del><\/p>\n<p align=\"CENTER\"><del><strong>PODER JUDICI\u00c1RIO<\/strong><\/del><\/p>\n<p align=\"CENTER\"><del><strong>TRIBUNAL DE JUSTI\u00c7A<\/strong><\/del><\/p>\n<p align=\"CENTER\"><del><strong><em>GABINETE DA PRESID\u00caNCIA<\/em><\/strong><\/del><\/p>\n<p align=\"CENTER\"><del><strong>ATO NORMATIVO N\u00ba 71\/2015<\/strong><\/del><\/p>\n<p style=\"text-align: justify;\" align=\"CENTER\"><del>O\u00a0<strong>Excelent\u00edssimo<\/strong>\u00a0<strong>Senhor Desembargador<\/strong>\u00a0<strong>S\u00c9RGIO BIZZOTTO PESSOA DE MENDON\u00c7A<\/strong>, Presidente do Egr\u00e9gio Tribunal de Justi\u00e7a do Estado do Esp\u00edrito Santo, no uso de suas atribui\u00e7\u00f5es legais,<\/del><\/p>\n<p align=\"JUSTIFY\"><del><strong>CONSIDERANDO<\/strong>\u00a0os termos das RESOLU\u00c7\u00d5ES N\u00baS <a href=\"https:\/\/www.tjes.jus.br\/corregedoria\/index.php\/2016\/09\/14\/resolucao-cnj-no-125-de-29112010\/\" target=\"_blank\" rel=\"noopener noreferrer\">125 do CONSELHO NACIONAL DE JUSTI\u00c7A<\/a> &#8211; CNJ e <a href=\"https:\/\/www.tjes.jus.br\/corregedoria\/index.php\/2016\/07\/06\/resolucao-no-0172013-disp-13042013\/\" target=\"_blank\" rel=\"noopener noreferrer\">17\/2013<\/a> do egr\u00e9gio Tribunal de Justi\u00e7a do Estado do Esp\u00edrito Santo;<\/del><\/p>\n<p align=\"JUSTIFY\"><del><strong>CONSIDERANDO<\/strong>\u00a0a necessidade constante de implementar melhorias na presta\u00e7\u00e3o jurisdicional, visando sua melhor efici\u00eancia.<\/del><\/p>\n<p align=\"JUSTIFY\"><del><strong>RESOLVE:<\/strong><\/del><\/p>\n<p align=\"JUSTIFY\"><del><strong>Art. 1\u00ba.<\/strong>\u00a0O art\u00ba 2\u00ba do <a href=\"https:\/\/www.tjes.jus.br\/corregedoria\/index.php\/2016\/06\/09\/ato-normativo-n-0042015-disp-14012015-alterado\/\" target=\"_blank\" rel=\"noopener noreferrer\">ATO NORMATIVO N\u00ba 004\/2015<\/a> passa a vigorar com a seguinte reda\u00e7\u00e3o:<\/del><\/p>\n<p style=\"padding-left: 30px;\" align=\"JUSTIFY\"><del>\u201cArt. 2\u00ba. Designar a\u00a0<strong>Excelent\u00edssima Senhora Desembargadora JANETE VARGAS SIM\u00d5ES\u00a0<\/strong>para exercer a coordena\u00e7\u00e3o dos CENTROS JUDICI\u00c1RIOS DE SOLU\u00c7\u00c3O DE CONFLITOS E CIDADANIA, mantendo a\u00a0<strong>Exm\u00aa Sr\u00aa Dr\u00aa\u00a0<\/strong><strong>TR\u00cdCIA NAVARRO XAVIER CABRAL<\/strong>\u00a0como respons\u00e1vel pelo CEJUSC do Tribunal de Justi\u00e7a, ambas sem preju\u00edzo de suas designa\u00e7\u00f5es.\u201d<\/del><\/p>\n<p align=\"JUSTIFY\"><del><strong>Art. 2\u00ba.<\/strong>\u00a0Este ato entra em vigor na data de sua publica\u00e7\u00e3o, revogadas as disposi\u00e7\u00f5es em contr\u00e1rio.<\/del><\/p>\n<p align=\"JUSTIFY\"><del><strong>Publique-se. Cumpra-se.<\/strong><\/del><\/p>\n<p style=\"text-align: center;\" align=\"JUSTIFY\"><del>Vit\u00f3ria\/ES, 04 de maio de 2015.<\/del><\/p>\n<p style=\"text-align: center;\" align=\"CENTER\"><del>Desembargador\u00a0<strong>S\u00c9RGIO BIZZOTTO PESSOA DE MENDON\u00c7A<br \/>\n<\/strong><em>Presidente do TJES<\/em><\/del><\/p>\n<h2 class=\"contentheadingresolucoes_css\" style=\"text-align: center;\"><span style=\"color: #ff0000;\">TORNADO SEM EFEITO PELO <a href=\"https:\/\/www.tjes.jus.br\/corregedoria\/index.php\/2016\/06\/06\/ato-normativo-no-2662015-disp-04112015\/\" target=\"_blank\" rel=\"noopener noreferrer\">ATO NORMATIVO N\u00ba 266\/2015<\/a> &#8211; DISP. 04\/11\/2015<\/span><\/h2>\n","protected":false},"excerpt":{"rendered":"<p>ESTADO DO ESP\u00cdRITO SANTO PODER JUDICI\u00c1RIO TRIBUNAL DE JUSTI\u00c7A GABINETE DA PRESID\u00caNCIA ATO NORMATIVO N\u00ba 71\/2015 O\u00a0Excelent\u00edssimo\u00a0Senhor Desembargador\u00a0S\u00c9RGIO BIZZOTTO PESSOA DE MENDON\u00c7A, Presidente do Egr\u00e9gio Tribunal de Justi\u00e7a do Estado do Esp\u00edrito Santo, no uso de suas atribui\u00e7\u00f5es legais, CONSIDERANDO\u00a0os termos das RESOLU\u00c7\u00d5ES N\u00baS 125 do CONSELHO NACIONAL DE JUSTI\u00c7A &#8211; CNJ e 17\/2013 do [&hellip;]<\/p>\n","protected":false},"author":1,"featured_media":0,"comment_status":"open","ping_status":"open","sticky":false,"template":"","format":"standard","meta":{"footnotes":""},"categories":[4,14],"tags":[],"_links":{"self":[{"href":"https:\/\/www.tjes.jus.br\/corregedoria\/wp-json\/wp\/v2\/posts\/1457"}],"collection":[{"href":"https:\/\/www.tjes.jus.br\/corregedoria\/wp-json\/wp\/v2\/posts"}],"about":[{"href":"https:\/\/www.tjes.jus.br\/corregedoria\/wp-json\/wp\/v2\/types\/post"}],"author":[{"embeddable":true,"href":"https:\/\/www.tjes.jus.br\/corregedoria\/wp-json\/wp\/v2\/users\/1"}],"replies":[{"embeddable":true,"href":"https:\/\/www.tjes.jus.br\/corregedoria\/wp-json\/wp\/v2\/comments?post=1457"}],"version-history":[{"count":4,"href":"https:\/\/www.tjes.jus.br\/corregedoria\/wp-json\/wp\/v2\/posts\/1457\/revisions"}],"predecessor-version":[{"id":17697,"href":"https:\/\/www.tjes.jus.br\/corregedoria\/wp-json\/wp\/v2\/posts\/1457\/revisions\/17697"}],"wp:attachment":[{"href":"https:\/\/www.tjes.jus.br\/corregedoria\/wp-json\/wp\/v2\/media?parent=1457"}],"wp:term":[{"taxonomy":"category","embeddable":true,"href":"https:\/\/www.tjes.jus.br\/corregedoria\/wp-json\/wp\/v2\/categories?post=1457"},{"taxonomy":"post_tag","embeddable":true,"href":"https:\/\/www.tjes.jus.br\/corregedoria\/wp-json\/wp\/v2\/tags?post=1457"}],"curies":[{"name":"wp","href":"https:\/\/api.w.org\/{rel}","templated":true}]}}