{"id":14652,"date":"2017-04-20T18:05:16","date_gmt":"2017-04-20T21:05:16","guid":{"rendered":"https:\/\/www.tjes.jus.br\/corregedoria\/?p=14652"},"modified":"2017-04-20T18:05:16","modified_gmt":"2017-04-20T21:05:16","slug":"ato-normativo-no-332010-disp-13082010","status":"publish","type":"post","link":"https:\/\/www.tjes.jus.br\/corregedoria\/2017\/04\/20\/ato-normativo-no-332010-disp-13082010\/","title":{"rendered":"ATO NORMATIVO N\u00ba 33\/2010 &#8211; DISP. 13\/08\/2010"},"content":{"rendered":"<p style=\"text-align: center;\"><strong>PODER JUDICI\u00c1RIO DO ESTADO DO ESP\u00cdRITO SANTO<\/strong><\/p>\n<p style=\"text-align: center;\"><strong>TRIBUNAL DE JUSTI\u00c7A<\/strong><\/p>\n<p style=\"text-align: center;\"><strong>ATO NORMATIVO 33\/2010<\/strong><\/p>\n<p style=\"text-align: justify;\">O Excelent\u00edssimo Senhor Desembargador Arnaldo Santos Souza , Vice-Presidente do Egr\u00e9gio Tribunal de Justi\u00e7a do Estado do Esp\u00edrito Santo, no exerc\u00edcio da Presid\u00eancia, no uso de suas atribui\u00e7\u00f5es legais, e<\/p>\n<p style=\"text-align: justify;\"><strong>CONSIDERANDO<\/strong> os termos do Of\u00edcio 1\u00ba Jecrim\/Vit\/ES n\u00ba 425\/2010, da lavra do Exmo. Senhor Juiz de Direito, Dr. Jos\u00e9 Geraldo Fantin, respondendo pelo 1\u00ba Juizado Especial Criminal de Vit\u00f3ria, Comarca da Capital, de Entr\u00e2ncia Especial, protocolizado neste Tribunal de Justi\u00e7a sob o n\u00ba 2010.00.807.035;<\/p>\n<p style=\"text-align: justify;\"><strong>CONSIDERANDO<\/strong> o disposto no Art. 58 da Resolu\u00e7\u00e3o n\u00ba 15\/95 &#8211; Regimento Interno do Tribunal de Justi\u00e7a do Estado do Esp\u00edrito Santo, que atribui ao Presidente do Tribunal de Justi\u00e7a a compet\u00eancia geral para exercer a superintend\u00eancia de todo o servi\u00e7o judici\u00e1rio, na qualidade de Chefe da Magistratura do Estado;<\/p>\n<p style=\"text-align: justify;\"><strong>RESOLVE<\/strong>:<\/p>\n<p style=\"text-align: justify;\"><strong>AUTORIZAR<\/strong> o fechamento do 1\u00ba Juizado Especial Criminal de Vit\u00f3ria, Comarca da Capital, de Entr\u00e2ncia Especial, assim como <strong>DETERMINAR<\/strong> a suspens\u00e3o dos prazos processuais nos dias 12 e 13 de agosto de 2010, em raz\u00e3o de obras para amplia\u00e7\u00e3o do espa\u00e7o daquela Serventia.<\/p>\n<p style=\"text-align: justify;\"><strong>Publique-se<\/strong>.<\/p>\n<p style=\"text-align: justify;\">Vit\u00f3ria, 10 de agosto de 2010.<\/p>\n<p style=\"text-align: center;\"><strong>Desembargador Arnaldo Santos Souza<br \/>\nVice-Presidente no exerc\u00edcio da Presid\u00eancia<\/strong><\/p>\n","protected":false},"excerpt":{"rendered":"<p>PODER JUDICI\u00c1RIO DO ESTADO DO ESP\u00cdRITO SANTO TRIBUNAL DE JUSTI\u00c7A ATO NORMATIVO 33\/2010 O Excelent\u00edssimo Senhor Desembargador Arnaldo Santos Souza , Vice-Presidente do Egr\u00e9gio Tribunal de Justi\u00e7a do Estado do Esp\u00edrito Santo, no exerc\u00edcio da Presid\u00eancia, no uso de suas atribui\u00e7\u00f5es legais, e CONSIDERANDO os termos do Of\u00edcio 1\u00ba Jecrim\/Vit\/ES n\u00ba 425\/2010, da lavra do [&hellip;]<\/p>\n","protected":false},"author":3,"featured_media":0,"comment_status":"open","ping_status":"open","sticky":false,"template":"","format":"standard","meta":{"footnotes":""},"categories":[4,14],"tags":[],"_links":{"self":[{"href":"https:\/\/www.tjes.jus.br\/corregedoria\/wp-json\/wp\/v2\/posts\/14652"}],"collection":[{"href":"https:\/\/www.tjes.jus.br\/corregedoria\/wp-json\/wp\/v2\/posts"}],"about":[{"href":"https:\/\/www.tjes.jus.br\/corregedoria\/wp-json\/wp\/v2\/types\/post"}],"author":[{"embeddable":true,"href":"https:\/\/www.tjes.jus.br\/corregedoria\/wp-json\/wp\/v2\/users\/3"}],"replies":[{"embeddable":true,"href":"https:\/\/www.tjes.jus.br\/corregedoria\/wp-json\/wp\/v2\/comments?post=14652"}],"version-history":[{"count":1,"href":"https:\/\/www.tjes.jus.br\/corregedoria\/wp-json\/wp\/v2\/posts\/14652\/revisions"}],"predecessor-version":[{"id":14653,"href":"https:\/\/www.tjes.jus.br\/corregedoria\/wp-json\/wp\/v2\/posts\/14652\/revisions\/14653"}],"wp:attachment":[{"href":"https:\/\/www.tjes.jus.br\/corregedoria\/wp-json\/wp\/v2\/media?parent=14652"}],"wp:term":[{"taxonomy":"category","embeddable":true,"href":"https:\/\/www.tjes.jus.br\/corregedoria\/wp-json\/wp\/v2\/categories?post=14652"},{"taxonomy":"post_tag","embeddable":true,"href":"https:\/\/www.tjes.jus.br\/corregedoria\/wp-json\/wp\/v2\/tags?post=14652"}],"curies":[{"name":"wp","href":"https:\/\/api.w.org\/{rel}","templated":true}]}}