{"id":14670,"date":"2017-04-20T18:28:34","date_gmt":"2017-04-20T21:28:34","guid":{"rendered":"https:\/\/www.tjes.jus.br\/corregedoria\/?p=14670"},"modified":"2017-04-20T18:28:34","modified_gmt":"2017-04-20T21:28:34","slug":"ato-normativo-no-432010-disp-13102010","status":"publish","type":"post","link":"https:\/\/www.tjes.jus.br\/corregedoria\/2017\/04\/20\/ato-normativo-no-432010-disp-13102010\/","title":{"rendered":"ATO NORMATIVO N\u00ba 43\/2010 &#8211; DISP. 13\/10\/2010"},"content":{"rendered":"<p style=\"text-align: center;\"><strong>ESTADO DO ESP\u00cdRITO SANTO<\/strong><\/p>\n<p style=\"text-align: center;\"><strong>PODER JUDICI\u00c1RIO<\/strong><\/p>\n<p style=\"text-align: center;\"><strong>TRIBUNAL DE JUSTI\u00c7A<\/strong><\/p>\n<p style=\"text-align: center;\"><strong>ATO NORMATIVO N\u00ba 43\/2010<\/strong><\/p>\n<p style=\"text-align: justify;\"><em>Institui o regime de inspe\u00e7\u00e3o e mutir\u00e3o carcer\u00e1rio nas varas criminais, de execu\u00e7\u00f5es penais e Central de Inqu\u00e9ritos em todo o Estado do Esp\u00edrito Santo.<\/em><\/p>\n<p style=\"text-align: justify;\">O Vice-Presidente Desembargador ARNALDO SANTOS SOUZA, no exerc\u00edcio da Presid\u00eancia do Tribunal de Justi\u00e7a do Estado do Esp\u00edrito Santo, no uso de suas atribui\u00e7\u00f5es legais e regimentais,<\/p>\n<p style=\"text-align: justify;\"><strong>CONSIDERANDO<\/strong> os termos da Resolu\u00e7\u00e3o Conjunta n\u00ba 01\/09, do Conselho Nacional de Justi\u00e7a e Conselho Nacional do Minist\u00e9rio P\u00fablico, de 29\/09\/2009, que institucionaliza mecanismos de revis\u00e3o peri\u00f3dica das pris\u00f5es provis\u00f3rias e definitivas, das medidas de seguran\u00e7a e das interna\u00e7\u00f5es de adolescentes;<\/p>\n<p style=\"text-align: justify;\"><strong>CONSIDERANDO<\/strong> a decis\u00e3o do Departamento de Monitoramento e Fiscaliza\u00e7\u00e3o do Sistema Carcer\u00e1rio e do Sistema de Execu\u00e7\u00e3o de Medidas S\u00f3cio-Educativas \u2013 DMF do Conselho Nacional de Justi\u00e7a, no sentido de realizar mutir\u00e3o carcer\u00e1rio neste Estado;<\/p>\n<p style=\"text-align: justify;\"><strong>RESOLVE:<\/strong><\/p>\n<p style=\"text-align: justify;\"><strong>Art. 1\u00ba<\/strong> Fica institu\u00eddo o MUTIR\u00c3O CARCER\u00c1RIO e INSPE\u00c7\u00c3O JUDICIAL nas Varas de Execu\u00e7\u00f5es Penais, Criminais e Central de Inqu\u00e9ritos, no per\u00edodo de <strong>20\/10\/2010 \u00e0 19\/11\/2010<\/strong>.<\/p>\n<p style=\"text-align: justify;\"><strong>Art. 2\u00ba<\/strong> Ficam designados os Ju\u00edzes de Direito abaixo para atuarem no mutir\u00e3o carcer\u00e1rio, que abranger\u00e1 todas as varas de execu\u00e7\u00f5es penais:<\/p>\n<p style=\"text-align: justify;\">MM. Juiz de Direito Dr. MARCELO MENEZES LOUREIRO<\/p>\n<p style=\"text-align: justify;\">MM. Juiz de Direito Dr. PAULINO JOS\u00c9 LOUREN\u00c7O<\/p>\n<p style=\"text-align: justify;\">MM. Ju\u00edza de Direito Dra. ELZA MARIA DE OLIVEIRA XIMENES<\/p>\n<p style=\"text-align: justify;\">MM. Juiz de Direito Dr. RUBENS JOS\u00c9 DA CRUZ<\/p>\n<p style=\"text-align: justify;\">MM\u00aa. Ju\u00edza de Direito Dra. SIMONE TEDOLDI SPALENZA<\/p>\n<p style=\"text-align: justify;\">MM. Juiz de Direito Dr. THIAGO VARGAS CARDOSO<\/p>\n<p style=\"text-align: justify;\">MM. Juiz de Direito Dr. ELIAZER COSTA VIEIRA<\/p>\n<p style=\"text-align: justify;\">MM. Juiz de Direito Dr. ALEXANDRE FARINA LOPES<\/p>\n<p style=\"text-align: justify;\">MM\u00aa. Ju\u00edza de Direito Dra. GRACIENE PEREIRA PINTO<\/p>\n<p style=\"text-align: justify;\">MM.Juiz de Direito Dra. MARISTELA FACHETTI<\/p>\n<p style=\"text-align: justify;\">MM. Juiz de Direito Dr. FERNANDO FRAGUAS ESTEVES<\/p>\n<p style=\"text-align: justify;\"><strong>Art. 3\u00ba<\/strong> Os trabalhos do mutir\u00e3o carcer\u00e1rio ser\u00e3o desenvolvidos em p\u00f3lo \u00fanico, na sede deste Tribunal de Justi\u00e7a.<\/p>\n<p style=\"text-align: justify;\"><strong>Art. 4\u00ba<\/strong> A organiza\u00e7\u00e3o e coordena\u00e7\u00e3o do mutir\u00e3o e inspe\u00e7\u00e3o judicial ficar\u00e1 a cargo da Coordenadoria das Execu\u00e7\u00f5es Penais, por seus ju\u00edzes coordenadores.<\/p>\n<p style=\"text-align: justify;\"><strong>Art. 5\u00ba<\/strong> Este Ato entra em vigor na data de sua publica\u00e7\u00e3o.<\/p>\n<p style=\"text-align: center;\"><strong>DESEMBARGADOR ARNALDO SANTOS SOUZA<\/strong><br \/>\n<strong> Vice-Presidente no exerc\u00edcio da Presid\u00eancia<\/strong><\/p>\n","protected":false},"excerpt":{"rendered":"<p>ESTADO DO ESP\u00cdRITO SANTO PODER JUDICI\u00c1RIO TRIBUNAL DE JUSTI\u00c7A ATO NORMATIVO N\u00ba 43\/2010 Institui o regime de inspe\u00e7\u00e3o e mutir\u00e3o carcer\u00e1rio nas varas criminais, de execu\u00e7\u00f5es penais e Central de Inqu\u00e9ritos em todo o Estado do Esp\u00edrito Santo. O Vice-Presidente Desembargador ARNALDO SANTOS SOUZA, no exerc\u00edcio da Presid\u00eancia do Tribunal de Justi\u00e7a do Estado do [&hellip;]<\/p>\n","protected":false},"author":3,"featured_media":0,"comment_status":"open","ping_status":"open","sticky":false,"template":"","format":"standard","meta":{"footnotes":""},"categories":[4,14],"tags":[],"_links":{"self":[{"href":"https:\/\/www.tjes.jus.br\/corregedoria\/wp-json\/wp\/v2\/posts\/14670"}],"collection":[{"href":"https:\/\/www.tjes.jus.br\/corregedoria\/wp-json\/wp\/v2\/posts"}],"about":[{"href":"https:\/\/www.tjes.jus.br\/corregedoria\/wp-json\/wp\/v2\/types\/post"}],"author":[{"embeddable":true,"href":"https:\/\/www.tjes.jus.br\/corregedoria\/wp-json\/wp\/v2\/users\/3"}],"replies":[{"embeddable":true,"href":"https:\/\/www.tjes.jus.br\/corregedoria\/wp-json\/wp\/v2\/comments?post=14670"}],"version-history":[{"count":1,"href":"https:\/\/www.tjes.jus.br\/corregedoria\/wp-json\/wp\/v2\/posts\/14670\/revisions"}],"predecessor-version":[{"id":14671,"href":"https:\/\/www.tjes.jus.br\/corregedoria\/wp-json\/wp\/v2\/posts\/14670\/revisions\/14671"}],"wp:attachment":[{"href":"https:\/\/www.tjes.jus.br\/corregedoria\/wp-json\/wp\/v2\/media?parent=14670"}],"wp:term":[{"taxonomy":"category","embeddable":true,"href":"https:\/\/www.tjes.jus.br\/corregedoria\/wp-json\/wp\/v2\/categories?post=14670"},{"taxonomy":"post_tag","embeddable":true,"href":"https:\/\/www.tjes.jus.br\/corregedoria\/wp-json\/wp\/v2\/tags?post=14670"}],"curies":[{"name":"wp","href":"https:\/\/api.w.org\/{rel}","templated":true}]}}