{"id":14719,"date":"2017-04-25T13:16:12","date_gmt":"2017-04-25T16:16:12","guid":{"rendered":"https:\/\/www.tjes.jus.br\/corregedoria\/?p=14719"},"modified":"2017-08-01T13:31:16","modified_gmt":"2017-08-01T16:31:16","slug":"ato-no-0532017-disp-02032017","status":"publish","type":"post","link":"https:\/\/www.tjes.jus.br\/corregedoria\/2017\/04\/25\/ato-no-0532017-disp-02032017\/","title":{"rendered":"ATO N\u00ba 053\/2017 &#8211; DISP. 02\/03\/2017 &#8211; CESSAR EFEITOS"},"content":{"rendered":"<p style=\"text-align: center;\"><del><strong>CORREGEDORIA GERAL DA JUSTI\u00c7A<\/strong><\/del><\/p>\n<p style=\"text-align: center;\"><del><strong>PODER JUDICI\u00c1RIO<\/strong><\/del><\/p>\n<p style=\"text-align: center;\"><del><strong>ESTADO DO ESP\u00cdRITO SANTO<\/strong><\/del><\/p>\n<p style=\"text-align: center;\"><del><strong>ATO N\u00ba 053\/2017<\/strong><\/del><\/p>\n<p style=\"text-align: justify;\"><del>O Desembargador RONALDO GON\u00c7ALVES DE SOUSA, Corregedor-Geral da Justi\u00e7a do Estado do Esp\u00edrito Santo, no uso de suas atribui\u00e7\u00f5es legais e de acordo com r. Decis\u00e3o\/Of\u00edcio, proferida nos autos do Processo Administrativo n\u00ba 2017.00.091.512, desta Corregedoria Geral da Justi\u00e7a,<\/del><\/p>\n<p style=\"text-align: justify;\"><del><strong>RESOLVE<\/strong>:<\/del><\/p>\n<p style=\"text-align: justify;\"><del><strong>DESIGNAR<\/strong> o Sr.WILSON TOTOLA FILHO, Oficial Titular do Cart\u00f3rio do Registro Civil e Tabelionato do Distrito de Santo Ant\u00f4nio, para responder em car\u00e1ter prec\u00e1rio e interinamente, em confian\u00e7a do Poder P\u00fablico, pelo Cart\u00f3rio do Registro Civil e Tabelionato do Distrito de Cachoeira de Ita\u00fanas \u2013 ambos da Comarca de Barra de S\u00e3o Francisco\/ES, at\u00e9 ulterior provimento da titularidade do servi\u00e7o mediante investidura nos moldes constitucionais (CRFB\/1988, art. 236, \u00a7 3\u00ba).<\/del><\/p>\n<p style=\"text-align: justify;\"><del><strong>Publique-se<\/strong>.<\/del><\/p>\n<p style=\"text-align: justify;\"><del>Vit\u00f3ria-ES, 23 de fevereiro de 2017.<\/del><\/p>\n<p style=\"text-align: center;\"><del><strong>Desembargador\u00a0RONALDO GON\u00c7ALVES DE SOUSA<br \/>\nCorregedor-Geral da Justi\u00e7a<\/strong><\/del><\/p>\n<h2 style=\"text-align: center;\"><span style=\"color: #ff0000;\">EFEITOS CESSADOS PELO\u00a0<a href=\"https:\/\/www.tjes.jus.br\/corregedoria\/index.php\/2017\/08\/01\/ato-no-0912017-disp-01082017\/\" target=\"_blank\" rel=\"noopener noreferrer\">ATO N\u00ba 091\/2017<\/a> &#8211; DISP. 01\/08\/2017<\/span><\/h2>\n","protected":false},"excerpt":{"rendered":"<p>CORREGEDORIA GERAL DA JUSTI\u00c7A PODER JUDICI\u00c1RIO ESTADO DO ESP\u00cdRITO SANTO ATO N\u00ba 053\/2017 O Desembargador RONALDO GON\u00c7ALVES DE SOUSA, Corregedor-Geral da Justi\u00e7a do Estado do Esp\u00edrito Santo, no uso de suas atribui\u00e7\u00f5es legais e de acordo com r. Decis\u00e3o\/Of\u00edcio, proferida nos autos do Processo Administrativo n\u00ba 2017.00.091.512, desta Corregedoria Geral da Justi\u00e7a, RESOLVE: DESIGNAR o [&hellip;]<\/p>\n","protected":false},"author":3,"featured_media":0,"comment_status":"open","ping_status":"open","sticky":false,"template":"","format":"standard","meta":{"footnotes":""},"categories":[18,14],"tags":[],"_links":{"self":[{"href":"https:\/\/www.tjes.jus.br\/corregedoria\/wp-json\/wp\/v2\/posts\/14719"}],"collection":[{"href":"https:\/\/www.tjes.jus.br\/corregedoria\/wp-json\/wp\/v2\/posts"}],"about":[{"href":"https:\/\/www.tjes.jus.br\/corregedoria\/wp-json\/wp\/v2\/types\/post"}],"author":[{"embeddable":true,"href":"https:\/\/www.tjes.jus.br\/corregedoria\/wp-json\/wp\/v2\/users\/3"}],"replies":[{"embeddable":true,"href":"https:\/\/www.tjes.jus.br\/corregedoria\/wp-json\/wp\/v2\/comments?post=14719"}],"version-history":[{"count":3,"href":"https:\/\/www.tjes.jus.br\/corregedoria\/wp-json\/wp\/v2\/posts\/14719\/revisions"}],"predecessor-version":[{"id":17720,"href":"https:\/\/www.tjes.jus.br\/corregedoria\/wp-json\/wp\/v2\/posts\/14719\/revisions\/17720"}],"wp:attachment":[{"href":"https:\/\/www.tjes.jus.br\/corregedoria\/wp-json\/wp\/v2\/media?parent=14719"}],"wp:term":[{"taxonomy":"category","embeddable":true,"href":"https:\/\/www.tjes.jus.br\/corregedoria\/wp-json\/wp\/v2\/categories?post=14719"},{"taxonomy":"post_tag","embeddable":true,"href":"https:\/\/www.tjes.jus.br\/corregedoria\/wp-json\/wp\/v2\/tags?post=14719"}],"curies":[{"name":"wp","href":"https:\/\/api.w.org\/{rel}","templated":true}]}}