{"id":14726,"date":"2017-04-25T13:27:11","date_gmt":"2017-04-25T16:27:11","guid":{"rendered":"https:\/\/www.tjes.jus.br\/corregedoria\/?p=14726"},"modified":"2017-04-25T13:27:11","modified_gmt":"2017-04-25T16:27:11","slug":"ato-no-11432006-publ-01062006-efeitos-cessados","status":"publish","type":"post","link":"https:\/\/www.tjes.jus.br\/corregedoria\/2017\/04\/25\/ato-no-11432006-publ-01062006-efeitos-cessados\/","title":{"rendered":"ATO N\u00ba 1143\/2006 &#8211; PUBL. 01\/06\/2006 &#8211; EFEITOS CESSADOS"},"content":{"rendered":"<p style=\"text-align: center;\"><del><strong>ESTADO DO ESP\u00cdRITO SANTO<\/strong><\/del><\/p>\n<p style=\"text-align: center;\"><del><strong>PODER JUDICI\u00c1RIO<\/strong><\/del><\/p>\n<p style=\"text-align: center;\"><del><strong>CORREGEDORIA GERAL DA JUSTI\u00c7A<\/strong><\/del><\/p>\n<p style=\"text-align: justify;\"><del><strong>ATOS ASSINADOS PELO EXM\u00ba. SR. DESEMBARGADOR ARNALDO SANTOS SOUZA, CORREGEDOR GERAL DA JUSTI\u00c7A DO ESTADO DO ESP\u00cdRITO SANTO EM EXERC\u00cdCIO, DATADOS DE 31 DE MAIO DE 2006<\/strong><\/del><\/p>\n<p style=\"text-align: justify;\"><del><strong>ATO N.\u00ba 1143\/05\/06<\/strong>: Resolve designar a Sr.\u00aa MARIA AM\u00c9RICA DE OLIVEIRA para RESPONDER PELA TITULARIDADE do Cart\u00f3rio do Registro Civil e Tabelionato de Vila Cachoeirinha de Ita\u00fanas, Serventia N\u00e3o Oficializada da Comarca de Barra de S\u00e3o Francisco, de 3\u00aa Entr\u00e2ncia, a partir de 27\/04\/06.<\/del><\/p>\n<p style=\"text-align: justify;\"><del>Vit\u00f3ria, 31 de maio de 2006.<\/del><\/p>\n<p style=\"text-align: center;\"><del><strong>DES. ARNALDO SANTOS SOUZA<br \/>\nCORREGEDOR GERAL DA JUSTI\u00c7A EM EXERC\u00cdCIO<\/strong><\/del><\/p>\n<h2 style=\"text-align: center;\"><span style=\"color: #ff0000;\">EFEITOS CESSADOS PELO\u00a0<a href=\"https:\/\/www.tjes.jus.br\/corregedoria\/index.php\/2017\/04\/25\/ato-no-0522017-disp-02032017\/\" target=\"_blank\">ATO N\u00ba 052\/2017<\/a> &#8211; DISP. 02\/03\/2017<\/span><\/h2>\n","protected":false},"excerpt":{"rendered":"<p>ESTADO DO ESP\u00cdRITO SANTO PODER JUDICI\u00c1RIO CORREGEDORIA GERAL DA JUSTI\u00c7A ATOS ASSINADOS PELO EXM\u00ba. SR. DESEMBARGADOR ARNALDO SANTOS SOUZA, CORREGEDOR GERAL DA JUSTI\u00c7A DO ESTADO DO ESP\u00cdRITO SANTO EM EXERC\u00cdCIO, DATADOS DE 31 DE MAIO DE 2006 ATO N.\u00ba 1143\/05\/06: Resolve designar a Sr.\u00aa MARIA AM\u00c9RICA DE OLIVEIRA para RESPONDER PELA TITULARIDADE do Cart\u00f3rio do [&hellip;]<\/p>\n","protected":false},"author":3,"featured_media":0,"comment_status":"open","ping_status":"open","sticky":false,"template":"","format":"standard","meta":{"footnotes":""},"categories":[18,14],"tags":[],"_links":{"self":[{"href":"https:\/\/www.tjes.jus.br\/corregedoria\/wp-json\/wp\/v2\/posts\/14726"}],"collection":[{"href":"https:\/\/www.tjes.jus.br\/corregedoria\/wp-json\/wp\/v2\/posts"}],"about":[{"href":"https:\/\/www.tjes.jus.br\/corregedoria\/wp-json\/wp\/v2\/types\/post"}],"author":[{"embeddable":true,"href":"https:\/\/www.tjes.jus.br\/corregedoria\/wp-json\/wp\/v2\/users\/3"}],"replies":[{"embeddable":true,"href":"https:\/\/www.tjes.jus.br\/corregedoria\/wp-json\/wp\/v2\/comments?post=14726"}],"version-history":[{"count":1,"href":"https:\/\/www.tjes.jus.br\/corregedoria\/wp-json\/wp\/v2\/posts\/14726\/revisions"}],"predecessor-version":[{"id":14727,"href":"https:\/\/www.tjes.jus.br\/corregedoria\/wp-json\/wp\/v2\/posts\/14726\/revisions\/14727"}],"wp:attachment":[{"href":"https:\/\/www.tjes.jus.br\/corregedoria\/wp-json\/wp\/v2\/media?parent=14726"}],"wp:term":[{"taxonomy":"category","embeddable":true,"href":"https:\/\/www.tjes.jus.br\/corregedoria\/wp-json\/wp\/v2\/categories?post=14726"},{"taxonomy":"post_tag","embeddable":true,"href":"https:\/\/www.tjes.jus.br\/corregedoria\/wp-json\/wp\/v2\/tags?post=14726"}],"curies":[{"name":"wp","href":"https:\/\/api.w.org\/{rel}","templated":true}]}}