{"id":14832,"date":"2017-04-26T13:50:54","date_gmt":"2017-04-26T16:50:54","guid":{"rendered":"https:\/\/www.tjes.jus.br\/corregedoria\/?p=14832"},"modified":"2017-04-26T13:50:54","modified_gmt":"2017-04-26T16:50:54","slug":"ato-normativo-no-662010-disp-30122010","status":"publish","type":"post","link":"https:\/\/www.tjes.jus.br\/corregedoria\/2017\/04\/26\/ato-normativo-no-662010-disp-30122010\/","title":{"rendered":"ATO NORMATIVO N\u00ba 66\/2010 &#8211; DISP. 30\/12\/2010"},"content":{"rendered":"<p style=\"text-align: center;\"><strong>ESTADO DO ESP\u00cdRITO SANTO<\/strong><\/p>\n<p style=\"text-align: center;\"><strong>PODER JUDICI\u00c1RIO<\/strong><\/p>\n<p style=\"text-align: center;\"><strong>TRIBUNAL DE JUSTI\u00c7A<\/strong><\/p>\n<p style=\"text-align: center;\"><strong>ATO NORMATIVO 66\/2010<\/strong><\/p>\n<p style=\"text-align: justify;\">O Excelent\u00edssimo Senhor Desembargador Manoel Alves Rabelo, Presidente do Egr\u00e9gio Tribunal de Justi\u00e7a do Estado do Esp\u00edrito Santo, no uso de suas atribui\u00e7\u00f5es legais, e<\/p>\n<p style=\"text-align: justify;\"><strong>CONSIDERANDO<\/strong> os termos do Of\u00edcio n\u00ba SJ n\u00ba 408\/2010, da lavra do Exmo. Senhor Juiz de Direito, Dr. Jorge Orrevan Vaccari Filho, plantonista, nesta data, da Terceira Zona Judici\u00e1ria, protocolizado neste Tribunal de Justi\u00e7a sob o n\u00ba 2010.00.133.6609;<\/p>\n<p style=\"text-align: justify;\"><strong>CONSIDERANDO<\/strong> o disposto no Art. 58 da Resolu\u00e7\u00e3o n\u00ba 15\/95 &#8211; Regimento Interno do Tribunal de Justi\u00e7a do Estado do Esp\u00edrito Santo, que atribui ao Presidente do Tribunal de Justi\u00e7a a compet\u00eancia geral para exercer a superintend\u00eancia de todo o servi\u00e7o judici\u00e1rio, na qualidade de Chefe da Magistratura do Estado;<\/p>\n<p style=\"text-align: justify;\"><strong>RESOLVE<\/strong>:<\/p>\n<p style=\"text-align: justify;\"><strong>AUTORIZAR<\/strong> o fechamento do F\u00f3rum da Comarca de Itarana, de 1\u00aa Entr\u00e2ncia, no dia 29 de dezembro de 2010, em raz\u00e3o das fortes chuvas que assolam o munic\u00edpio.<\/p>\n<p style=\"text-align: justify;\"><strong>Publique-se<\/strong>.<\/p>\n<p style=\"text-align: justify;\">Vit\u00f3ria, 29 de dezembro de 2010.<\/p>\n<p style=\"text-align: center;\"><strong>Desembargador Manoel Alves Rabelo<br \/>\nPresidente<\/strong><\/p>\n","protected":false},"excerpt":{"rendered":"<p>ESTADO DO ESP\u00cdRITO SANTO PODER JUDICI\u00c1RIO TRIBUNAL DE JUSTI\u00c7A ATO NORMATIVO 66\/2010 O Excelent\u00edssimo Senhor Desembargador Manoel Alves Rabelo, Presidente do Egr\u00e9gio Tribunal de Justi\u00e7a do Estado do Esp\u00edrito Santo, no uso de suas atribui\u00e7\u00f5es legais, e CONSIDERANDO os termos do Of\u00edcio n\u00ba SJ n\u00ba 408\/2010, da lavra do Exmo. Senhor Juiz de Direito, Dr. [&hellip;]<\/p>\n","protected":false},"author":3,"featured_media":0,"comment_status":"open","ping_status":"open","sticky":false,"template":"","format":"standard","meta":{"footnotes":""},"categories":[4,14],"tags":[],"_links":{"self":[{"href":"https:\/\/www.tjes.jus.br\/corregedoria\/wp-json\/wp\/v2\/posts\/14832"}],"collection":[{"href":"https:\/\/www.tjes.jus.br\/corregedoria\/wp-json\/wp\/v2\/posts"}],"about":[{"href":"https:\/\/www.tjes.jus.br\/corregedoria\/wp-json\/wp\/v2\/types\/post"}],"author":[{"embeddable":true,"href":"https:\/\/www.tjes.jus.br\/corregedoria\/wp-json\/wp\/v2\/users\/3"}],"replies":[{"embeddable":true,"href":"https:\/\/www.tjes.jus.br\/corregedoria\/wp-json\/wp\/v2\/comments?post=14832"}],"version-history":[{"count":1,"href":"https:\/\/www.tjes.jus.br\/corregedoria\/wp-json\/wp\/v2\/posts\/14832\/revisions"}],"predecessor-version":[{"id":14833,"href":"https:\/\/www.tjes.jus.br\/corregedoria\/wp-json\/wp\/v2\/posts\/14832\/revisions\/14833"}],"wp:attachment":[{"href":"https:\/\/www.tjes.jus.br\/corregedoria\/wp-json\/wp\/v2\/media?parent=14832"}],"wp:term":[{"taxonomy":"category","embeddable":true,"href":"https:\/\/www.tjes.jus.br\/corregedoria\/wp-json\/wp\/v2\/categories?post=14832"},{"taxonomy":"post_tag","embeddable":true,"href":"https:\/\/www.tjes.jus.br\/corregedoria\/wp-json\/wp\/v2\/tags?post=14832"}],"curies":[{"name":"wp","href":"https:\/\/api.w.org\/{rel}","templated":true}]}}