{"id":14844,"date":"2017-04-26T14:08:01","date_gmt":"2017-04-26T17:08:01","guid":{"rendered":"https:\/\/www.tjes.jus.br\/corregedoria\/?p=14844"},"modified":"2017-04-26T14:08:01","modified_gmt":"2017-04-26T17:08:01","slug":"inclusao-publ-em-17012011-no-ato-normativo-no-132010","status":"publish","type":"post","link":"https:\/\/www.tjes.jus.br\/corregedoria\/2017\/04\/26\/inclusao-publ-em-17012011-no-ato-normativo-no-132010\/","title":{"rendered":"INCLUS\u00c3O PUBL. EM 17\/01\/2011 NO ATO NORMATIVO N\u00ba 13\/2010"},"content":{"rendered":"<p style=\"text-align: center;\"><strong>ESTADO DO ESP\u00cdRITO SANTO<\/strong><\/p>\n<p style=\"text-align: center;\"><strong>PODER JUDICI\u00c1RIO<\/strong><\/p>\n<p style=\"text-align: center;\"><strong>TRIBUNAL DE JUSTI\u00c7A<\/strong><\/p>\n<p style=\"text-align: center;\"><strong>INCLUS\u00c3O ASSINADA PELO EXCELENT\u00cdSSIMO SENHOR DESEMBARGADOR PRESIDENTE DO EGR\u00c9GIO TRIBUNAL DE JUSTI\u00c7A DO ESP\u00cdRITO SANTO.<\/strong><\/p>\n<p style=\"text-align: justify;\">Na reda\u00e7\u00e3o do <a href=\"https:\/\/www.tjes.jus.br\/corregedoria\/index.php\/2016\/08\/25\/ato-normativo-no-132010-disp-23032010-alterado\/\" target=\"_blank\">Ato Normativo n\u00ba 13\/2010<\/a>, art 1\u00ba, publicado no &#8220;DJ&#8221; de 23\/03\/2010, referente a Comiss\u00e3o Multidisciplinar de Acessibilidade composta pelos servidores&#8230;<\/p>\n<p style=\"text-align: justify;\"><strong>INCLUIR: L\u00daCIA BARCELOS FARIAS<\/strong><\/p>\n<p style=\"text-align: justify;\"><strong>P U B L I Q U E &#8211; S E<\/strong><\/p>\n<p style=\"text-align: justify;\">Vit\u00f3ria, 12 de janeiro de 2011.<\/p>\n<p style=\"text-align: center;\"><strong>Desembargador MANOEL ALVES RABELO<br \/>\nPRESIDENTE<\/strong><\/p>\n","protected":false},"excerpt":{"rendered":"<p>ESTADO DO ESP\u00cdRITO SANTO PODER JUDICI\u00c1RIO TRIBUNAL DE JUSTI\u00c7A INCLUS\u00c3O ASSINADA PELO EXCELENT\u00cdSSIMO SENHOR DESEMBARGADOR PRESIDENTE DO EGR\u00c9GIO TRIBUNAL DE JUSTI\u00c7A DO ESP\u00cdRITO SANTO. Na reda\u00e7\u00e3o do Ato Normativo n\u00ba 13\/2010, art 1\u00ba, publicado no &#8220;DJ&#8221; de 23\/03\/2010, referente a Comiss\u00e3o Multidisciplinar de Acessibilidade composta pelos servidores&#8230; INCLUIR: L\u00daCIA BARCELOS FARIAS P U B L [&hellip;]<\/p>\n","protected":false},"author":3,"featured_media":0,"comment_status":"open","ping_status":"open","sticky":false,"template":"","format":"standard","meta":{"footnotes":""},"categories":[4,14],"tags":[],"_links":{"self":[{"href":"https:\/\/www.tjes.jus.br\/corregedoria\/wp-json\/wp\/v2\/posts\/14844"}],"collection":[{"href":"https:\/\/www.tjes.jus.br\/corregedoria\/wp-json\/wp\/v2\/posts"}],"about":[{"href":"https:\/\/www.tjes.jus.br\/corregedoria\/wp-json\/wp\/v2\/types\/post"}],"author":[{"embeddable":true,"href":"https:\/\/www.tjes.jus.br\/corregedoria\/wp-json\/wp\/v2\/users\/3"}],"replies":[{"embeddable":true,"href":"https:\/\/www.tjes.jus.br\/corregedoria\/wp-json\/wp\/v2\/comments?post=14844"}],"version-history":[{"count":1,"href":"https:\/\/www.tjes.jus.br\/corregedoria\/wp-json\/wp\/v2\/posts\/14844\/revisions"}],"predecessor-version":[{"id":14845,"href":"https:\/\/www.tjes.jus.br\/corregedoria\/wp-json\/wp\/v2\/posts\/14844\/revisions\/14845"}],"wp:attachment":[{"href":"https:\/\/www.tjes.jus.br\/corregedoria\/wp-json\/wp\/v2\/media?parent=14844"}],"wp:term":[{"taxonomy":"category","embeddable":true,"href":"https:\/\/www.tjes.jus.br\/corregedoria\/wp-json\/wp\/v2\/categories?post=14844"},{"taxonomy":"post_tag","embeddable":true,"href":"https:\/\/www.tjes.jus.br\/corregedoria\/wp-json\/wp\/v2\/tags?post=14844"}],"curies":[{"name":"wp","href":"https:\/\/api.w.org\/{rel}","templated":true}]}}