{"id":15343,"date":"2017-05-18T13:36:45","date_gmt":"2017-05-18T16:36:45","guid":{"rendered":"https:\/\/www.tjes.jus.br\/corregedoria\/?p=15343"},"modified":"2017-05-18T13:37:05","modified_gmt":"2017-05-18T16:37:05","slug":"provimento-cgjes-no-0122017-disp-18052017-republicacao","status":"publish","type":"post","link":"https:\/\/www.tjes.jus.br\/corregedoria\/2017\/05\/18\/provimento-cgjes-no-0122017-disp-18052017-republicacao\/","title":{"rendered":"PROVIMENTO CGJES N\u00ba 012\/2017 &#8211; DISP. 18\/05\/2017 &#8211; REPUBLICA\u00c7\u00c3O"},"content":{"rendered":"<p style=\"text-align: center;\"><strong>ESTADO DO ESP\u00cdRITO SANTO<\/strong><\/p>\n<p style=\"text-align: center;\"><strong>PODER JUDICI\u00c1RIO<\/strong><\/p>\n<p style=\"text-align: center;\"><strong>CORREGEDORIA GERAL DA JUSTI\u00c7A<\/strong><\/p>\n<p style=\"text-align: center;\"><strong>PROVIMENTO CGJES N.\u00ba 012\/2017<\/strong><\/p>\n<p style=\"text-align: center;\"><strong>(<em>Processo CGJES n.\u00ba 201400881626<\/em>)<\/strong><\/p>\n<p style=\"text-align: justify;\"><em>Autoriza e disciplina a implanta\u00e7\u00e3o do Sistema Eletr\u00f4nico de Recadastramento dos Delegat\u00e1rios do Foro Extrajudicial e do Projeto Piloto no Estado do Esp\u00edrito Santo.<\/em><\/p>\n<p style=\"text-align: justify;\">O excelent\u00edssimo Senhor Desembargador <strong>RONALDO GON\u00c7ALVES DE SOUSA<\/strong>, Corregedor\u2010Geral da Justi\u00e7a do Estado do Esp\u00edrito Santo, no uso de suas atribui\u00e7\u00f5es legais e,<\/p>\n<p style=\"text-align: justify;\"><strong>CONSIDERANDO <\/strong>ser a Corregedoria Geral da Justi\u00e7a \u00f3rg\u00e3o de fiscaliza\u00e7\u00e3o, disciplina e orienta\u00e7\u00e3o administrativa do foro extrajudicial, com jurisdi\u00e7\u00e3o em todo o Estado do Esp\u00edrito Santo, conforme disposto no art. 35 da Lei Complementar Estadual n.\u00ba 234\/02 c\/c art. 37 da Lei n.\u00ba 8.935\/94;<\/p>\n<p style=\"text-align: justify;\"><strong>CONSIDERANDO <\/strong>a necessidade de imprimir maior celeridade, efici\u00eancia e economia de material e pessoal na atualiza\u00e7\u00e3o e divulga\u00e7\u00e3o dos dados funcionais dos delegat\u00e1rios e respectivas serventias do foro extrajudicial deste Estado;<\/p>\n<p style=\"text-align: justify;\"><strong>CONSIDERANDO, por fim, o quanto deliberado nos autos do Processo CGJES n.\u00ba 201400881626, que versam sobre o acompanhamento do desenvolvimento e implanta\u00e7\u00e3o do <em>Sistema Eletr\u00f4nico de Recadastramento de Delegat\u00e1rios do Foro Extrajudicial deste Estado, <\/em>cuja iniciativa \u00e9 desta CGJES;<\/strong><\/p>\n<p style=\"text-align: justify;\"><strong>RESOLVE:<\/strong><\/p>\n<p style=\"text-align: justify;\"><strong>Art. 1\u00ba. CONVOCAR<\/strong> os delegat\u00e1rios do foro extrajudicial deste Estado abaixo relacionados, a acessarem, como integrantes do Projeto Piloto, o console do Recadastramento Eletr\u00f4nico desenvolvido pela Secretaria Judici\u00e1ria de Tecnologia da Informa\u00e7\u00e3o desta eg. Corte Estadual (STI\/TJES).<\/p>\n<p style=\"text-align: justify;\"><strong>I \u2013 <\/strong>o <strong>Sr. Helv\u00e9cio Duia Castello<\/strong>, Oficial Interino do Cart\u00f3rio da 3\u00aa Zona Imobili\u00e1ria de Vit\u00f3ria, Comarca da Capital\/ES;<\/p>\n<p style=\"text-align: justify;\"><strong>II \u2013 <\/strong>a <strong>Sr.\u00aa Gerusa Corteletti Ronconi<\/strong>, Oficiala Titular do Cart\u00f3rio do 2\u00ba Of\u00edcio de Notas de Vila Velha, Comarca da Capital\/ES; e<\/p>\n<p style=\"text-align: justify;\"><strong>III \u2013 <\/strong>o <strong>Sr. Evandro Sarlo Ant\u00f4nio<\/strong>, Oficial Interventor do Cart\u00f3rio do 1\u00ba Of\u00edcio Registro Geral de Im\u00f3veis e Anexos de Cariacica, Comarca da Capital\/ES.<\/p>\n<p style=\"text-align: justify;\"><strong>Par\u00e1grafo \u00fanico. <\/strong>O acesso ao console do Recadastramento Eletr\u00f4nico pelos delegat\u00e1rios inclu\u00eddos no Projeto Piloto dar\u2010se\u2010\u00e1 a partir do dia <strong>05 de junho do corrente ano (2017)<\/strong>, com t\u00e9rmino no dia <strong>16 de junho do corrente ano (2017)<\/strong>.<\/p>\n<p style=\"text-align: justify;\"><strong>Art. 2\u00ba. <\/strong>A senha de acesso ao console do Recadastramento Eletr\u00f4nico ser\u00e1 solicitada diretamente \u00e0 Corregedoria Geral da Justi\u00e7a, via Sistema Hermes \u2013 Malote Digital da Coordenadoria de Monitoramento de Foro Extrajudicial (CMFE).<\/p>\n<p style=\"text-align: justify;\"><strong>\u00a7 1\u00ba. <\/strong>Os delegat\u00e1rios titulares, interinos e interventores das serventias receber\u00e3o identifica\u00e7\u00e3o \u00fanica de usu\u00e1rio (login), bem como senha inicial para acesso ao console do Recadastramento Eletr\u00f4nico, junto ao seguinte endere\u00e7o eletr\u00f4nico: <a href=\"http:\/\/sistemas.homologacao.tjes.jus.br\/ForoExtrajudicial\"><strong>http:\/\/sistemas.homologacao.tjes.jus.br\/ForoExtrajudicial<\/strong><\/a>.<\/p>\n<p style=\"text-align: justify;\"><strong>\u00a7 2\u00ba. <\/strong>O delegat\u00e1rio titular, interino ou interventor da serventia, de posse da identifica\u00e7\u00e3o e senha, efetuar\u00e1, por meio do console do Recadastramento Eletr\u00f4nico disponibilizado pela STI\/TJES, a inser\u00e7\u00e3o dos dados funcionais, conforme os par\u00e2metros previamente validados por esta Corregedoria Geral da Justi\u00e7a do Estado do Esp\u00edrito Santo.<\/p>\n<p style=\"text-align: justify;\"><strong>Art. 3\u00ba. Encerrado o prazo a que alude a regra do par\u00e1grafo \u00fanico do art. 1\u00ba do presente provimento, <\/strong>o delegat\u00e1rio titular, interino ou interventor da serventia dever\u00e1 encaminhar, no prazo de 05 (cinco) dias, via Sistema Hermes \u2013 Malote Digital da CMFE, relat\u00f3rio conclusivo acerca de sua experi\u00eancia como usu\u00e1rio do console do Recadastramento Eletr\u00f4nico, do qual poder\u00e1 constar cr\u00edticas, d\u00favidas e (ou) sugest\u00f5es, notadamente, quanto aos aspectos de uso e intera\u00e7\u00e3o com a ferramenta pelo usu\u00e1rio.<\/p>\n<p style=\"text-align: justify;\"><strong>Art. 4\u00ba. <\/strong>Este Provimento entra em vigor na data de sua publica\u00e7\u00e3o.<\/p>\n<p style=\"text-align: justify;\"><strong>Publique<\/strong><strong>\u2010se. Registre<\/strong><strong>\u2010se. Cumpra<\/strong><strong>\u2010se.<\/strong><\/p>\n<p style=\"text-align: justify;\">Vit\u00f3ria (ES), 05 de maio de 2017.<\/p>\n<p style=\"text-align: center;\"><strong>Desembargador RONALDO GON\u00c7ALVES DE SOUSA<\/strong><br \/>\n<strong>Corregedor<\/strong><strong>\u2010Geral da Justi\u00e7a<\/strong><\/p>\n","protected":false},"excerpt":{"rendered":"<p>ESTADO DO ESP\u00cdRITO SANTO PODER JUDICI\u00c1RIO CORREGEDORIA GERAL DA JUSTI\u00c7A PROVIMENTO CGJES N.\u00ba 012\/2017 (Processo CGJES n.\u00ba 201400881626) Autoriza e disciplina a implanta\u00e7\u00e3o do Sistema Eletr\u00f4nico de Recadastramento dos Delegat\u00e1rios do Foro Extrajudicial e do Projeto Piloto no Estado do Esp\u00edrito Santo. O excelent\u00edssimo Senhor Desembargador RONALDO GON\u00c7ALVES DE SOUSA, Corregedor\u2010Geral da Justi\u00e7a do Estado [&hellip;]<\/p>\n","protected":false},"author":3,"featured_media":0,"comment_status":"open","ping_status":"open","sticky":false,"template":"","format":"standard","meta":{"footnotes":""},"categories":[14,16],"tags":[],"_links":{"self":[{"href":"https:\/\/www.tjes.jus.br\/corregedoria\/wp-json\/wp\/v2\/posts\/15343"}],"collection":[{"href":"https:\/\/www.tjes.jus.br\/corregedoria\/wp-json\/wp\/v2\/posts"}],"about":[{"href":"https:\/\/www.tjes.jus.br\/corregedoria\/wp-json\/wp\/v2\/types\/post"}],"author":[{"embeddable":true,"href":"https:\/\/www.tjes.jus.br\/corregedoria\/wp-json\/wp\/v2\/users\/3"}],"replies":[{"embeddable":true,"href":"https:\/\/www.tjes.jus.br\/corregedoria\/wp-json\/wp\/v2\/comments?post=15343"}],"version-history":[{"count":2,"href":"https:\/\/www.tjes.jus.br\/corregedoria\/wp-json\/wp\/v2\/posts\/15343\/revisions"}],"predecessor-version":[{"id":15346,"href":"https:\/\/www.tjes.jus.br\/corregedoria\/wp-json\/wp\/v2\/posts\/15343\/revisions\/15346"}],"wp:attachment":[{"href":"https:\/\/www.tjes.jus.br\/corregedoria\/wp-json\/wp\/v2\/media?parent=15343"}],"wp:term":[{"taxonomy":"category","embeddable":true,"href":"https:\/\/www.tjes.jus.br\/corregedoria\/wp-json\/wp\/v2\/categories?post=15343"},{"taxonomy":"post_tag","embeddable":true,"href":"https:\/\/www.tjes.jus.br\/corregedoria\/wp-json\/wp\/v2\/tags?post=15343"}],"curies":[{"name":"wp","href":"https:\/\/api.w.org\/{rel}","templated":true}]}}