{"id":15367,"date":"2017-05-18T14:54:53","date_gmt":"2017-05-18T17:54:53","guid":{"rendered":"https:\/\/www.tjes.jus.br\/corregedoria\/?p=15367"},"modified":"2017-05-26T12:42:20","modified_gmt":"2017-05-26T15:42:20","slug":"ato-normativo-no-0282012-disp-02032012-alterado","status":"publish","type":"post","link":"https:\/\/www.tjes.jus.br\/corregedoria\/2017\/05\/18\/ato-normativo-no-0282012-disp-02032012-alterado\/","title":{"rendered":"ATO NORMATIVO N\u00ba 028\/2012 &#8211; DISP. 02\/03\/2012 &#8211; ALTERADO"},"content":{"rendered":"<p style=\"text-align: center;\"><strong>PODER JUDICI\u00c1RIO DO ESTADO DO ESP\u00cdRITO SANTO<\/strong><\/p>\n<p style=\"text-align: center;\"><strong>TRIBUNAL DE JUSTI\u00c7A<\/strong><\/p>\n<p style=\"text-align: center;\"><strong>ATO NORMATIVO N\u00ba 28\/2012<\/strong><\/p>\n<p style=\"text-align: justify;\"><em>Instituir a \u201cCOMISS\u00c3O GESTORA DO PLANO DE CONTAS APLICADO AO SETOR P\u00daBLICO DA STN\u201d do Tribunal de Justi\u00e7a do Estado do Esp\u00edrito Santo.<\/em><\/p>\n<p style=\"text-align: justify;\">O Excelent\u00edssimo Senhor Desembargador Pedro Valls Feu Rosa, Presidente do Tribunal de Justi\u00e7a do Estado do Esp\u00edrito Santo, no uso de suas atribui\u00e7\u00f5es legais, e<\/p>\n<p style=\"text-align: justify;\"><strong>CONSIDERANDO<\/strong> o disposto no inciso III, do artigo 67 da Lei Complementar n.\u00ba 101\/2000 \u2013 Lei de Responsabilidade Fiscal;<\/p>\n<p style=\"text-align: justify;\"><strong>CONSIDERANDO<\/strong> o disposto no inciso I do art. 6\u00ba do Decreto n.\u00ba 6976\/2009 e no inciso I do art. 17 da Lei n\u00ba 10.180\/2001, que conferem \u00e0 Secretaria do Tesouro Nacional (STN) do Minist\u00e9rio da Fazenda (MF) a condi\u00e7\u00e3o de \u00f3rg\u00e3o central do Sistema de Contabilidade Federal;<\/p>\n<p style=\"text-align: justify;\"><strong>CONSIDERANDO<\/strong> o disposto na Portaria n\u00ba 828, de 14\/12\/2011, da Secretaria do Tesouro Nacional (STN), que destaca a necessidade de padronizar os procedimentos cont\u00e1beis nos tr\u00eas n\u00edveis de governo, com o objetivo de orientar e dar apoio \u00e0 gest\u00e3o patrimonial na forma estabelecida na Lei Complementar n\u00ba 101\/2000 \u2013 Lei de Responsabilidade Fiscal, bem como as altera\u00e7\u00f5es dos artigos 6\u00ba e 7\u00ba da Portaria do STN n\u00ba 406, de 20 de junho de 2011;<\/p>\n<p style=\"text-align: justify;\"><strong>RESOLVE<\/strong>:<\/p>\n<p style=\"text-align: justify;\"><strong>Art. 1\u00ba <\/strong>Instituir a \u201cComiss\u00e3o Gestora do Plano de Contas aplicado ao setor p\u00fablico da STN\u201d do Tribunal de Justi\u00e7a do Estado do Esp\u00edrito Santo.<\/p>\n<p style=\"text-align: justify;\"><strong>Art. 2\u00ba <\/strong>A \u201cComiss\u00e3o Gestora do Plano de Contas aplicado ao setor p\u00fablico da STN\u201d do TJES ser\u00e1 composta pelos seguintes servidores, diretamente subordinados \u00e0 Presid\u00eancia:<\/p>\n<p style=\"text-align: justify;\">I- Soneide de Almeida Santos: Coordenadora de Contabilidade, que ser\u00e1 a Presidente da Comiss\u00e3o;<\/p>\n<p style=\"text-align: justify;\">II- K\u00e1tia Santos Cardoso de Mendon\u00e7a: Coordenadora de Pagamento de Pessoal;<\/p>\n<p style=\"text-align: justify;\">III- Anderson Richa: Coordenador de Suprimentos e Controle Patrimonial;<\/p>\n<p style=\"text-align: justify;\">IV- Marcelo Venturott Ferreira: Chefe da Se\u00e7\u00e3o de Projetos Administrativos;<\/p>\n<p style=\"text-align: justify;\"><del>V- Carla Zambi Meirelles: Coordenadora de Auditoria;<\/del> <strong>(Revogado pelo <a href=\"https:\/\/www.tjes.jus.br\/corregedoria\/index.php\/2016\/06\/20\/ato-normativo-no-0242014-disp-03022014\/\" target=\"_blank\">Ato Normativo n\u00ba 024\/2014<\/a>, disponibilizado em 03\/02\/2014)<\/strong><\/p>\n<p style=\"text-align: justify;\"><del>VI &#8211; Gutemberg da Silva Oliveira: Analista Judici\u00e1rio 02 \u2013 \u00e1rea apoio especializado \u2013 contador, lotado na Secretaria de Finan\u00e7as e Execu\u00e7\u00e3o Or\u00e7ament\u00e1ria.<\/del><\/p>\n<p style=\"text-align: justify;\">VI \u2013 F\u00e1bio Miguel: Analista Judici\u00e1rio 01 \u2013 \u00c1rea: Apoio Especializado \u2013 Especialidade: T\u00e9cnico em Contabilidade. <strong>(Alterado pelo <a href=\"https:\/\/www.tjes.jus.br\/corregedoria\/index.php\/2016\/06\/23\/ato-normativo-n-1172013-disp-25092013\/\" target=\"_blank\">Ato Normativo n\u00ba 117\/2013<\/a>, disponibilizado em 25\/09\/2013)<\/strong><\/p>\n<p style=\"text-align: justify;\">Par\u00e1grafo \u00fanico. A Comiss\u00e3o ser\u00e1 presidida pela servidora Soneide de Almeida Santos, sendo substitu\u00edda pelo servidor Gutemberg da Silva Oliveira, quando necess\u00e1rio.<\/p>\n<p style=\"text-align: justify;\"><strong>Art. 3\u00ba <\/strong>As reuni\u00f5es da Comiss\u00e3o ser\u00e3o convocadas pela sua Presidente.<\/p>\n<p style=\"text-align: justify;\">Par\u00e1grafo \u00fanico. Em sendo necess\u00e1rio, a Presidente da Comiss\u00e3o poder\u00e1 convocar outros servidores para auxiliarem tecnicamente no desenvolvimento dos trabalhos.<\/p>\n<p style=\"text-align: justify;\"><strong>Art. 4\u00ba <\/strong>A Comiss\u00e3o dever\u00e1 adotar os procedimentos necess\u00e1rios para publicar o cronograma de a\u00e7\u00f5es a serem adotadas at\u00e9 o dia 20\/03\/2012, bem como cumprir todas as a\u00e7\u00f5es estabelecidas no mesmo.<\/p>\n<p style=\"text-align: justify;\"><strong>Art. 5\u00ba <\/strong>Este Ato Normativo entra em vigor na data da sua publica\u00e7\u00e3o.<\/p>\n<p style=\"text-align: justify;\">Vit\u00f3ria(ES), 01 de mar\u00e7o de 2012.<\/p>\n<p style=\"text-align: center;\"><strong>Desembargador Pedro Valls Feu Rosa<br \/>\nPresidente do Tribunal de Justi\u00e7a do Estado do Esp\u00edrito Santo<\/strong><\/p>\n<h2 class=\"contentheadingresolucoes_css\" style=\"text-align: center;\"><span style=\"color: #ff0000;\">ALTERADO PELO\u00a0<a href=\"https:\/\/www.tjes.jus.br\/corregedoria\/index.php\/2016\/06\/23\/ato-normativo-n-1172013-disp-25092013\/\" target=\"_blank\">ATO NORMATIVO N\u00ba 117\/2013<\/a> &#8211; DISP. 25\/09\/2013<\/span><\/h2>\n<h2 class=\"contentheadingresolucoes_css\" style=\"text-align: center;\"><span style=\"color: #ff0000;\">ALTERADO\u00a0PELO <a href=\"https:\/\/www.tjes.jus.br\/corregedoria\/index.php\/2016\/06\/20\/ato-normativo-no-0242014-disp-03022014\/\" target=\"_blank\">ATO NORMATIVO N\u00ba 024\/2014<\/a> \u2013 DISP. 03\/02\/2014<\/span><\/h2>\n","protected":false},"excerpt":{"rendered":"<p>PODER JUDICI\u00c1RIO DO ESTADO DO ESP\u00cdRITO SANTO TRIBUNAL DE JUSTI\u00c7A ATO NORMATIVO N\u00ba 28\/2012 Instituir a \u201cCOMISS\u00c3O GESTORA DO PLANO DE CONTAS APLICADO AO SETOR P\u00daBLICO DA STN\u201d do Tribunal de Justi\u00e7a do Estado do Esp\u00edrito Santo. O Excelent\u00edssimo Senhor Desembargador Pedro Valls Feu Rosa, Presidente do Tribunal de Justi\u00e7a do Estado do Esp\u00edrito Santo, [&hellip;]<\/p>\n","protected":false},"author":3,"featured_media":0,"comment_status":"open","ping_status":"open","sticky":false,"template":"","format":"standard","meta":{"footnotes":""},"categories":[4,14],"tags":[],"_links":{"self":[{"href":"https:\/\/www.tjes.jus.br\/corregedoria\/wp-json\/wp\/v2\/posts\/15367"}],"collection":[{"href":"https:\/\/www.tjes.jus.br\/corregedoria\/wp-json\/wp\/v2\/posts"}],"about":[{"href":"https:\/\/www.tjes.jus.br\/corregedoria\/wp-json\/wp\/v2\/types\/post"}],"author":[{"embeddable":true,"href":"https:\/\/www.tjes.jus.br\/corregedoria\/wp-json\/wp\/v2\/users\/3"}],"replies":[{"embeddable":true,"href":"https:\/\/www.tjes.jus.br\/corregedoria\/wp-json\/wp\/v2\/comments?post=15367"}],"version-history":[{"count":5,"href":"https:\/\/www.tjes.jus.br\/corregedoria\/wp-json\/wp\/v2\/posts\/15367\/revisions"}],"predecessor-version":[{"id":15928,"href":"https:\/\/www.tjes.jus.br\/corregedoria\/wp-json\/wp\/v2\/posts\/15367\/revisions\/15928"}],"wp:attachment":[{"href":"https:\/\/www.tjes.jus.br\/corregedoria\/wp-json\/wp\/v2\/media?parent=15367"}],"wp:term":[{"taxonomy":"category","embeddable":true,"href":"https:\/\/www.tjes.jus.br\/corregedoria\/wp-json\/wp\/v2\/categories?post=15367"},{"taxonomy":"post_tag","embeddable":true,"href":"https:\/\/www.tjes.jus.br\/corregedoria\/wp-json\/wp\/v2\/tags?post=15367"}],"curies":[{"name":"wp","href":"https:\/\/api.w.org\/{rel}","templated":true}]}}