{"id":15404,"date":"2017-05-18T16:26:00","date_gmt":"2017-05-18T19:26:00","guid":{"rendered":"https:\/\/www.tjes.jus.br\/corregedoria\/?p=15404"},"modified":"2018-02-09T15:10:09","modified_gmt":"2018-02-09T17:10:09","slug":"ato-normativo-no-0362012-disp-26032012","status":"publish","type":"post","link":"https:\/\/www.tjes.jus.br\/corregedoria\/2017\/05\/18\/ato-normativo-no-0362012-disp-26032012\/","title":{"rendered":"ATO NORMATIVO N\u00ba 036\/2012 &#8211; DISP. 26\/03\/2012 &#8211; TORNADO SEM EFEITO"},"content":{"rendered":"<p style=\"text-align: center;\"><del><strong>PODER JUDICI\u00c1RIO DO ESTADO DO ESP\u00cdRITO SANTO<\/strong><\/del><\/p>\n<p style=\"text-align: center;\"><del><strong>TRIBUNAL DE JUSTI\u00c7A<\/strong><\/del><\/p>\n<p style=\"text-align: center;\"><del><strong>PRESID\u00caNCIA<\/strong><\/del><\/p>\n<p style=\"text-align: center;\"><del><strong>ATO NORMATIVO N\u00ba 036\/2012<\/strong><\/del><\/p>\n<p style=\"text-align: justify;\"><del>O PRESIDENTE DO TRIBUNAL DE JUSTI\u00c7A DO ESTADO DO ESP\u00cdRITO SANTO, NO USO DE SUAS ATRIBUI\u00c7\u00d5ES LEGAIS,<\/del><\/p>\n<p style=\"text-align: justify;\"><del><strong>Considerando<\/strong> que a Lei n\u00ba 566\/2010 (Reestrutura\u00e7\u00e3o e Moderniza\u00e7\u00e3o da Estrutura Administrativa do TJES) integrou o or\u00e7amento da Corregedoria-Geral ao \u00d3rg\u00e3o Tribunal de Justi\u00e7a do Estado do Esp\u00edrito Santo;<\/del><\/p>\n<p style=\"text-align: justify;\"><del><strong>Considerando<\/strong> a necessidade de atualizar o <a href=\"https:\/\/www.tjes.jus.br\/corregedoria\/index.php\/2017\/04\/20\/ato-normativo-conjunto-no-062010-publ-19052010\/\" target=\"_blank\" rel=\"noopener noreferrer\">Ato Normativo Conjunto n\u00ba 06\/2010<\/a>, publicado em 19 de maio de 2010;<\/del><\/p>\n<p style=\"text-align: justify;\"><del><strong>Considerando<\/strong> a necessidade de dar continuidade aos trabalhos desenvolvidos pela comiss\u00e3o nomeada para elabora\u00e7\u00e3o de termo de refer\u00eancia visando a aquisi\u00e7\u00e3o e implanta\u00e7\u00e3o do Sistema Integrado de Gest\u00e3o de Recursos Humanos e Folha de Pagamento do Poder Judici\u00e1rio do Estado do Esp\u00edrito Santo;<\/del><\/p>\n<p style=\"text-align: justify;\"><del><strong>RESOLVE<\/strong>:<\/del><\/p>\n<p style=\"text-align: justify;\"><del><strong>Art. 1\u00ba <\/strong>&#8211; Alterar a composi\u00e7\u00e3o da Comiss\u00e3o institu\u00edda pelo <a href=\"https:\/\/www.tjes.jus.br\/corregedoria\/index.php\/2017\/04\/20\/ato-normativo-conjunto-no-062010-publ-19052010\/\" target=\"_blank\" rel=\"noopener noreferrer\">Ato Normativo Conjunto n\u00ba 06\/2010<\/a> para elabora\u00e7\u00e3o de termo de refer\u00eancia visando a aquisi\u00e7\u00e3o e implanta\u00e7\u00e3o do Sistema Integrado de Gest\u00e3o de Recursos Humanos e Folha de Pagamento do Poder Judici\u00e1rio do Estado do Esp\u00edrito Santo, passando aquela a viger com os seguintes membros:<\/del><\/p>\n<p style=\"text-align: justify;\"><del>I- Jos\u00e9 Adriano Pereira (Secret\u00e1rio de Gest\u00e3o de Pessoas); II &#8211; Ronney Brunelly Dutra (Secret\u00e1rio de Tecnologia da Informa\u00e7\u00e3o); III &#8211; Filipe Gomes Lima (Coordenador de Desenvolvimento); IV &#8211; Marcos Rosi Marinho (Chefe de Se\u00e7\u00e3o de Suporte); V &#8211; Marcelo Venturott Ferreira (Chefe de Se\u00e7\u00e3o de Sistemas Administrativos); VI &#8211; Zileimar Luce Cordeiro Gomes (Chefe de Se\u00e7\u00e3o da Assessoria Especial da Presid\u00eancia); VII &#8211; C\u00edntia Varej\u00e3o Ribeiro de Freitas (Coordenadora de Recursos Humanos); VIII &#8211; K\u00e1tia Santos Cardoso de Mendon\u00e7a (Coordenadora de Pagamento de Pessoal).<\/del><\/p>\n<p style=\"text-align: justify;\"><del><strong>Art. 2\u00ba <\/strong>&#8211; Designar como Presidente da Comiss\u00e3o o Sr. Jos\u00e9 Adriano Pereira e, na circunst\u00e2ncia de sua aus\u00eancia, o Sr. Ronney Brunelly Dutra.<\/del><\/p>\n<p style=\"text-align: justify;\"><del><strong>Art. 3\u00ba <\/strong>&#8211; Este Ato entra em vigor na data de sua publica\u00e7\u00e3o.<\/del><\/p>\n<p style=\"text-align: justify;\"><del>Vit\u00f3ria, 23 de mar\u00e7o de 2012.<\/del><\/p>\n<p style=\"text-align: center;\"><del><strong>Desembargador PEDRO VALLS FEU ROSA<br \/>\nPresidente<\/strong><\/del><\/p>\n<h2 style=\"text-align: center;\"><span style=\"color: #ff0000;\">TORNADO SEM EFEITO PELO\u00a0<a href=\"https:\/\/www.tjes.jus.br\/corregedoria\/index.php\/2016\/06\/20\/ato-normativo-n-0382014-disp-25022014\/\" target=\"_blank\" rel=\"noopener noreferrer\">ATO NORMATIVO N\u00ba 038\/2014<\/a> &#8211; DISP. 25\/02\/2014<\/span><\/h2>\n","protected":false},"excerpt":{"rendered":"<p>PODER JUDICI\u00c1RIO DO ESTADO DO ESP\u00cdRITO SANTO TRIBUNAL DE JUSTI\u00c7A PRESID\u00caNCIA ATO NORMATIVO N\u00ba 036\/2012 O PRESIDENTE DO TRIBUNAL DE JUSTI\u00c7A DO ESTADO DO ESP\u00cdRITO SANTO, NO USO DE SUAS ATRIBUI\u00c7\u00d5ES LEGAIS, Considerando que a Lei n\u00ba 566\/2010 (Reestrutura\u00e7\u00e3o e Moderniza\u00e7\u00e3o da Estrutura Administrativa do TJES) integrou o or\u00e7amento da Corregedoria-Geral ao \u00d3rg\u00e3o Tribunal de [&hellip;]<\/p>\n","protected":false},"author":3,"featured_media":0,"comment_status":"open","ping_status":"open","sticky":false,"template":"","format":"standard","meta":{"footnotes":""},"categories":[4,14],"tags":[],"_links":{"self":[{"href":"https:\/\/www.tjes.jus.br\/corregedoria\/wp-json\/wp\/v2\/posts\/15404"}],"collection":[{"href":"https:\/\/www.tjes.jus.br\/corregedoria\/wp-json\/wp\/v2\/posts"}],"about":[{"href":"https:\/\/www.tjes.jus.br\/corregedoria\/wp-json\/wp\/v2\/types\/post"}],"author":[{"embeddable":true,"href":"https:\/\/www.tjes.jus.br\/corregedoria\/wp-json\/wp\/v2\/users\/3"}],"replies":[{"embeddable":true,"href":"https:\/\/www.tjes.jus.br\/corregedoria\/wp-json\/wp\/v2\/comments?post=15404"}],"version-history":[{"count":4,"href":"https:\/\/www.tjes.jus.br\/corregedoria\/wp-json\/wp\/v2\/posts\/15404\/revisions"}],"predecessor-version":[{"id":22311,"href":"https:\/\/www.tjes.jus.br\/corregedoria\/wp-json\/wp\/v2\/posts\/15404\/revisions\/22311"}],"wp:attachment":[{"href":"https:\/\/www.tjes.jus.br\/corregedoria\/wp-json\/wp\/v2\/media?parent=15404"}],"wp:term":[{"taxonomy":"category","embeddable":true,"href":"https:\/\/www.tjes.jus.br\/corregedoria\/wp-json\/wp\/v2\/categories?post=15404"},{"taxonomy":"post_tag","embeddable":true,"href":"https:\/\/www.tjes.jus.br\/corregedoria\/wp-json\/wp\/v2\/tags?post=15404"}],"curies":[{"name":"wp","href":"https:\/\/api.w.org\/{rel}","templated":true}]}}