{"id":1545,"date":"2016-06-07T14:41:14","date_gmt":"2016-06-07T17:41:14","guid":{"rendered":"http:\/\/10.99.253.4\/corregedoria\/?p=1545"},"modified":"2017-09-22T11:47:13","modified_gmt":"2017-09-22T14:47:13","slug":"ato-normativo-no-0322015-disp-05032015","status":"publish","type":"post","link":"https:\/\/www.tjes.jus.br\/corregedoria\/2016\/06\/07\/ato-normativo-no-0322015-disp-05032015\/","title":{"rendered":"ATO NORMATIVO N\u00ba 032\/2015 &#8211; DISP. 05\/03\/2015 &#8211; REVOGADO"},"content":{"rendered":"<p align=\"CENTER\"><del><strong>ESTADO DO ESPIRITO SANTO<\/strong><\/del><\/p>\n<p align=\"CENTER\"><del><strong>PODER JUDICIARIO<\/strong><\/del><\/p>\n<p align=\"CENTER\"><del><strong>TRIBUNAL DE JUSTI\u00c7A<\/strong><\/del><\/p>\n<p align=\"CENTER\"><del><strong>GABINETE DA PRESIDENCIA<\/strong><\/del><\/p>\n<p align=\"CENTER\"><del><strong>ATO NORMATIVO N\u00ba 032\/2015<\/strong><\/del><\/p>\n<p><del><strong>O Excelent\u00edssimo Senhor Desembargador S\u00c9RGIO BIZZOTTO PESSOA DE MENDON\u00c7A, Presidente do Egr\u00e9gio Tribunal de Justi\u00e7a do Estado do Esp\u00edrito Santo, no uso de suas atribui\u00e7\u00f5es legais e regimentais, e<\/strong><\/del><\/p>\n<p align=\"JUSTIFY\"><del><strong>CONSIDERANDO<\/strong>\u00a0os termos da Recomenda\u00e7\u00e3o n\u00ba 27, de 16 de dezembro de 2009, oriundo do Colendo Conselho Nacional da Justi\u00e7a, que recomenda aos Tribunais relacionados nos incisos II e VII do art. 92 da Constitui\u00e7\u00e3o Federal de 1988 que adotem medidas para a remo\u00e7\u00e3o de barreiras f\u00edsicas, arquitet\u00f4nicas, de comunica\u00e7\u00e3o e atitudinais de modo a promover o amplo e irrestrito acesso de pessoas com defici\u00eancia \u00e0s suas depend\u00eancias, aos servi\u00e7os que prestam e \u00e0s respectivas carreiras, para a conscientiza\u00e7\u00e3o de servidores e jurisdicionados sobre a import\u00e2ncia da acessibilidade enquanto garantia ao pleno exerc\u00edcio de direitos, bem como para que instituam comiss\u00f5es de acessibilidade visando ao planejamento, elabora\u00e7\u00e3o e acompanhamento de projetos e metas direcionados \u00e0 promo\u00e7\u00e3o de acessibilidade \u00e0s pessoas com defici\u00eancia;<\/del><\/p>\n<p align=\"JUSTIFY\"><del><strong>CONSIDERANDO<\/strong>\u00a0os termos do <a href=\"https:\/\/www.tjes.jus.br\/corregedoria\/index.php\/2016\/08\/25\/ato-normativo-no-132010-disp-23032010-alterado\/\" target=\"_blank\" rel=\"noopener noreferrer\">Ato Normativo n\u00ba 13\/2010<\/a>, de 13 de mar\u00e7o de 2010, que instituiu a Comiss\u00e3o Multidisciplinar de Acessibilidade do Poder Judici\u00e1rio do Estado do Esp\u00edrito Santo;<\/del><\/p>\n<p align=\"JUSTIFY\"><del><strong>RESOLVE<\/strong>:<\/del><\/p>\n<p align=\"JUSTIFY\"><del><strong>Art. 1\u00ba.<\/strong>\u00a0Excluir, a pedido, a servidora Carmen Lucia Barcelos Farias, Auxiliar Judici\u00e1rio \u2013 QS.<\/del><\/p>\n<p align=\"JUSTIFY\"><del><strong>Art. 2\u00ba.<\/strong>\u00a0Incluir a servidora Aline Carolino Santos Davel, Subsecret\u00e1ria Geral.<\/del><\/p>\n<p align=\"JUSTIFY\"><del><strong>PUBLIQUE-SE.<\/strong><\/del><\/p>\n<p style=\"text-align: center;\" align=\"JUSTIFY\"><del>Vit\u00f3ria\/ES, 27 de fevereiro de 2015.<\/del><\/p>\n<p style=\"text-align: center;\" align=\"CENTER\"><del>Desembargador\u00a0<strong>S\u00c9RGIO BIZZOTTO PESSOA DE MENDON\u00c7A<br \/>\n<\/strong><strong>Presidente<\/strong><\/del><\/p>\n<h2 align=\"CENTER\"><span style=\"color: #ff0000;\">REVOGADO PELO\u00a0<a href=\"https:\/\/www.tjes.jus.br\/corregedoria\/2017\/09\/22\/ato-normativo-no-1272017-disp-22092017\/\" target=\"_blank\" rel=\"noopener\">ATO NORMATIVO N\u00ba 127\/2017<\/a> &#8211; DISP. 22\/09\/2017<\/span><\/h2>\n","protected":false},"excerpt":{"rendered":"<p>ESTADO DO ESPIRITO SANTO PODER JUDICIARIO TRIBUNAL DE JUSTI\u00c7A GABINETE DA PRESIDENCIA ATO NORMATIVO N\u00ba 032\/2015 O Excelent\u00edssimo Senhor Desembargador S\u00c9RGIO BIZZOTTO PESSOA DE MENDON\u00c7A, Presidente do Egr\u00e9gio Tribunal de Justi\u00e7a do Estado do Esp\u00edrito Santo, no uso de suas atribui\u00e7\u00f5es legais e regimentais, e CONSIDERANDO\u00a0os termos da Recomenda\u00e7\u00e3o n\u00ba 27, de 16 de dezembro [&hellip;]<\/p>\n","protected":false},"author":1,"featured_media":0,"comment_status":"open","ping_status":"open","sticky":false,"template":"","format":"standard","meta":{"footnotes":""},"categories":[4,14],"tags":[],"_links":{"self":[{"href":"https:\/\/www.tjes.jus.br\/corregedoria\/wp-json\/wp\/v2\/posts\/1545"}],"collection":[{"href":"https:\/\/www.tjes.jus.br\/corregedoria\/wp-json\/wp\/v2\/posts"}],"about":[{"href":"https:\/\/www.tjes.jus.br\/corregedoria\/wp-json\/wp\/v2\/types\/post"}],"author":[{"embeddable":true,"href":"https:\/\/www.tjes.jus.br\/corregedoria\/wp-json\/wp\/v2\/users\/1"}],"replies":[{"embeddable":true,"href":"https:\/\/www.tjes.jus.br\/corregedoria\/wp-json\/wp\/v2\/comments?post=1545"}],"version-history":[{"count":4,"href":"https:\/\/www.tjes.jus.br\/corregedoria\/wp-json\/wp\/v2\/posts\/1545\/revisions"}],"predecessor-version":[{"id":19074,"href":"https:\/\/www.tjes.jus.br\/corregedoria\/wp-json\/wp\/v2\/posts\/1545\/revisions\/19074"}],"wp:attachment":[{"href":"https:\/\/www.tjes.jus.br\/corregedoria\/wp-json\/wp\/v2\/media?parent=1545"}],"wp:term":[{"taxonomy":"category","embeddable":true,"href":"https:\/\/www.tjes.jus.br\/corregedoria\/wp-json\/wp\/v2\/categories?post=1545"},{"taxonomy":"post_tag","embeddable":true,"href":"https:\/\/www.tjes.jus.br\/corregedoria\/wp-json\/wp\/v2\/tags?post=1545"}],"curies":[{"name":"wp","href":"https:\/\/api.w.org\/{rel}","templated":true}]}}