{"id":16240,"date":"2017-06-27T10:28:18","date_gmt":"2017-06-27T13:28:18","guid":{"rendered":"https:\/\/www.tjes.jus.br\/corregedoria\/?p=16240"},"modified":"2018-02-09T15:12:12","modified_gmt":"2018-02-09T17:12:12","slug":"ato-normativo-no-0662017-disp-26062017","status":"publish","type":"post","link":"https:\/\/www.tjes.jus.br\/corregedoria\/2017\/06\/27\/ato-normativo-no-0662017-disp-26062017\/","title":{"rendered":"ATO NORMATIVO N\u00ba 066\/2017 &#8211; DISP. 26\/06\/2017"},"content":{"rendered":"<p style=\"text-align: center;\"><strong>ESTADO DO ESP\u00cdRITO SANTO<\/strong><\/p>\n<p style=\"text-align: center;\"><strong>PODER JUDICI\u00c1RIO<\/strong><\/p>\n<p style=\"text-align: center;\"><strong>TRIBUNAL DE JUSTI\u00c7A<\/strong><\/p>\n<p style=\"text-align: center;\"><strong>GABINETE DA PRESID\u00caNCIA<\/strong><\/p>\n<p style=\"text-align: center;\"><strong>ATO NORMATIVO N\u00ba 066\/2017<\/strong><\/p>\n<p style=\"text-align: justify;\">O Excelent\u00edssimo Senhor Desembargador Annibal de Rezende Lima, Presidente do Egr\u00e9gio Tribunal de Justi\u00e7a do Estado do Esp\u00edrito Santo, no uso de suas atribui\u00e7\u00f5es legais e,<\/p>\n<p style=\"text-align: justify;\"><strong>CONSIDERANDO<\/strong> o teor do expediente protocolado neste Egr\u00e9gio Tribunal de Justi\u00e7a sob o n\u00famero 2017.00.865.967, subscrito pelos Exm\u00bas. Srs. Drs. Felippe Monteiro Morgado Horta e Heloisa Cariello, MMs. Ju\u00edzes de Direito das 1\u00aa e 2\u00aa Varas da Fazenda P\u00fablica Estadual, Municipal, Registros P\u00fablicos, Meio Ambiente e Sa\u00fade de Vit\u00f3ria, que comunica acerca da necessidade de conclus\u00e3o da mudan\u00e7a, para outro im\u00f3vel, de tais unidades judici\u00e1rias, que funcionavam no F\u00f3rum C\u00edvel do referido Ju\u00edzo,inviabilizando, assim, o regular desempenho das atividades forenses;<\/p>\n<p style=\"text-align: justify;\"><strong>RESOLVE<\/strong>:<\/p>\n<p style=\"text-align: justify;\">I &#8211; <strong>DETERMINAR<\/strong> <strong>A SUSPENS\u00c3O<\/strong> do atendimento ao p\u00fablico, bem como dos atos e prazos processuais nos Ju\u00edzos e nas datas abaixo indicadas:<\/p>\n<p style=\"text-align: justify;\"><strong>1.1 &#8211;<\/strong> 1\u00aa Vara da Fazenda P\u00fablica Estadual, Municipal, Registros P\u00fablicos, Meio Ambiente e Sa\u00fade de Vit\u00f3ria \u2013 dias 26, 27 e 28 de Junho de 2017;<\/p>\n<p style=\"text-align: justify;\">1.2 &#8211; 2\u00aa Vara da Fazenda P\u00fablica Estadual, Municipal, Registros P\u00fablicos, Meio Ambiente e Sa\u00fade de Vit\u00f3ria \u2013 dias 26, 27, 28 e 29 de Junho de 2017;<\/p>\n<p style=\"text-align: justify;\">II \u2013 As medidas urgentes inerentes a cada um dos Ju\u00edzos ser\u00e3o apreciadas pelo respectivo Magistrado que por ele responda.<\/p>\n<p style=\"text-align: justify;\">Publique-se.<\/p>\n<p style=\"text-align: justify;\">Vit\u00f3ria, 23 de Junho de 2017.<\/p>\n<p style=\"text-align: center;\"><strong>Des. Annibal de Rezende Lima<br \/>\nPresidente<\/strong><\/p>\n","protected":false},"excerpt":{"rendered":"<p>ESTADO DO ESP\u00cdRITO SANTO PODER JUDICI\u00c1RIO TRIBUNAL DE JUSTI\u00c7A GABINETE DA PRESID\u00caNCIA ATO NORMATIVO N\u00ba 066\/2017 O Excelent\u00edssimo Senhor Desembargador Annibal de Rezende Lima, Presidente do Egr\u00e9gio Tribunal de Justi\u00e7a do Estado do Esp\u00edrito Santo, no uso de suas atribui\u00e7\u00f5es legais e, CONSIDERANDO o teor do expediente protocolado neste Egr\u00e9gio Tribunal de Justi\u00e7a sob o [&hellip;]<\/p>\n","protected":false},"author":3,"featured_media":0,"comment_status":"open","ping_status":"open","sticky":false,"template":"","format":"standard","meta":{"footnotes":""},"categories":[4,14],"tags":[],"_links":{"self":[{"href":"https:\/\/www.tjes.jus.br\/corregedoria\/wp-json\/wp\/v2\/posts\/16240"}],"collection":[{"href":"https:\/\/www.tjes.jus.br\/corregedoria\/wp-json\/wp\/v2\/posts"}],"about":[{"href":"https:\/\/www.tjes.jus.br\/corregedoria\/wp-json\/wp\/v2\/types\/post"}],"author":[{"embeddable":true,"href":"https:\/\/www.tjes.jus.br\/corregedoria\/wp-json\/wp\/v2\/users\/3"}],"replies":[{"embeddable":true,"href":"https:\/\/www.tjes.jus.br\/corregedoria\/wp-json\/wp\/v2\/comments?post=16240"}],"version-history":[{"count":2,"href":"https:\/\/www.tjes.jus.br\/corregedoria\/wp-json\/wp\/v2\/posts\/16240\/revisions"}],"predecessor-version":[{"id":22317,"href":"https:\/\/www.tjes.jus.br\/corregedoria\/wp-json\/wp\/v2\/posts\/16240\/revisions\/22317"}],"wp:attachment":[{"href":"https:\/\/www.tjes.jus.br\/corregedoria\/wp-json\/wp\/v2\/media?parent=16240"}],"wp:term":[{"taxonomy":"category","embeddable":true,"href":"https:\/\/www.tjes.jus.br\/corregedoria\/wp-json\/wp\/v2\/categories?post=16240"},{"taxonomy":"post_tag","embeddable":true,"href":"https:\/\/www.tjes.jus.br\/corregedoria\/wp-json\/wp\/v2\/tags?post=16240"}],"curies":[{"name":"wp","href":"https:\/\/api.w.org\/{rel}","templated":true}]}}