{"id":16242,"date":"2017-06-27T10:34:22","date_gmt":"2017-06-27T13:34:22","guid":{"rendered":"https:\/\/www.tjes.jus.br\/corregedoria\/?p=16242"},"modified":"2017-06-27T10:34:22","modified_gmt":"2017-06-27T13:34:22","slug":"ato-normativo-no-0672017-disp-26062017","status":"publish","type":"post","link":"https:\/\/www.tjes.jus.br\/corregedoria\/2017\/06\/27\/ato-normativo-no-0672017-disp-26062017\/","title":{"rendered":"ATO NORMATIVO N\u00ba 067\/2017 &#8211; DISP. 26\/06\/2017"},"content":{"rendered":"<p style=\"text-align: center;\"><strong>ESTADO DO ESP\u00cdRITO SANTO<\/strong><\/p>\n<p style=\"text-align: center;\"><strong>PODER JUDICI\u00c1RIO<\/strong><\/p>\n<p style=\"text-align: center;\"><strong>TRIBUNAL DE JUSTI\u00c7A<\/strong><\/p>\n<p style=\"text-align: center;\"><strong>GABINETE DA PRESID\u00caNCIA<\/strong><\/p>\n<p style=\"text-align: center;\"><strong>ATO NORMATIVO N\u00ba 067\/2017<\/strong><\/p>\n<p style=\"text-align: justify;\"><em>Institui o Mutir\u00e3o de Concilia\u00e7\u00e3o\/Media\u00e7\u00e3o pr\u00e9-processual e processual nas demandas de Execu\u00e7\u00e3o Fiscal do Munic\u00edpio de Vit\u00f3ria.<\/em><\/p>\n<p style=\"text-align: justify;\">O Excelent\u00edssimo Desembargador ANNIBAL DE REZENDE LIMA, DD. Presidente do Egr\u00e9gio Tribunal de Justi\u00e7a do Estado do Esp\u00edrito Santo, no uso de suas atribui\u00e7\u00f5es legais e,<\/p>\n<p style=\"text-align: justify;\"><strong>CONSIDERANDO<\/strong> a <a href=\"https:\/\/www.tjes.jus.br\/corregedoria\/index.php\/2017\/02\/16\/resolucao-no-032011-publ-em-24012011\/\" target=\"_blank\" rel=\"noopener noreferrer\">Resolu\u00e7\u00e3o n\u00ba. 003\/2011<\/a>, que instituiu o N\u00facleo Permanente de M\u00e9todos Consensuais de Solu\u00e7\u00e3o de Conflitos do Poder Judici\u00e1rio do Estado do Esp\u00edrito Santo, posteriormente alterada pela <a href=\"https:\/\/www.tjes.jus.br\/corregedoria\/index.php\/2017\/02\/21\/resolucao-no-192012-publ-em-17042012\/\" target=\"_blank\" rel=\"noopener noreferrer\">Resolu\u00e7\u00e3o n\u00ba. 19\/2012<\/a>;<\/p>\n<p style=\"text-align: justify;\"><strong>CONSIDERANDO<\/strong> a <a href=\"https:\/\/www.tjes.jus.br\/corregedoria\/index.php\/2016\/07\/06\/resolucao-no-0172013-disp-13042013\/\" target=\"_blank\" rel=\"noopener noreferrer\">Resolu\u00e7\u00e3o n\u00ba. 017\/2013<\/a>, que disciplina a institui\u00e7\u00e3o de Centros Judici\u00e1rios de Solu\u00e7\u00e3o de Conflitos e Cidadania no \u00e2mbito do Poder Judici\u00e1rio do Estado do Esp\u00edrito Santo, nos termos da <a href=\"https:\/\/www.tjes.jus.br\/corregedoria\/index.php\/2016\/09\/14\/resolucao-cnj-no-125-de-29112010\/\" target=\"_blank\" rel=\"noopener noreferrer\">Resolu\u00e7\u00e3o n\u00ba. 125\/10, do CNJ<\/a>;<\/p>\n<p style=\"text-align: justify;\"><strong>CONSIDERANDO<\/strong> que aos \u00f3rg\u00e3os judici\u00e1rios incumbe, al\u00e9m da solu\u00e7\u00e3o adjudicada mediante senten\u00e7a, oferecer outros mecanismos de solu\u00e7\u00f5es de controv\u00e9rsias, em especial os chamados meios consensuais, como a media\u00e7\u00e3o e a concilia\u00e7\u00e3o, bem como prestar atendimento e orienta\u00e7\u00e3o ao cidad\u00e3o.<\/p>\n<p style=\"text-align: justify;\"><strong>RESOLVE<\/strong>:<\/p>\n<p style=\"text-align: justify;\"><strong>Art. 1 <\/strong>&#8211; <strong>INSTITUIR<\/strong> o Mutir\u00e3o de Concilia\u00e7\u00e3o\/Media\u00e7\u00e3o Pr\u00e9-Processual e Processual de Execu\u00e7\u00e3o Fiscal do Munic\u00edpio de Vit\u00f3ria, no per\u00edodo de 26 a 30 de junho de 2017, no hor\u00e1rio das 9h as 17horas, na sede da ETSUS \u2013 Escola T\u00e9cnica de Forma\u00e7\u00e3o de Profissionais de Sa\u00fade, situada na Rua Maria de Lurdes Garcia, 474 \u2013 Ilha de Santa Maria \u2013 Vit\u00f3ria\/ES.<\/p>\n<p style=\"text-align: justify;\">\u00a7 \u00danico \u2013 O Munic\u00edpio de Vit\u00f3ria, por meio de seus Procuradores, ser\u00e3o considerados intimados atrav\u00e9s deste ato, na pessoa de seu Procurador-Geral, conforme Termo de Parceria firmado entre as partes.<\/p>\n<p style=\"text-align: justify;\"><strong>Art. 2 <\/strong>&#8211; O 3\u00ba CEJUSC estar\u00e1 \u00e0 disposi\u00e7\u00e3o dos cidad\u00e3os para conciliar\/mediar acordos com a finalidade de evitar a judicializa\u00e7\u00e3o dos demais d\u00e9bitos inscritos em d\u00edvida ativa.<\/p>\n<p style=\"text-align: justify;\"><strong>Art. 3 <\/strong>&#8211; Ap\u00f3s o encerramento da audi\u00eancia e, na hip\u00f3tese de sucesso na efetiva\u00e7\u00e3o da celebra\u00e7\u00e3o de acordo pr\u00e9-processual ou processual entre as partes, as atas ser\u00e3o imediatamente submetidas a um dos Ju\u00edzes integrantes do Grupo de Trabalho respons\u00e1vel pelos CEJUSCs, para imediata homologa\u00e7\u00e3o.<\/p>\n<p style=\"text-align: justify;\">\u00a7 1 &#8211; Nos casos das demandas judicializadas, o 3\u00ba CEJUSC remeter\u00e1 as atas das sess\u00f5es realizadas para as Varas de origem, tendo ou n\u00e3o obtido acordo, via e-mail, sendo que os originais seguir\u00e3o ap\u00f3s o t\u00e9rmino do evento, via Correio, a fim de serem juntadas no processo independente do andamento processual.<\/p>\n<p style=\"text-align: justify;\">\u00a7 2 &#8211; As demandas pr\u00e9-processuais trabalhados no evento, ser\u00e3o arquivadas no 3\u00ba CEJUSC, para que, em caso de eventual descumprimento, as partes possam ter acesso para fins de cumprimento de senten\u00e7a.<\/p>\n<p style=\"text-align: justify;\"><strong>Art. 4 <\/strong>&#8211; Este Ato Normativo entra em vigor na data de sua publica\u00e7\u00e3o.<\/p>\n<p style=\"text-align: justify;\">Publique-se.<\/p>\n<p style=\"text-align: justify;\">Vit\u00f3ria, 23 de Junho de 2017.<\/p>\n<p style=\"text-align: center;\"><strong>Des. ANNIBAL DE REZENDE LIMA<br \/>\nPresidente<\/strong><\/p>\n","protected":false},"excerpt":{"rendered":"<p>ESTADO DO ESP\u00cdRITO SANTO PODER JUDICI\u00c1RIO TRIBUNAL DE JUSTI\u00c7A GABINETE DA PRESID\u00caNCIA ATO NORMATIVO N\u00ba 067\/2017 Institui o Mutir\u00e3o de Concilia\u00e7\u00e3o\/Media\u00e7\u00e3o pr\u00e9-processual e processual nas demandas de Execu\u00e7\u00e3o Fiscal do Munic\u00edpio de Vit\u00f3ria. O Excelent\u00edssimo Desembargador ANNIBAL DE REZENDE LIMA, DD. Presidente do Egr\u00e9gio Tribunal de Justi\u00e7a do Estado do Esp\u00edrito Santo, no uso de [&hellip;]<\/p>\n","protected":false},"author":3,"featured_media":0,"comment_status":"open","ping_status":"open","sticky":false,"template":"","format":"standard","meta":{"footnotes":""},"categories":[4,14],"tags":[],"_links":{"self":[{"href":"https:\/\/www.tjes.jus.br\/corregedoria\/wp-json\/wp\/v2\/posts\/16242"}],"collection":[{"href":"https:\/\/www.tjes.jus.br\/corregedoria\/wp-json\/wp\/v2\/posts"}],"about":[{"href":"https:\/\/www.tjes.jus.br\/corregedoria\/wp-json\/wp\/v2\/types\/post"}],"author":[{"embeddable":true,"href":"https:\/\/www.tjes.jus.br\/corregedoria\/wp-json\/wp\/v2\/users\/3"}],"replies":[{"embeddable":true,"href":"https:\/\/www.tjes.jus.br\/corregedoria\/wp-json\/wp\/v2\/comments?post=16242"}],"version-history":[{"count":1,"href":"https:\/\/www.tjes.jus.br\/corregedoria\/wp-json\/wp\/v2\/posts\/16242\/revisions"}],"predecessor-version":[{"id":16243,"href":"https:\/\/www.tjes.jus.br\/corregedoria\/wp-json\/wp\/v2\/posts\/16242\/revisions\/16243"}],"wp:attachment":[{"href":"https:\/\/www.tjes.jus.br\/corregedoria\/wp-json\/wp\/v2\/media?parent=16242"}],"wp:term":[{"taxonomy":"category","embeddable":true,"href":"https:\/\/www.tjes.jus.br\/corregedoria\/wp-json\/wp\/v2\/categories?post=16242"},{"taxonomy":"post_tag","embeddable":true,"href":"https:\/\/www.tjes.jus.br\/corregedoria\/wp-json\/wp\/v2\/tags?post=16242"}],"curies":[{"name":"wp","href":"https:\/\/api.w.org\/{rel}","templated":true}]}}