{"id":1656,"date":"2016-06-09T16:04:42","date_gmt":"2016-06-09T19:04:42","guid":{"rendered":"http:\/\/10.14.3.75\/corregedoria\/?p=1656"},"modified":"2023-10-27T14:15:21","modified_gmt":"2023-10-27T17:15:21","slug":"ato-normativo-n-0042015-disp-14012015-alterado","status":"publish","type":"post","link":"https:\/\/www.tjes.jus.br\/corregedoria\/2016\/06\/09\/ato-normativo-n-0042015-disp-14012015-alterado\/","title":{"rendered":"ATO NORMATIVO N\u00ba 004\/2015 &#8211; DISP. 14\/01\/2015 &#8211; ALTERADO"},"content":{"rendered":"<p style=\"text-align: center;\"><strong>ESTADO DO ESP\u00cdRITO SANTO<\/strong><\/p>\n<p style=\"text-align: center;\"><strong>PODER JUDICI\u00c1RIO<\/strong><\/p>\n<p style=\"text-align: center;\"><strong>TRIBUNAL DE JUSTI\u00c7A<\/strong><\/p>\n<p style=\"text-align: center;\"><strong><em>Gabinete da Presid\u00eancia<\/em><\/strong><\/p>\n<p>&nbsp;<\/p>\n<p style=\"text-align: center;\"><strong>ATO NORMATIVO N\u00ba 004\/2015<\/strong><\/p>\n<p>&nbsp;<\/p>\n<p style=\"text-align: justify;\"><em>Autoriza a instala\u00e7\u00e3o do 1\u00ba Centro Judici\u00e1rio de Solu\u00e7\u00e3o de Conflitos e Cidadania, nos termos da Resolu\u00e7\u00e3o n\u00ba 17\/2013 &#8211; TJES, publicada no DJ do dia 15\/04\/2013.<\/em><\/p>\n<p style=\"text-align: justify;\">O Excelent\u00edssimo Senhor Desembargador SERGIO BIZZOTTO PESSOA DE MENDON\u00c7A, Presidente do Egr\u00e9gio Tribunal de Justi\u00e7a do Estado do Esp\u00edrito Santo, no uso de suas atribui\u00e7\u00f5es legais, e<\/p>\n<p style=\"text-align: justify;\"><strong>CONSIDERANDO<\/strong> os termos das <a href=\"https:\/\/www.tjes.jus.br\/corregedoria\/index.php\/2016\/09\/14\/resolucao-cnj-no-125-de-29112010\/\" target=\"_blank\" rel=\"noopener noreferrer\">Resolu\u00e7\u00f5es n\u00bas 125 do CNJ<\/a> e <a href=\"https:\/\/www.tjes.jus.br\/corregedoria\/index.php\/2016\/07\/06\/resolucao-no-0172013-disp-13042013\/\" target=\"_blank\" rel=\"noopener noreferrer\">17\/2013 do TJES<\/a>;<\/p>\n<p style=\"text-align: justify;\"><strong>CONSIDERANDO<\/strong> a necessidade constante de implementar melhorias na presta\u00e7\u00e3o jurisdicional, visando sua melhor efici\u00eancia;<\/p>\n<p style=\"text-align: justify;\"><strong>RESOLVE:<\/strong><\/p>\n<p style=\"text-align: justify;\"><del><strong>Art. 1\u00ba <\/strong>&#8211; Autorizar a instala\u00e7\u00e3o do 1\u00ba Centro Judici\u00e1rio de Solu\u00e7\u00e3o de Conflitos e Cidadania do Poder Judici\u00e1rio deste Estado, cujas atribui\u00e7\u00f5es ser\u00e3o as previstas no artigo 1\u00ba da <a href=\"https:\/\/www.tjes.jus.br\/corregedoria\/index.php\/2016\/07\/06\/resolucao-no-0172013-disp-13042013\/\" target=\"_blank\" rel=\"noopener noreferrer\">Resolu\u00e7\u00e3o n\u00ba 17\/2013<\/a> &#8211; TJES, em rela\u00e7\u00e3o \u00e0s demandas que tramitam na Comarca da Capital.<\/del><\/p>\n<p style=\"text-align: justify;\"><del>Par\u00e1grafo \u00danico &#8211; O Centro funcionar\u00e1 nas depend\u00eancias deste Tribunal de Justi\u00e7a.<\/del><\/p>\n<p style=\"text-align: justify;\"><del><strong>Art. 1\u00ba <\/strong>&#8211;\u00a0Autorizar a instala\u00e7\u00e3o do 1\u00ba Centro Judici\u00e1rio de Solu\u00e7\u00e3o de Conflitos e Cidadania do Poder Judici\u00e1rio deste Estado, denominado CEJUSC JUSTI\u00c7A RESTAURATIVA, cujas atribui\u00e7\u00f5es est\u00e3o previstas no artigo 3\u00ba do Ato Normativo Conjunto n\u00ba 007\/2019, em rela\u00e7\u00e3o \u00e0s demandas que tramitam na Comarca da Capital. <em><strong>(Reda\u00e7\u00e3o alterada pelo <a href=\"https:\/\/www.tjes.jus.br\/corregedoria\/2019\/04\/25\/ato-normativo-conjunto-n-007-2019-disp-22-04-2019\/\">Ato Normativo Conjunto n\u00ba 007\/2019<\/a>, disponibilizado em 25\/04\/2019)<\/strong><\/em><\/del><\/p>\n<p style=\"text-align: justify;\"><del>Par\u00e1grafo \u00danico &#8211;\u00a0O 1\u00ba CEJUSC funcionar\u00e1 nas depend\u00eancias do Centro Avan\u00e7ado dos Juizados da Inf\u00e2ncia e Juventude de Vit\u00f3ria, localizado na Rua Emilio Ferreira da Silva, 135 \u2013 Bairro Santa Martha, Vit\u00f3ria \u2013 ES.\u00a0<em><strong>(Reda\u00e7\u00e3o alterada pelo <a href=\"https:\/\/www.tjes.jus.br\/corregedoria\/2019\/04\/25\/ato-normativo-conjunto-n-007-2019-disp-22-04-2019\/\">Ato Normativo Conjunto n\u00ba 007\/2019<\/a>, disponibilizado em 25\/04\/2019)<\/strong><\/em><\/del><\/p>\n<p align=\"justify\">Art. 1\u00ba \u2013 Autorizar a instala\u00e7\u00e3o do 1\u00ba Centro Judici\u00e1rio de Solu\u00e7\u00e3o de Conflitos e Cidadania \u2013 CEJUSC, unidade do Poder Judici\u00e1rio, sob a supervis\u00e3o do N\u00facleo Permanente de M\u00e9todos Consensuais de Solu\u00e7\u00e3o de Conflitos \u2013 NUPEMEC, no Ju\u00edzo de Vit\u00f3ria Comarca da Capital.\u201d<\/p>\n<p align=\"justify\">\u201cPar\u00e1grafo \u00danico \u2013 O 1\u00ba CEJUSC funcionar\u00e1 nas depend\u00eancias do Centro Avan\u00e7ado dos Juizados da Inf\u00e2ncia e Juventude de Vit\u00f3ria, localizado na rua Em\u00edlio Ferreira da Silva, n\u00ba 135, bairro Santa Marta, munic\u00edpio de Vit\u00f3ria.<\/p>\n<p><em><strong>(Reda\u00e7\u00e3o alterada pelo <a href=\"https:\/\/www.tjes.jus.br\/corregedoria\/2023\/10\/26\/ato-normativo-no-573-2023-disp-26-10-2023\/\">Ato Normativo n\u00ba 573\/2023,<\/a> disponibilizado em 26\/10\/2023)<\/strong><\/em><\/p>\n<p style=\"text-align: justify;\"><del><strong>Art. 2<\/strong>\u00ba. Designar a Excelent\u00edssima Senhora Ju\u00edza de Direito TR\u00cdCIA NAVARRO XAVIER CABRAL para exercer a coordena\u00e7\u00e3o do referido Centro Judici\u00e1rio, sem preju\u00edzo de suas designa\u00e7\u00f5es.<\/del><\/p>\n<p style=\"text-align: justify;\"><del><strong>Art. 2\u00ba.<\/strong> Designar a\u00a0<strong>Excelent\u00edssima Senhora Desembargadora JANETE VARGAS SIM\u00d5ES\u00a0<\/strong>para exercer a coordena\u00e7\u00e3o dos CENTROS JUDICI\u00c1RIOS DE SOLU\u00c7\u00c3O DE CONFLITOS E CIDADANIA, mantendo a\u00a0<strong>Exm\u00aa Sr\u00aa Dr\u00aa\u00a0<\/strong><strong>TR\u00cdCIA NAVARRO XAVIER CABRAL<\/strong>\u00a0como respons\u00e1vel pelo CEJUSC do Tribunal de Justi\u00e7a, ambas sem preju\u00edzo de suas designa\u00e7\u00f5es. <strong>(Reda\u00e7\u00e3o dada pelo <a href=\"https:\/\/www.tjes.jus.br\/corregedoria\/index.php\/2016\/06\/07\/ato-normativo-no-0712015-disp-06052015-sem-efeito\/\" target=\"_blank\" rel=\"noopener noreferrer\">Ato Normativo n\u00ba 71\/2015<\/a>, disponibilizado em 06\/05\/2015)<\/strong><\/del><\/p>\n<p style=\"text-align: justify;\"><strong>Art. 2\u00ba.<\/strong> Designar a\u00a0Excelent\u00edssima Senhora Desembargadora JANETE VARGAS SIM\u00d5ES para exercer a coordena\u00e7\u00e3o dos CENTROS JUDICI\u00c1RIOS DE SOLU\u00c7\u00c3O DE CONFLITOS E CIDADANIA e como respons\u00e1veis pelo 1\u00ba CEJUSC e pelos CEJUSCs que eventualmente sejam criados, o Grupo de Trabalho conforme abaixo, todos sem preju\u00edzo de suas atuais atribui\u00e7\u00f5es: <strong>(Reda\u00e7\u00e3o dada pelo <a href=\"https:\/\/www.tjes.jus.br\/corregedoria\/index.php\/2016\/06\/06\/ato-normativo-no-2662015-disp-04112015\/\" target=\"_blank\" rel=\"noopener noreferrer\">Ato Normativo n\u00ba 266\/2015<\/a>, disponibilizado em 04\/11\/2015)<\/strong><\/p>\n<p style=\"text-align: justify;\">\u2013 Ju\u00edza de Direito \u2013 Dra. Cinthya Coelho Laranja<\/p>\n<p style=\"text-align: justify;\">\u2013 Juiz de Direito \u2013 Dr. Daniel Pe\u00e7anha Moreira<\/p>\n<p style=\"text-align: justify;\">\u2013 Juiz de Direito \u2013 Dr. Gustavo Zago Rabelo<\/p>\n<p style=\"text-align: justify;\">\u2013 Juiz de Direito \u2013 Dr. Victor Queiroz Schneider<\/p>\n<p style=\"text-align: justify;\"><del><strong>Art. 3\u00ba<\/strong>. Designar as Analistas Judici\u00e1rias VALERIA MARIA BERMUDES GAVAZZONI, mat. 204881-17 e ANA RITA MELLO GOMES MAROCHIO, mat. 19469-69, para atuar no mencionado Centro, sem preju\u00edzo de suas atuais atribui\u00e7\u00f5es.<\/del><\/p>\n<p style=\"text-align: justify;\"><del><strong>Art. 3\u00ba<\/strong>. Designar as Analistas Judici\u00e1rias ANA RITA MELLO GOMES MAROCHIO, mat. 19469-69, PAULA MORGADO HORTA MONJARDIM CAVALCANTI, mat. 200327-22 e LAVINIA VIEIRA DE ANDRADE SOUZA, mat. 207868-94, para atuar no mencionado Centro. <strong>(Alterado pelo <a href=\"https:\/\/www.tjes.jus.br\/corregedoria\/index.php\/2016\/06\/07\/ato-normativo-no-1022015-disp-10062015\/\" target=\"_blank\" rel=\"noopener noreferrer\">Ato Normativo n\u00ba 102\/2015<\/a>, disponibilizado em 10\/06\/2015)<\/strong><\/del><\/p>\n<p style=\"text-align: justify;\"><del><strong>Art. 3\u00ba<\/strong>. Designar as Analistas Judici\u00e1rias PAULA MORGADO HORTA MONJARDIM CAVALCANTI, mat. 200327-22 e LAVINIA VIEIRA DE ANDRADE SOUZA, mat. 207868-94, para atuar no mencionado Centro. <strong>(Alterado pelo <a href=\"https:\/\/www.tjes.jus.br\/corregedoria\/index.php\/2016\/06\/06\/ato-normativo-no-2102015-disp-21092015\/\" target=\"_blank\" rel=\"noopener noreferrer\">Ato Normativo n\u00ba 210\/2015<\/a>, disponibilizado em 21\/09\/2015)<\/strong><\/del><\/p>\n<p style=\"text-align: justify;\"><del><strong>Art. 3\u00ba<\/strong>. Designar as Analistas Judici\u00e1rias PAULA MORGADO HORTA MONJARDIM CAVALCANTI, mat. 200327-22, LAVINIA VIEIRA DE ANDRADE SOUZA, mat. 207868-94 e WAL\u00c9RIA MARIA BERMUDES GAVAZZONI, mat. 204881-17, para atuar no mencionado Centro.\u00a0<strong>(Alterado pelo <a href=\"https:\/\/www.tjes.jus.br\/corregedoria\/index.php\/2016\/06\/03\/ato-normativo-no-3082015-disp-30112015\/\" target=\"_blank\" rel=\"noopener noreferrer\">Ato Normativo n\u00ba 308\/2015<\/a>, disponibilizado em 30\/11\/2015)<\/strong><\/del><\/p>\n<p style=\"text-align: justify;\"><strong>Art. 3\u00ba<\/strong>. Designar as Analistas Judici\u00e1rias PAULA MORGADO HORTA MONJARDIM CAVALCANTI, mat. 200327-22, LAVINIA VIEIRA DE ANDRADE SOUZA, mat. 207868-94, WAL\u00c9RIA MARIA BERMUDES GAVAZZONI, mat. 204881-17 e MARGARETH RAMPINELLI MORO QUEIROZ, mat. 20040301, para atuar no mencionado Centro.\u00a0<strong>(Alterado pelo <a href=\"https:\/\/www.tjes.jus.br\/corregedoria\/index.php\/2016\/06\/01\/ato-normativo-no-0072016-disp-18012016\/\" target=\"_blank\" rel=\"noopener noreferrer\">Ato Normativo n\u00ba 007\/2016<\/a>, disponibilizado em 18\/01\/2016)<\/strong><\/p>\n<p style=\"text-align: justify;\"><del><strong>Art. 4\u00ba<\/strong>. Fica revogado o <a href=\"https:\/\/www.tjes.jus.br\/corregedoria\/index.php\/2016\/06\/27\/ato-normativo-no-0462013-disp-25042013-alterado\/\" target=\"_blank\" rel=\"noopener noreferrer\">Ato Normativo n\u00ba 46\/2013<\/a>, publicado no Di\u00e1rio da Justi\u00e7a do dia 25 de abril de 2013, bem como as demais disposi\u00e7\u00f5es em contr\u00e1rio.<\/del> <strong>(Revogado pelo <a href=\"https:\/\/www.tjes.jus.br\/corregedoria\/2018\/09\/17\/ato-normativo-no-156-2018-disp-17-09-2018-republicado\/\" target=\"_blank\" rel=\"noopener\">Ato Normativo n\u00b0 156\/2018<\/a>)<\/strong><\/p>\n<p style=\"text-align: justify;\"><strong>Art. 5\u00ba<\/strong>. Este Ato Normativo entra em vigor na data de sua publica\u00e7\u00e3o.<\/p>\n<p style=\"text-align: justify;\"><strong>Publique-se.<\/strong><\/p>\n<p style=\"text-align: justify;\">Vit\u00f3ria\/ES, 12 de janeiro de 2015.<\/p>\n<p style=\"text-align: center;\">Desembargador <strong>SERGIO BIZZOTTO PESSOA DE MENDON\u00c7A<br \/>\n<\/strong><em>Presidente do TJES<\/em><\/p>\n<h2 style=\"text-align: center;\"><b><\/b><span style=\"color: #ff0000;\">ALTERADO PELO <\/span><a href=\"https:\/\/www.tjes.jus.br\/corregedoria\/index.php\/2016\/06\/07\/ato-normativo-no-0712015-disp-06052015-sem-efeito\/\" target=\"_blank\" rel=\"noopener noreferrer\">ATO NORMATIVO N\u00ba 071\/2015<\/a><span style=\"color: #ff0000;\"> &#8211; DISP. 06\/05\/2015<\/span><\/h2>\n<h2 style=\"text-align: center;\"><span style=\"color: #ff0000;\">ALTERADO PELO\u00a0<a href=\"https:\/\/www.tjes.jus.br\/corregedoria\/index.php\/2016\/06\/07\/ato-normativo-no-1022015-disp-10062015\/\" target=\"_blank\" rel=\"noopener noreferrer\">ATO NORMATIVO N\u00ba 102\/2015<\/a>\u00a0&#8211; DISP. 10\/06\/2015<\/span><\/h2>\n<h2 style=\"text-align: center;\"><span style=\"color: #ff0000;\">ALTERADO PELO<a href=\"https:\/\/www.tjes.jus.br\/corregedoria\/index.php\/2016\/06\/06\/ato-normativo-no-2102015-disp-21092015\/\" target=\"_blank\" rel=\"noopener noreferrer\"> ATO NORMATIVO N\u00ba 210\/2015<\/a> &#8211; DISP. 21\/09\/2015<\/span><\/h2>\n<h2 style=\"text-align: center;\"><span style=\"color: #ff0000;\">ALTERADO PELO\u00a0<a href=\"https:\/\/www.tjes.jus.br\/corregedoria\/index.php\/2016\/06\/06\/ato-normativo-no-2662015-disp-04112015\/\" target=\"_blank\" rel=\"noopener noreferrer\">ATO NORMATIVO N\u00ba 266\/2015<\/a> &#8211; DISP. 04\/11\/2015<\/span><\/h2>\n<h2 style=\"text-align: center;\"><span style=\"color: #ff0000;\">ALTERADO PELO <a href=\"https:\/\/www.tjes.jus.br\/corregedoria\/index.php\/2016\/06\/03\/ato-normativo-no-3082015-disp-30112015\/\" target=\"_blank\" rel=\"noopener noreferrer\">ATO NORMATIVO N\u00ba 308\/2015<\/a> &#8211;\u00a0DISP. 30\/11\/2015<\/span><\/h2>\n<h2 style=\"text-align: center;\"><span style=\"color: #ff0000;\">ALTERADO PELO\u00a0<a href=\"https:\/\/www.tjes.jus.br\/corregedoria\/index.php\/2016\/06\/01\/ato-normativo-no-0072016\/\" target=\"_blank\" rel=\"noopener noreferrer\">ATO NORMATIVO N\u00ba 007\/2016<\/a> &#8211; DISP. 18\/01\/2016<\/span><\/h2>\n<h2 style=\"text-align: center;\"><span style=\"color: #ff0000;\">ALTERADO PELO\u00a0<a href=\"https:\/\/www.tjes.jus.br\/corregedoria\/2018\/09\/17\/ato-normativo-no-156-2018-disp-17-09-2018-republicado\/\" target=\"_blank\" rel=\"noopener\">ATO NORMATIVO N\u00ba 156\/2018<\/a> &#8211; DISP. 25\/09\/2018<\/span><\/h2>\n<h2 style=\"text-align: center;\"><span style=\"color: #ff0000;\">ALTERADO PELO\u00a0<a href=\"https:\/\/www.tjes.jus.br\/corregedoria\/2019\/04\/25\/ato-normativo-conjunto-n-007-2019-disp-22-04-2019\/\">ATO NORMATIVO CONJUNTO N\u00ba 007\/2019<\/a> &#8211; DISP. 25\/04\/2019<\/span><\/h2>\n<h2 style=\"text-align: center;\"><span style=\"color: #ff0000;\">ALTERADO PELO\u00a0<a href=\"https:\/\/www.tjes.jus.br\/corregedoria\/2023\/10\/26\/ato-normativo-no-573-2023-disp-26-10-2023\/\">ATO NORMATIVO CONJUNTO N\u00ba 573\/2023<\/a>\u00a0&#8211; DISP. 26\/10\/2023<\/span><\/h2>\n","protected":false},"excerpt":{"rendered":"<p>ESTADO DO ESP\u00cdRITO SANTO PODER JUDICI\u00c1RIO TRIBUNAL DE JUSTI\u00c7A Gabinete da Presid\u00eancia &nbsp; ATO NORMATIVO N\u00ba 004\/2015 &nbsp; Autoriza a instala\u00e7\u00e3o do 1\u00ba Centro Judici\u00e1rio de Solu\u00e7\u00e3o de Conflitos e Cidadania, nos termos da Resolu\u00e7\u00e3o n\u00ba 17\/2013 &#8211; TJES, publicada no DJ do dia 15\/04\/2013. O Excelent\u00edssimo Senhor Desembargador SERGIO BIZZOTTO PESSOA DE MENDON\u00c7A, Presidente [&hellip;]<\/p>\n","protected":false},"author":1,"featured_media":0,"comment_status":"open","ping_status":"open","sticky":false,"template":"","format":"standard","meta":{"footnotes":""},"categories":[4,14],"tags":[],"_links":{"self":[{"href":"https:\/\/www.tjes.jus.br\/corregedoria\/wp-json\/wp\/v2\/posts\/1656"}],"collection":[{"href":"https:\/\/www.tjes.jus.br\/corregedoria\/wp-json\/wp\/v2\/posts"}],"about":[{"href":"https:\/\/www.tjes.jus.br\/corregedoria\/wp-json\/wp\/v2\/types\/post"}],"author":[{"embeddable":true,"href":"https:\/\/www.tjes.jus.br\/corregedoria\/wp-json\/wp\/v2\/users\/1"}],"replies":[{"embeddable":true,"href":"https:\/\/www.tjes.jus.br\/corregedoria\/wp-json\/wp\/v2\/comments?post=1656"}],"version-history":[{"count":21,"href":"https:\/\/www.tjes.jus.br\/corregedoria\/wp-json\/wp\/v2\/posts\/1656\/revisions"}],"predecessor-version":[{"id":38425,"href":"https:\/\/www.tjes.jus.br\/corregedoria\/wp-json\/wp\/v2\/posts\/1656\/revisions\/38425"}],"wp:attachment":[{"href":"https:\/\/www.tjes.jus.br\/corregedoria\/wp-json\/wp\/v2\/media?parent=1656"}],"wp:term":[{"taxonomy":"category","embeddable":true,"href":"https:\/\/www.tjes.jus.br\/corregedoria\/wp-json\/wp\/v2\/categories?post=1656"},{"taxonomy":"post_tag","embeddable":true,"href":"https:\/\/www.tjes.jus.br\/corregedoria\/wp-json\/wp\/v2\/tags?post=1656"}],"curies":[{"name":"wp","href":"https:\/\/api.w.org\/{rel}","templated":true}]}}