{"id":16947,"date":"2017-07-12T08:59:16","date_gmt":"2017-07-12T11:59:16","guid":{"rendered":"https:\/\/www.tjes.jus.br\/corregedoria\/?p=16947"},"modified":"2017-07-12T08:59:16","modified_gmt":"2017-07-12T11:59:16","slug":"provimento-no-152017-disp-12072017","status":"publish","type":"post","link":"https:\/\/www.tjes.jus.br\/corregedoria\/2017\/07\/12\/provimento-no-152017-disp-12072017\/","title":{"rendered":"PROVIMENTO N\u00ba 15\/2017 &#8211; DISP. 12\/07\/2017"},"content":{"rendered":"<p style=\"text-align: center;\"><strong>ESTADO DO ESP\u00cdRITO SANTO<\/strong><\/p>\n<p style=\"text-align: center;\"><strong>PODER JUDICI\u00c1RIO<\/strong><\/p>\n<p style=\"text-align: center;\"><strong>CORREGEDORIA GERAL DA JUSTI\u00c7A<\/strong><\/p>\n<p style=\"text-align: center;\"><strong>PROVIMENTO CGJES N\u00ba 15\/2017<\/strong><\/p>\n<p style=\"text-align: justify;\"><em>Altera a reda\u00e7\u00e3o do art. 547 do C\u00f3digo de Normas, para excluir a contribui\u00e7\u00e3o de custeio do Fundo de Apoio do Registro de Pessoas Naturais &#8211; FARPEN do regime de cobran\u00e7a e repasse dos delegat\u00e1rios, interinos e interventores das serventias extrajudiciais do Estado do Esp\u00edrito Santo, e d\u00e1 outras provid\u00eancias.<\/em><\/p>\n<p style=\"text-align: justify;\">O Desembargador <strong>RONALDO GON\u00c7ALVES DE SOUSA<\/strong>, Corregedor-Geral da Justi\u00e7a do Estado do Esp\u00edrito Santo, no uso de suas atribui\u00e7\u00f5es e,<\/p>\n<p style=\"text-align: justify;\"><strong>CONSIDERANDO <\/strong>que a Corregedoria Geral da Justi\u00e7a \u00e9 \u00f3rg\u00e3o de fiscaliza\u00e7\u00e3o, disciplina e orienta\u00e7\u00e3o administrativa, com jurisdi\u00e7\u00e3o em todo o Estado, conforme art. 35 da Lei Complementar Estadual n\u00ba 234\/02 c\/c art. 37 da Lei Federal n.\u00ba 8.935\/94;<\/p>\n<p style=\"text-align: justify;\"><strong>CONSIDERANDO <\/strong>que o art. 5\u00ba da lei estadual n\u00ba 6.670\/2001 institui a contribui\u00e7\u00e3o para custeio do Fundo de Apoio do Registro de Pessoas Naturais \u2013 FARPEN, incidente sobre atos lan\u00e7ados em livros de notas e registros p\u00fablicos;<\/p>\n<p style=\"text-align: justify;\"><strong>CONSIDERANDO <\/strong>que o art. 8\u00ba, par\u00e1grafo \u00fanico da lei federal n\u00ba 10.169\/2000, ao estatuir sobre a forma de compensa\u00e7\u00e3o aos registradores civis pelos atos gratuitos praticados, impede que os Estados e o Distrito Federal gerem \u00f4nus para o Poder P\u00fablico;<\/p>\n<p style=\"text-align: justify;\"><strong>RESOLVE:<\/strong><\/p>\n<p style=\"text-align: justify;\"><strong>Art. 1\u00ba. <\/strong>Alterar o art. 547 do C\u00f3digo de Normas, para constar a seguinte reda\u00e7\u00e3o:<\/p>\n<p style=\"text-align: justify; padding-left: 30px;\">\u201cArt. 547. Compete ao delegat\u00e1rio titular, interino ou interventor dos servi\u00e7os extrajudiciais o dever de repassar as taxas do FUNEPJ (FUNDO ESPECIAL DO PODER JUDICI\u00c1RIO DO ESTADO DO ESP\u00cdRITO SANTO), do FADESPES (FUNDO DE APARELHAMENTO DA DEFENSORIA P\u00daBLICA), do FUNEMP (FUNDO ESPECIAL DO MINIST\u00c9RIO P\u00daBLICO DO ESTADO DO ESP\u00cdRITO SANTO) e do FUNCAD (FUNDO DE MODERNIZA\u00c7\u00c3O E INCENTIVO \u00c0 COBRAN\u00c7A DA D\u00cdVIDA ATIVA E DE REESTRUTURA\u00c7\u00c3O ADMINISTRATIVA DA PROCURADORIA GERAL DO ESTADO), pagas pelos usu\u00e1rios dos servi\u00e7os Notarial e de Registro, at\u00e9 o dia 10 (dez) do m\u00eas subsequente, mediante comprova\u00e7\u00e3o perante a Corregedoria Geral da Justi\u00e7a.<\/p>\n<p style=\"text-align: justify; padding-left: 30px;\">\u00a7 1\u00ba. Assim como o delegat\u00e1rio titular, o interventor ou o delegat\u00e1rio interino dos Servi\u00e7os Notarial e de Registro \u00e9 respons\u00e1vel tribut\u00e1rio pessoal em rela\u00e7\u00e3o \u00e0 receita n\u00e3o recolhida aos cofres p\u00fablicos.<\/p>\n<p style=\"text-align: justify; padding-left: 30px;\">\u00a7\u00a02\u00ba. O delegat\u00e1rio titular dos Servi\u00e7os Notarial e de Registro que recolher as taxas e n\u00e3o proceder ao repasse do FUNEPJ, FADESPES, FUNEMP e FUNCAD estar\u00e1 sujeito \u00e0s san\u00e7\u00f5es administrativas e penais previstas em lei.<\/p>\n<p style=\"text-align: justify; padding-left: 30px;\">\u00a7\u00a03\u00ba. O interventor ou o delegat\u00e1rio interino que recolher as taxas e n\u00e3o proceder ao repasse do FUNEPJ, FADESPES, FUNEMP e FUNCAD incorrer\u00e1 na perda de confian\u00e7a da Administra\u00e7\u00e3o em sua interinidade, aplicando-se o disposto no art. 14,\u00a7 2\u00ba, do <a href=\"https:\/\/www.tjes.jus.br\/corregedoria\/index.php\/2016\/10\/07\/provimento-no-372013-disp-25042013\/\" target=\"_blank\" rel=\"noopener noreferrer\">Provimento n\u00ba 37\/2013<\/a>, sem preju\u00edzo das san\u00e7\u00f5es penais.<\/p>\n<p style=\"text-align: justify; padding-left: 30px;\">\u00a7\u00a04\u00ba. A contribui\u00e7\u00e3o de custeio do FARPEN (FUNDO DE APOIO AO REGISTRO DE PESSOAS NATURAIS) dever\u00e1 ser recolhida pelo delegat\u00e1rio titular, interino ou interventor at\u00e9 o dia at\u00e9 o dia 10 (dez) do m\u00eas subsequente, mediante comprova\u00e7\u00e3o perante a Corregedoria Geral da Justi\u00e7a, vedada, em qualquer hip\u00f3tese, sua cobran\u00e7a dos usu\u00e1rios dos Servi\u00e7os Notarial e de Registro.\u201d<\/p>\n<p style=\"text-align: justify;\"><strong>Art. 2\u00ba. <\/strong>Este provimento entra em vigor na data da publica\u00e7\u00e3o, revogando-se as disposi\u00e7\u00f5es em contr\u00e1rio.<\/p>\n<p style=\"text-align: justify;\"><strong>Publique-se. Registre-se. Cumpra-se.<\/strong><\/p>\n<p style=\"text-align: justify;\">Vit\u00f3ria, 11 de julho de 2017.<\/p>\n<p style=\"text-align: center;\"><strong>Desembargador RONALDO GON\u00c7ALVES DE SOUSA<br \/>\nCorregedor-Geral da Justi\u00e7a<\/strong><\/p>\n","protected":false},"excerpt":{"rendered":"<p>ESTADO DO ESP\u00cdRITO SANTO PODER JUDICI\u00c1RIO CORREGEDORIA GERAL DA JUSTI\u00c7A PROVIMENTO CGJES N\u00ba 15\/2017 Altera a reda\u00e7\u00e3o do art. 547 do C\u00f3digo de Normas, para excluir a contribui\u00e7\u00e3o de custeio do Fundo de Apoio do Registro de Pessoas Naturais &#8211; FARPEN do regime de cobran\u00e7a e repasse dos delegat\u00e1rios, interinos e interventores das serventias extrajudiciais [&hellip;]<\/p>\n","protected":false},"author":3,"featured_media":0,"comment_status":"open","ping_status":"open","sticky":false,"template":"","format":"standard","meta":{"footnotes":""},"categories":[14,16],"tags":[],"_links":{"self":[{"href":"https:\/\/www.tjes.jus.br\/corregedoria\/wp-json\/wp\/v2\/posts\/16947"}],"collection":[{"href":"https:\/\/www.tjes.jus.br\/corregedoria\/wp-json\/wp\/v2\/posts"}],"about":[{"href":"https:\/\/www.tjes.jus.br\/corregedoria\/wp-json\/wp\/v2\/types\/post"}],"author":[{"embeddable":true,"href":"https:\/\/www.tjes.jus.br\/corregedoria\/wp-json\/wp\/v2\/users\/3"}],"replies":[{"embeddable":true,"href":"https:\/\/www.tjes.jus.br\/corregedoria\/wp-json\/wp\/v2\/comments?post=16947"}],"version-history":[{"count":1,"href":"https:\/\/www.tjes.jus.br\/corregedoria\/wp-json\/wp\/v2\/posts\/16947\/revisions"}],"predecessor-version":[{"id":16948,"href":"https:\/\/www.tjes.jus.br\/corregedoria\/wp-json\/wp\/v2\/posts\/16947\/revisions\/16948"}],"wp:attachment":[{"href":"https:\/\/www.tjes.jus.br\/corregedoria\/wp-json\/wp\/v2\/media?parent=16947"}],"wp:term":[{"taxonomy":"category","embeddable":true,"href":"https:\/\/www.tjes.jus.br\/corregedoria\/wp-json\/wp\/v2\/categories?post=16947"},{"taxonomy":"post_tag","embeddable":true,"href":"https:\/\/www.tjes.jus.br\/corregedoria\/wp-json\/wp\/v2\/tags?post=16947"}],"curies":[{"name":"wp","href":"https:\/\/api.w.org\/{rel}","templated":true}]}}