{"id":17462,"date":"2017-07-31T11:52:41","date_gmt":"2017-07-31T14:52:41","guid":{"rendered":"https:\/\/www.tjes.jus.br\/corregedoria\/?p=17462"},"modified":"2018-02-09T14:47:36","modified_gmt":"2018-02-09T16:47:36","slug":"provimento-cgjes-no-162017-disp-31072017","status":"publish","type":"post","link":"https:\/\/www.tjes.jus.br\/corregedoria\/2017\/07\/31\/provimento-cgjes-no-162017-disp-31072017\/","title":{"rendered":"PROVIMENTO CGJES N\u00ba 16\/2017 &#8211; DISP. 31\/07\/2017"},"content":{"rendered":"<p style=\"text-align: center;\"><strong>ESTADO DO ESP\u00cdRITO SANTO<\/strong><\/p>\n<p style=\"text-align: center;\"><strong>PODER JUDICI\u00c1RIO<\/strong><\/p>\n<p style=\"text-align: center;\"><strong>CORREGEDORIA GERAL DA JUSTI\u00c7A<\/strong><\/p>\n<p style=\"text-align: center;\"><strong>PROVIMENTO CGJES N.\u00ba 16\/2017<\/strong><\/p>\n<p style=\"text-align: justify;\"><em>Disp\u00f5e sobre a disponibiliza\u00e7\u00e3o e manuten\u00e7\u00e3o de canal de comunica\u00e7\u00e3o telef\u00f4nico pelos delegat\u00e1rios do servi\u00e7o de registro civil de pessoas naturais nas situa\u00e7\u00f5es de plant\u00e3o, e d\u00e1 outras provid\u00eancias.<\/em><\/p>\n<p style=\"text-align: justify;\">O Desembargador <strong>RONALDO GON\u00c7ALVES DE SOUSA<\/strong>, Corregedor-Geral da Justi\u00e7a, no uso de suas atribui\u00e7\u00f5es e,<\/p>\n<p style=\"text-align: justify;\"><strong>CONSIDERANDO<\/strong> que a Corregedoria Geral da Justi\u00e7a \u00e9 \u00f3rg\u00e3o de fiscaliza\u00e7\u00e3o, disciplina e orienta\u00e7\u00e3o administrativa, com jurisdi\u00e7\u00e3o em todo o Estado, conforme art. 35 da Lei Complementar Estadual n\u00ba 234\/02;<\/p>\n<p style=\"text-align: justify;\"><strong>CONSIDERANDO<\/strong> que a atividade de fiscaliza\u00e7\u00e3o, disciplina e orienta\u00e7\u00e3o abrange os servi\u00e7os notariais e de registros p\u00fablicos, de acordo com o que prescreve o art. 236 da Constitui\u00e7\u00e3o Federal e a legisla\u00e7\u00e3o infraconstitucional (Leis n\u00ba 6.015\/1973 e n\u00ba 8.935\/1994);<\/p>\n<p style=\"text-align: justify;\"><strong>CONSIDERANDO <\/strong>que tanto o Poder Judici\u00e1rio quanto os delegat\u00e1rios dos servi\u00e7os notariais e de registros p\u00fablicos prestam servi\u00e7o de natureza p\u00fablica, cujo aprimoramento deve ser constante a bem de atender ao princ\u00edpio da efici\u00eancia;<\/p>\n<p style=\"text-align: justify;\"><strong>CONSIDERANDO<\/strong> que tanto a atividade jurisdicional quanto o servi\u00e7o de registro civil de pessoa natural devem ser prestados tamb\u00e9m em dias n\u00e3o \u00fateis, em sistema de plant\u00e3o, nas hip\u00f3teses legais;<\/p>\n<p style=\"text-align: justify;\"><strong>CONSIDERANDO<\/strong> que n\u00e3o \u00e9 incomum que em plant\u00f5es judici\u00e1rios surjam quest\u00f5es de urg\u00eancia que resultem em ordens a serem cumpridas por delegat\u00e1rio de servi\u00e7o de registro civil de pessoas naturais tamb\u00e9m em regime de plant\u00e3o;<\/p>\n<p style=\"text-align: justify;\"><strong>CONSIDERANDO, por fim, a necessidade de se estabelecer canal de comunica\u00e7\u00e3o simples e eficaz entre o Poder Judici\u00e1rio, por meio dos Ju\u00edzes e servidores, nas situa\u00e7\u00f5es de plant\u00e3o judici\u00e1rio, e os delegat\u00e1rios do servi\u00e7o de registro civil de pessoas naturais, de igual modo na hip\u00f3tese de plant\u00e3o (Lei n\u00ba 8.935\/94, art. 4\u00ba, \u00a7 1\u00ba e C\u00f3digo de Normas, art. 531 e \u00a7 \u00a7), visando a uma presta\u00e7\u00e3o do servi\u00e7o p\u00fablico tempor\u00e2nea, adequada e eficaz em favor do cidad\u00e3o;<\/strong><\/p>\n<p style=\"text-align: justify;\"><strong>RESOLVE:<\/strong><\/p>\n<p style=\"text-align: justify;\"><strong>Art. 1\u00ba<\/strong>. Sem preju\u00edzo do disposto no art. 531 do C\u00f3digo de Normas da Corregedoria, os registradores do servi\u00e7o de registro civil de pessoas naturais <strong>dever\u00e3o informar, no prazo de dez (10) dias<\/strong>, ao Juiz Diretor do Foro a cuja Comarca perten\u00e7am <strong>n\u00famero de telefone para contato direto pelo Juiz ou servidor a seu mando<\/strong>, nas situa\u00e7\u00f5es de urg\u00eancia do <strong>plant\u00e3o judici\u00e1rio<\/strong>.<\/p>\n<p style=\"text-align: justify;\"><strong>Par\u00e1grafo \u00fanico<\/strong>. A comunica\u00e7\u00e3o por telefone visa a facilitar o cumprimento de ordem judicial ou possibilitar esclarecimentos e orienta\u00e7\u00f5es, mas n\u00e3o substitui os instrumentos de atos de comunica\u00e7\u00e3o processual (mandado, of\u00edcio etc.), quando assim necess\u00e1rios na forma da lei.<\/p>\n<p style=\"text-align: justify;\"><strong>Art. 2\u00ba<\/strong>. Os Ju\u00edzes Diretores de Foro dever\u00e3o remeter ao Juiz Diretor do Foro da sede da regi\u00e3o plantonista as informa\u00e7\u00f5es fornecidas pelos registradores, que as disponibilizar\u00e1 imediatamente, em lista e por malote digital, a todos os Ju\u00edzes da respectiva regi\u00e3o.<\/p>\n<p style=\"text-align: justify;\"><strong>Art. 3\u00ba.<\/strong> O registrador ou preposto por ele indicado e que possua atribui\u00e7\u00e3o legal para a pr\u00e1tica dos atos registrais <strong>deve prestar o atendimento<\/strong> ao eventual contato em <strong>dias de plant\u00e3o do servi\u00e7o de registro<\/strong>, <strong>no hor\u00e1rio das 12h \u00e0s 18h<\/strong>, consoante carga hor\u00e1ria m\u00ednima prevista no \u00a7 2\u00ba do art. 531 do C\u00f3digo de Normas da Corregedoria.<\/p>\n<p style=\"text-align: justify;\"><strong>Art. 4\u00ba<\/strong>. A omiss\u00e3o do registrador em fornecer o contato telef\u00f4nico no prazo (art. 1\u00ba) ou o n\u00e3o atendimento do eventual contato telef\u00f4nico, assim registrada a ocorr\u00eancia em ata do plant\u00e3o judici\u00e1rio (art. 3\u00ba), dever\u00e1 ser comunicado \u00e0 Corregedoria Geral de Justi\u00e7a para a tomada das medidas disciplinares cab\u00edveis.<\/p>\n<p style=\"text-align: justify;\"><strong>Art. 5\u00ba. O<\/strong> termo inicial do prazo previsto no art. 1\u00ba ser\u00e1 o dia 1\u00ba de agosto de 2017; os Ju\u00edzes Diretores de Foro, de sua parte, devem praticar os atos que lhes s\u00e3o afetos at\u00e9 o dia 31 de agosto de 2017; e o funcionamento do canal de comunica\u00e7\u00e3o telef\u00f4nico ser\u00e1 exig\u00edvel a partir de 1\u00ba de setembro de 2017.<\/p>\n<p style=\"text-align: justify;\"><strong>Art. 6\u00ba.<\/strong> Este provimento entra em vigor na data da sua publica\u00e7\u00e3o.<\/p>\n<p style=\"text-align: justify;\"><strong>Publique-se. Registre-se. Cumpra-se.<\/strong><\/p>\n<p style=\"text-align: justify;\">Vit\u00f3ria, 28 de julho de 2017.<\/p>\n<p style=\"text-align: center;\"><strong>Desembargador RONALDO GON\u00c7ALVES DE SOUSA<br \/>\nCorregedor-Geral da Justi\u00e7a<\/strong><\/p>\n","protected":false},"excerpt":{"rendered":"<p>ESTADO DO ESP\u00cdRITO SANTO PODER JUDICI\u00c1RIO CORREGEDORIA GERAL DA JUSTI\u00c7A PROVIMENTO CGJES N.\u00ba 16\/2017 Disp\u00f5e sobre a disponibiliza\u00e7\u00e3o e manuten\u00e7\u00e3o de canal de comunica\u00e7\u00e3o telef\u00f4nico pelos delegat\u00e1rios do servi\u00e7o de registro civil de pessoas naturais nas situa\u00e7\u00f5es de plant\u00e3o, e d\u00e1 outras provid\u00eancias. O Desembargador RONALDO GON\u00c7ALVES DE SOUSA, Corregedor-Geral da Justi\u00e7a, no uso de [&hellip;]<\/p>\n","protected":false},"author":3,"featured_media":0,"comment_status":"open","ping_status":"open","sticky":false,"template":"","format":"standard","meta":{"footnotes":""},"categories":[14,16],"tags":[],"_links":{"self":[{"href":"https:\/\/www.tjes.jus.br\/corregedoria\/wp-json\/wp\/v2\/posts\/17462"}],"collection":[{"href":"https:\/\/www.tjes.jus.br\/corregedoria\/wp-json\/wp\/v2\/posts"}],"about":[{"href":"https:\/\/www.tjes.jus.br\/corregedoria\/wp-json\/wp\/v2\/types\/post"}],"author":[{"embeddable":true,"href":"https:\/\/www.tjes.jus.br\/corregedoria\/wp-json\/wp\/v2\/users\/3"}],"replies":[{"embeddable":true,"href":"https:\/\/www.tjes.jus.br\/corregedoria\/wp-json\/wp\/v2\/comments?post=17462"}],"version-history":[{"count":2,"href":"https:\/\/www.tjes.jus.br\/corregedoria\/wp-json\/wp\/v2\/posts\/17462\/revisions"}],"predecessor-version":[{"id":22277,"href":"https:\/\/www.tjes.jus.br\/corregedoria\/wp-json\/wp\/v2\/posts\/17462\/revisions\/22277"}],"wp:attachment":[{"href":"https:\/\/www.tjes.jus.br\/corregedoria\/wp-json\/wp\/v2\/media?parent=17462"}],"wp:term":[{"taxonomy":"category","embeddable":true,"href":"https:\/\/www.tjes.jus.br\/corregedoria\/wp-json\/wp\/v2\/categories?post=17462"},{"taxonomy":"post_tag","embeddable":true,"href":"https:\/\/www.tjes.jus.br\/corregedoria\/wp-json\/wp\/v2\/tags?post=17462"}],"curies":[{"name":"wp","href":"https:\/\/api.w.org\/{rel}","templated":true}]}}