{"id":17721,"date":"2017-08-01T13:34:43","date_gmt":"2017-08-01T16:34:43","guid":{"rendered":"https:\/\/www.tjes.jus.br\/corregedoria\/?p=17721"},"modified":"2017-08-01T13:37:54","modified_gmt":"2017-08-01T16:37:54","slug":"ato-no-0922017-disp-01082017","status":"publish","type":"post","link":"https:\/\/www.tjes.jus.br\/corregedoria\/2017\/08\/01\/ato-no-0922017-disp-01082017\/","title":{"rendered":"ATO N\u00ba 092\/2017 &#8211; DISP. 01\/08\/2017"},"content":{"rendered":"<p align=\"center\"><strong>CORREGEDORIA GERAL DA JUSTI\u00c7A<\/strong><\/p>\n<p align=\"center\"><strong>PODER JUDICI\u00c1RIO<\/strong><\/p>\n<p align=\"center\"><strong>ESTADO DO ESP\u00cdRITO SANTO<\/strong><\/p>\n<p align=\"center\"><strong>ATO N\u00ba 092\/2017<\/strong><\/p>\n<p style=\"text-align: justify;\" align=\"justify\">O Desembargador <strong>RONALDO GON\u00c7ALVES DE SOUSA<\/strong>, Corregedor-Geral da Justi\u00e7a do Estado do Esp\u00edrito Santo, no uso de suas atribui\u00e7\u00f5es legais e de acordo com Decis\u00e3o\/Of\u00edcio CMFE n\u00ba 0763\/2017 de fls. 76-78, exarada nos autos do Processo Administrativo n\u00ba 201700091512, desta Corregedoria Geral da Justi\u00e7a<\/p>\n<p style=\"text-align: justify;\" align=\"justify\"><strong>RESOLVE:<\/strong><\/p>\n<p style=\"text-align: justify;\" align=\"justify\"><strong>DESIGNAR<\/strong> o Sr. <strong>F\u00c1BIO XAVIER ARAG\u00c3O<\/strong>, Tabeli\u00e3o Titular do Cart\u00f3rio do 3\u00ba Of\u00edcio de Notas, para responder em car\u00e1ter prec\u00e1rio e interinamente, em confian\u00e7a do Poder P\u00fablico, pelo Cart\u00f3rio do Registro Civil e Tabelionato do Distrito de Cachoeira de Ita\u00fanas, ambas da Comarca de Barra de S\u00e3o Francisco\/ES, at\u00e9 ulterior provimento da titularidade do servi\u00e7o mediante investidura nos moldes constitucionais (CRFB\/1988, art. 236, \u00a7 3\u00ba).<\/p>\n<p style=\"text-align: justify;\" align=\"justify\"><strong>Publique-se.<\/strong><\/p>\n<p style=\"text-align: justify;\" align=\"justify\">Vit\u00f3ria-ES, 31 de julho de 2017.<\/p>\n<p style=\"text-align: center;\" align=\"justify\"><strong>Desembargador RONALDO GON\u00c7ALVES DE SOUSA<\/strong><br \/>\n<strong>Corregedor-Geral da Justi\u00e7a<\/strong><\/p>\n","protected":false},"excerpt":{"rendered":"<p>CORREGEDORIA GERAL DA JUSTI\u00c7A PODER JUDICI\u00c1RIO ESTADO DO ESP\u00cdRITO SANTO ATO N\u00ba 092\/2017 O Desembargador RONALDO GON\u00c7ALVES DE SOUSA, Corregedor-Geral da Justi\u00e7a do Estado do Esp\u00edrito Santo, no uso de suas atribui\u00e7\u00f5es legais e de acordo com Decis\u00e3o\/Of\u00edcio CMFE n\u00ba 0763\/2017 de fls. 76-78, exarada nos autos do Processo Administrativo n\u00ba 201700091512, desta Corregedoria Geral [&hellip;]<\/p>\n","protected":false},"author":3,"featured_media":0,"comment_status":"open","ping_status":"open","sticky":false,"template":"","format":"standard","meta":{"footnotes":""},"categories":[18,14],"tags":[],"_links":{"self":[{"href":"https:\/\/www.tjes.jus.br\/corregedoria\/wp-json\/wp\/v2\/posts\/17721"}],"collection":[{"href":"https:\/\/www.tjes.jus.br\/corregedoria\/wp-json\/wp\/v2\/posts"}],"about":[{"href":"https:\/\/www.tjes.jus.br\/corregedoria\/wp-json\/wp\/v2\/types\/post"}],"author":[{"embeddable":true,"href":"https:\/\/www.tjes.jus.br\/corregedoria\/wp-json\/wp\/v2\/users\/3"}],"replies":[{"embeddable":true,"href":"https:\/\/www.tjes.jus.br\/corregedoria\/wp-json\/wp\/v2\/comments?post=17721"}],"version-history":[{"count":2,"href":"https:\/\/www.tjes.jus.br\/corregedoria\/wp-json\/wp\/v2\/posts\/17721\/revisions"}],"predecessor-version":[{"id":17723,"href":"https:\/\/www.tjes.jus.br\/corregedoria\/wp-json\/wp\/v2\/posts\/17721\/revisions\/17723"}],"wp:attachment":[{"href":"https:\/\/www.tjes.jus.br\/corregedoria\/wp-json\/wp\/v2\/media?parent=17721"}],"wp:term":[{"taxonomy":"category","embeddable":true,"href":"https:\/\/www.tjes.jus.br\/corregedoria\/wp-json\/wp\/v2\/categories?post=17721"},{"taxonomy":"post_tag","embeddable":true,"href":"https:\/\/www.tjes.jus.br\/corregedoria\/wp-json\/wp\/v2\/tags?post=17721"}],"curies":[{"name":"wp","href":"https:\/\/api.w.org\/{rel}","templated":true}]}}