{"id":1816,"date":"2016-06-09T20:53:11","date_gmt":"2016-06-09T23:53:11","guid":{"rendered":"http:\/\/10.14.3.75\/corregedoria\/?p=1816"},"modified":"2017-05-25T11:44:23","modified_gmt":"2017-05-25T14:44:23","slug":"ato-normativo-no-2632014-disp-16122014","status":"publish","type":"post","link":"https:\/\/www.tjes.jus.br\/corregedoria\/2016\/06\/09\/ato-normativo-no-2632014-disp-16122014\/","title":{"rendered":"ATO NORMATIVO N\u00ba 263\/2014 &#8211; DISP. 16\/12\/2014"},"content":{"rendered":"<p lang=\"pt-BR\" align=\"CENTER\"><strong>ESTADO DO ESP\u00cdRITO SANTO<\/strong><\/p>\n<p lang=\"pt-BR\" align=\"CENTER\"><strong>PODER JUDICI\u00c1RIO<\/strong><\/p>\n<p lang=\"pt-BR\" align=\"CENTER\"><strong>TRIBUNAL DE JUSTI\u00c7A<\/strong><\/p>\n<p lang=\"pt-BR\" align=\"CENTER\"><strong>PRESID\u00caNCIA<\/strong><\/p>\n<p align=\"CENTER\"><strong>ATO NORMATIVO N\u00ba 263\/2014<\/strong><\/p>\n<p align=\"JUSTIFY\">O\u00a0<strong>Excelent\u00edssimo Senhor Desembargador S\u00c9RGIO BIZZOTTO PESSOA DE MENDON\u00c7A<\/strong>, Presidente do Egr\u00e9gio Tribunal de Justi\u00e7a do Estado do Esp\u00edrito Santo, no uso de suas atribui\u00e7\u00f5es legais, e<\/p>\n<p align=\"JUSTIFY\"><strong>CONSIDERANDO<\/strong>\u00a0o <a href=\"https:\/\/www.tjes.jus.br\/corregedoria\/index.php\/2016\/06\/27\/ato-normativo-no-0462013-disp-25042013-alterado\/\" target=\"_blank\">Ato Normativo n\u00ba 46\/2013<\/a>, publicado no Di\u00e1rio da Justi\u00e7a de 25\/04\/2013, que autorizou a instala\u00e7\u00e3o do Centro Judici\u00e1rio de Solu\u00e7\u00e3o de Conflitos e Cidadania (CEJUSC) de Vila Velha\/ES, bem como instituiu o grupo de trabalho para atuar no referido Centro;<\/p>\n<p align=\"JUSTIFY\"><strong>CONSIDERANDO\u00a0<\/strong>os termos da decis\u00e3o proferida nos autos de n\u00ba 201301384355;<\/p>\n<p align=\"JUSTIFY\"><strong>RESOLVE<\/strong><strong>:<\/strong><\/p>\n<p align=\"JUSTIFY\"><strong>ALTERAR<\/strong><strong>\u00a0a composi\u00e7\u00e3o do grupo de trabalho institu\u00eddo para atuar no CEJUSC:<\/strong><\/p>\n<p align=\"JUSTIFY\"><strong>EXCLUIR<\/strong>: LORENA ROSSONI NOGUEIRA;<\/p>\n<p align=\"JUSTIFY\"><strong>INCLUIR:\u00a0<\/strong>ANA RITA MELLO GOMES MAROCHIO<strong>.<\/strong><\/p>\n<p align=\"JUSTIFY\">P U B L I Q U E &#8211; S E<\/p>\n<p lang=\"pt-BR\" style=\"text-align: center;\" align=\"JUSTIFY\">Vit\u00f3ria, 11 de dezembro de 2014.<\/p>\n<p style=\"text-align: center;\" align=\"CENTER\"><strong>Desembargador S\u00c9RGIO BIZZOTTO PESSOA DE MENDON\u00c7A<\/strong><\/p>\n<p style=\"text-align: center;\" align=\"CENTER\"><strong>Presidente<\/strong><\/p>\n","protected":false},"excerpt":{"rendered":"<p>ESTADO DO ESP\u00cdRITO SANTO PODER JUDICI\u00c1RIO TRIBUNAL DE JUSTI\u00c7A PRESID\u00caNCIA ATO NORMATIVO N\u00ba 263\/2014 O\u00a0Excelent\u00edssimo Senhor Desembargador S\u00c9RGIO BIZZOTTO PESSOA DE MENDON\u00c7A, Presidente do Egr\u00e9gio Tribunal de Justi\u00e7a do Estado do Esp\u00edrito Santo, no uso de suas atribui\u00e7\u00f5es legais, e CONSIDERANDO\u00a0o Ato Normativo n\u00ba 46\/2013, publicado no Di\u00e1rio da Justi\u00e7a de 25\/04\/2013, que autorizou a [&hellip;]<\/p>\n","protected":false},"author":1,"featured_media":0,"comment_status":"open","ping_status":"open","sticky":false,"template":"","format":"standard","meta":{"footnotes":""},"categories":[4,14],"tags":[],"_links":{"self":[{"href":"https:\/\/www.tjes.jus.br\/corregedoria\/wp-json\/wp\/v2\/posts\/1816"}],"collection":[{"href":"https:\/\/www.tjes.jus.br\/corregedoria\/wp-json\/wp\/v2\/posts"}],"about":[{"href":"https:\/\/www.tjes.jus.br\/corregedoria\/wp-json\/wp\/v2\/types\/post"}],"author":[{"embeddable":true,"href":"https:\/\/www.tjes.jus.br\/corregedoria\/wp-json\/wp\/v2\/users\/1"}],"replies":[{"embeddable":true,"href":"https:\/\/www.tjes.jus.br\/corregedoria\/wp-json\/wp\/v2\/comments?post=1816"}],"version-history":[{"count":3,"href":"https:\/\/www.tjes.jus.br\/corregedoria\/wp-json\/wp\/v2\/posts\/1816\/revisions"}],"predecessor-version":[{"id":15780,"href":"https:\/\/www.tjes.jus.br\/corregedoria\/wp-json\/wp\/v2\/posts\/1816\/revisions\/15780"}],"wp:attachment":[{"href":"https:\/\/www.tjes.jus.br\/corregedoria\/wp-json\/wp\/v2\/media?parent=1816"}],"wp:term":[{"taxonomy":"category","embeddable":true,"href":"https:\/\/www.tjes.jus.br\/corregedoria\/wp-json\/wp\/v2\/categories?post=1816"},{"taxonomy":"post_tag","embeddable":true,"href":"https:\/\/www.tjes.jus.br\/corregedoria\/wp-json\/wp\/v2\/tags?post=1816"}],"curies":[{"name":"wp","href":"https:\/\/api.w.org\/{rel}","templated":true}]}}