{"id":1832,"date":"2016-06-10T16:02:14","date_gmt":"2016-06-10T19:02:14","guid":{"rendered":"http:\/\/10.14.3.75\/corregedoria\/?p=1832"},"modified":"2017-07-25T12:41:07","modified_gmt":"2017-07-25T15:41:07","slug":"ato-normativo-no-2592014-disp-11122014","status":"publish","type":"post","link":"https:\/\/www.tjes.jus.br\/corregedoria\/2016\/06\/10\/ato-normativo-no-2592014-disp-11122014\/","title":{"rendered":"ATO NORMATIVO N\u00ba 259\/2014 &#8211; DISP. 11\/12\/2014"},"content":{"rendered":"<p style=\"text-align: center;\" align=\"center\"><strong>ESTADO DO ESPIRITO SANTO<\/strong><\/p>\n<p style=\"text-align: center;\" align=\"center\"><strong>PODER JUDICIARIO<\/strong><\/p>\n<p style=\"text-align: center;\" align=\"center\"><strong>TRIBUNAL DE JUSTI\u00c7A<\/strong><\/p>\n<p style=\"text-align: center;\" align=\"center\"><strong>GABINETE DA PRESIDENCIA<\/strong><\/p>\n<p style=\"text-align: center;\" align=\"center\"><strong>ATO NORMATIVO N\u00ba 259\/2014<\/strong><\/p>\n<p style=\"text-align: justify;\" align=\"center\"><em>Complementa o Ato Normativo n\u00ba 13\/2010<\/em><\/p>\n<p style=\"text-align: justify;\"><strong>O Excelent\u00edssimo Senhor Desembargador S\u00c9RGIO BIZZOTTO PESSOA DE MENDON\u00c7A, Presidente do Egr\u00e9gio Tribunal de Justi\u00e7a do Estado do Esp\u00edrito Santo, no uso de suas atribui\u00e7\u00f5es legais e regimentais, e<\/strong><\/p>\n<p style=\"text-align: justify;\"><strong>CONSIDERANDO<\/strong> o <a href=\"https:\/\/www.tjes.jus.br\/corregedoria\/index.php\/2016\/08\/25\/ato-normativo-no-132010-disp-23032010-alterado\/\" target=\"_blank\" rel=\"noopener noreferrer\">Ato Normativo n\u00ba 13\/2010<\/a>, publicado no DJ 23\/03\/2010, que instituiu a Comiss\u00e3o de Acessibilidade;<\/p>\n<p style=\"text-align: justify;\"><strong>CONSIDERANDO<\/strong> o expediente de n\u00ba 2014.01.604.425, encaminhado pela Comiss\u00e3o Multidisciplinar de Acessibilidade;<\/p>\n<p style=\"text-align: justify;\"><strong>RESOLVE<\/strong>:<\/p>\n<p style=\"text-align: justify;\"><strong>Alterar<\/strong> a Comiss\u00e3o Multidisciplinar de Acessibilidade, institu\u00edda pelo <a href=\"https:\/\/www.tjes.jus.br\/corregedoria\/index.php\/2016\/08\/25\/ato-normativo-no-132010-disp-23032010-alterado\/\" target=\"_blank\" rel=\"noopener noreferrer\">Ato Normativo N\u00ba 13\/2010<\/a>, incluindo, a pedido, o servidor Jonas Leal Marvila, Analista Judici\u00e1rio 02 \u2013 AE Administra\u00e7\u00e3o, lotado na Secretaria de Infraestrutura do Tribunal de Justi\u00e7a.<\/p>\n<p style=\"text-align: justify;\"><strong>PUBLIQUE-SE.<\/strong><\/p>\n<p style=\"text-align: justify;\" align=\"center\">Vit\u00f3ria\/ES, 10 de dezembro de 2014.<\/p>\n<p style=\"text-align: center;\" align=\"center\">Desembargador <strong>S\u00c9RGIO BIZZOTTO PESSOA DE MENDON\u00c7A<br \/>\nPresidente<\/strong><\/p>\n","protected":false},"excerpt":{"rendered":"<p>ESTADO DO ESPIRITO SANTO PODER JUDICIARIO TRIBUNAL DE JUSTI\u00c7A GABINETE DA PRESIDENCIA ATO NORMATIVO N\u00ba 259\/2014 Complementa o Ato Normativo n\u00ba 13\/2010 O Excelent\u00edssimo Senhor Desembargador S\u00c9RGIO BIZZOTTO PESSOA DE MENDON\u00c7A, Presidente do Egr\u00e9gio Tribunal de Justi\u00e7a do Estado do Esp\u00edrito Santo, no uso de suas atribui\u00e7\u00f5es legais e regimentais, e CONSIDERANDO o Ato Normativo [&hellip;]<\/p>\n","protected":false},"author":1,"featured_media":0,"comment_status":"open","ping_status":"open","sticky":false,"template":"","format":"standard","meta":{"footnotes":""},"categories":[4,14],"tags":[],"_links":{"self":[{"href":"https:\/\/www.tjes.jus.br\/corregedoria\/wp-json\/wp\/v2\/posts\/1832"}],"collection":[{"href":"https:\/\/www.tjes.jus.br\/corregedoria\/wp-json\/wp\/v2\/posts"}],"about":[{"href":"https:\/\/www.tjes.jus.br\/corregedoria\/wp-json\/wp\/v2\/types\/post"}],"author":[{"embeddable":true,"href":"https:\/\/www.tjes.jus.br\/corregedoria\/wp-json\/wp\/v2\/users\/1"}],"replies":[{"embeddable":true,"href":"https:\/\/www.tjes.jus.br\/corregedoria\/wp-json\/wp\/v2\/comments?post=1832"}],"version-history":[{"count":3,"href":"https:\/\/www.tjes.jus.br\/corregedoria\/wp-json\/wp\/v2\/posts\/1832\/revisions"}],"predecessor-version":[{"id":17054,"href":"https:\/\/www.tjes.jus.br\/corregedoria\/wp-json\/wp\/v2\/posts\/1832\/revisions\/17054"}],"wp:attachment":[{"href":"https:\/\/www.tjes.jus.br\/corregedoria\/wp-json\/wp\/v2\/media?parent=1832"}],"wp:term":[{"taxonomy":"category","embeddable":true,"href":"https:\/\/www.tjes.jus.br\/corregedoria\/wp-json\/wp\/v2\/categories?post=1832"},{"taxonomy":"post_tag","embeddable":true,"href":"https:\/\/www.tjes.jus.br\/corregedoria\/wp-json\/wp\/v2\/tags?post=1832"}],"curies":[{"name":"wp","href":"https:\/\/api.w.org\/{rel}","templated":true}]}}