{"id":18362,"date":"2017-08-30T08:25:21","date_gmt":"2017-08-30T11:25:21","guid":{"rendered":"https:\/\/www.tjes.jus.br\/corregedoria\/?p=18362"},"modified":"2018-10-18T12:53:26","modified_gmt":"2018-10-18T15:53:26","slug":"resolucao-no-212017-disp-30082017","status":"publish","type":"post","link":"https:\/\/www.tjes.jus.br\/corregedoria\/2017\/08\/30\/resolucao-no-212017-disp-30082017\/","title":{"rendered":"RESOLU\u00c7\u00c3O N\u00ba 21\/2017 &#8211; DISP. 30\/08\/2017"},"content":{"rendered":"<p style=\"text-align: center;\"><strong>PODER JUDICI\u00c1RIO DO ESTADO DO ESP\u00cdRITO SANTO<\/strong><\/p>\n<p style=\"text-align: center;\"><strong>TRIBUNAL DE JUSTI\u00c7A<\/strong><\/p>\n<p style=\"text-align: center;\"><strong>PRESID\u00caNCIA<\/strong><\/p>\n<p style=\"text-align: center;\"><strong>RESOLU\u00c7\u00c3O N\u00ba 21\/2017<\/strong><\/p>\n<p style=\"text-align: justify;\"><em>Regulamenta o controle do fluxo de pessoas, objetos e volumes, bem como o porte de armas nas depend\u00eancias do Poder Judici\u00e1rio do Estado do Esp\u00edrito Santo.<\/em><\/p>\n<p style=\"text-align: justify;\">O Excelent\u00edssimo Senhor Desembargador Fabio Clem de Oliveira, Presidente em exerc\u00edcio do Egr\u00e9gio Tribunal de Justi\u00e7a do Estado do Esp\u00edrito Santo, no uso de suas atribui\u00e7\u00f5es legais e regimentais, e, tendo em vista decis\u00e3o do Egr\u00e9gio Tribunal Pleno;<\/p>\n<p style=\"text-align: justify;\"><strong>CONSIDERANDO<\/strong> que a Lei Federal n\u00ba. 12.694\/2012, em seu artigo 3\u00ba, autorizou os Tribunais, no \u00e2mbito de suas compet\u00eancias, a tomarem medidas para refor\u00e7ar a seguran\u00e7a dos pr\u00e9dios do Poder Judici\u00e1rio, especialmente quanto ao controle de acesso, com identifica\u00e7\u00e3o, e \u00e0 instala\u00e7\u00e3o de aparelhos detectores de metais, aos quais se devem submeter todos que queiram ter acesso, especialmente \u00e0s varas criminais ou \u00e0s respectivas salas de audi\u00eancia, ainda que exer\u00e7am qualquer cargo ou fun\u00e7\u00e3o p\u00fablica, ressalvados os integrantes de miss\u00e3o policial, a escolta de presos e os agentes ou inspetores de seguran\u00e7a pr\u00f3prios;<\/p>\n<p style=\"text-align: justify;\"><strong>CONSIDERANDO<\/strong> a necessidade de que sejam estabelecidas medidas de seguran\u00e7a de Magistrados, Servidores e demais frequentadores das instala\u00e7\u00f5es, bem como de que seja resguardada a seguran\u00e7a patrimonial do Poder Judici\u00e1rio do Estado do Esp\u00edrito Santo;<\/p>\n<p style=\"text-align: justify;\"><strong>CONSIDERANDO<\/strong> as recomenda\u00e7\u00f5es contidas na <a href=\"https:\/\/www.tjes.jus.br\/corregedoria\/index.php\/2016\/09\/14\/resolucao-cnj-no-176-de-10062013\/\" target=\"_blank\" rel=\"noopener noreferrer\">Resolu\u00e7\u00e3o n\u00ba. 176\/2013<\/a>, de 10 de Julho de 2013, do Colendo Conselho Nacional de Justi\u00e7a, que instituiu o Sistema Nacional de Seguran\u00e7a do Poder Judici\u00e1rio, em especial o disposto em seu artigo 9\u00ba;<\/p>\n<p style=\"text-align: justify;\"><strong>RESOLVE<\/strong>:<\/p>\n<p style=\"text-align: justify;\"><strong>Art. 1\u00ba <\/strong>\u2013 Determinar que o controle de entrada e de sa\u00edda de pessoas, objetos e volumes nas depend\u00eancias do Poder Judici\u00e1rio do Estado do Esp\u00edrito Santo \u00e9 atribui\u00e7\u00e3o da Comiss\u00e3o de Seguran\u00e7a Institucional, no segundo grau de jurisdi\u00e7\u00e3o, e das demais unidades respons\u00e1veis pela seguran\u00e7a que estejam \u00e0 disposi\u00e7\u00e3o das Diretorias de Foro, no primeiro grau de jurisdi\u00e7\u00e3o.<\/p>\n<p style=\"text-align: justify;\"><strong>Art. 2\u00ba <\/strong>\u2013 Os Desembargadores, os Ju\u00edzes de Direito, os Membros do Minist\u00e9rio P\u00fablico, os Defensores P\u00fablicos e os Advogados regularmente inscritos na Ordem dos Advogados do Brasil \u2013 OAB ter\u00e3o acesso e perman\u00eancia livres em todas as reparti\u00e7\u00f5es do Poder Judici\u00e1rio do Estado do Esp\u00edrito Santo, ficando seu acesso \u00e0s depend\u00eancias restrito apenas \u00e0 sua identifica\u00e7\u00e3o mediante apresenta\u00e7\u00e3o da identidade funcional ou profissional e sujei\u00e7\u00e3o aos aparelhos detectores de metais e \u00e0 inspe\u00e7\u00e3o de bagagens, ressalvado o disposto nos \u00a7\u00a7 1\u00ba, 5\u00ba, 6\u00ba e 7\u00ba, do artigo 4\u00ba, desta Resolu\u00e7\u00e3o.<\/p>\n<p style=\"text-align: justify;\"><strong>Art. 3\u00ba <\/strong>\u2013 Os servidores ativos, servidores aposentados, prestadores de servi\u00e7os, terceirizados, estagi\u00e1rios e visitantes dever\u00e3o fazer uso obrigat\u00f3rio de crach\u00e1 de identifica\u00e7\u00e3o.<\/p>\n<p style=\"text-align: justify;\">\u00a7 1\u00ba \u2013 O crach\u00e1 de identifica\u00e7\u00e3o \u00e9 de uso pessoal, intransfer\u00edvel e obrigat\u00f3rio quando do acesso, circula\u00e7\u00e3o e perman\u00eancia nas depend\u00eancias do Poder Judici\u00e1rio do Estado do Esp\u00edrito Santo, devendo ser utilizado sempre de modo vis\u00edvel.<\/p>\n<p style=\"text-align: justify;\">\u00a7\u00a02\u00ba \u2013 O extravio do crach\u00e1 de identifica\u00e7\u00e3o dever\u00e1 ser comunicado no prazo m\u00e1ximo de 48 (quarenta e oito) horas \u00e0 Comiss\u00e3o de Seguran\u00e7a Institucional, no segundo grau de jurisdi\u00e7\u00e3o, ou \u00e0s demais unidades respons\u00e1veis pela seguran\u00e7a, no primeiro grau de jurisdi\u00e7\u00e3o.<\/p>\n<p style=\"text-align: justify;\">\u00a7\u00a03\u00ba \u2013 No caso de extravio dos crach\u00e1s de identifica\u00e7\u00e3o no primeiro grau de jurisdi\u00e7\u00e3o, dever\u00e1 o respons\u00e1vel pela seguran\u00e7a da respectiva unidade judici\u00e1ria comunicar \u00e0 Comiss\u00e3o de Seguran\u00e7a Institucional t\u00e3o logo seja informada do ocorrido.<\/p>\n<p style=\"text-align: justify;\">\u00a7\u00a04\u00ba \u2013 As duas primeiras emiss\u00f5es do crach\u00e1 de identifica\u00e7\u00e3o dos servidores ser\u00e3o gratuitas. A terceira via e subsequentes ser\u00e3o cobradas do usu\u00e1rio, pelo custo correspondente \u00e0 confec\u00e7\u00e3o do documento, sendo este descontado em folha de pagamento.<\/p>\n<p style=\"text-align: justify;\">\u00a7\u00a05\u00ba \u2013 Nas hip\u00f3teses de demiss\u00e3o, exonera\u00e7\u00e3o, remo\u00e7\u00e3o, dispensa ou morte e encerramento de contrato de est\u00e1gio, o crach\u00e1 de identifica\u00e7\u00e3o funcional dever\u00e1 ser obrigatoriamente devolvido \u00e0 Comiss\u00e3o de Seguran\u00e7a Institucional, sob pena de indeniza\u00e7\u00e3o do respectivo custo e, se for o caso, instaura\u00e7\u00e3o de processo disciplinar.<\/p>\n<p style=\"text-align: justify;\"><strong>Art. 4\u00ba <\/strong>\u2013 O acesso \u00e0s depend\u00eancias do Poder Judici\u00e1rio do Estado do Esp\u00edrito Santo depender\u00e1, obrigatoriamente, de identifica\u00e7\u00e3o perante a recep\u00e7\u00e3o, bem como da pr\u00e9via vistoria de pessoas, de objetos e de volumes pelos equipamentos detectores de metais, assim como de inspe\u00e7\u00e3o de bagagens, devendo esta \u00faltima se dar na forma do artigo 8\u00ba, desta Resolu\u00e7\u00e3o.<\/p>\n<p style=\"text-align: justify;\">\u00a7\u00a01\u00ba \u2013 Todos se submeter\u00e3o aos aparelhos detectores de metais e \u00e0 inspe\u00e7\u00e3o de bagagens, salvo os servidores naquelas unidades em que lotados e aqueles previstos no inciso III, do artigo 3\u00ba, da Lei Federal n\u00ba. 12.694\/2012, quais sejam, os integrantes de miss\u00e3o policial, a escolta de presos e os agentes ou inspetores de seguran\u00e7a pr\u00f3prios.<\/p>\n<p style=\"text-align: justify;\">\u00a7\u00a02\u00ba \u2013 O ingresso de portadores de necessidades especiais, incluindo-se nestes os possuidores de pr\u00f3teses mec\u00e2nicas, dar-se-\u00e1 pelo recebimento de tratamento diferenciado, com a devida cautela quanto \u00e0 submiss\u00e3o aos aparelhos detectores de metais.<\/p>\n<p style=\"text-align: justify;\">\u00a7\u00a03\u00ba \u2013 Os portadores de marca-passo, desde que comprovada tal condi\u00e7\u00e3o, ficam exclu\u00eddos da exig\u00eancia de submiss\u00e3o aos aparelhos detectores de metais, sem preju\u00edzo de inspe\u00e7\u00e3o de bagagens e pertences e de vistoria pessoal, quando houver indica\u00e7\u00e3o de necessidade, observando-se o artigo 8\u00ba, desta Resolu\u00e7\u00e3o.<\/p>\n<p style=\"text-align: justify;\">\u00a7\u00a04\u00ba \u2013 Ser\u00e3o exibidos em local vis\u00edvel e de f\u00e1cil leitura, nos pontos de acesso com aparelhos detectores de metais, avisos sobre os riscos e os preju\u00edzos de tais equipamentos \u00e0 sa\u00fade dos portadores de marca-passo.<\/p>\n<p style=\"text-align: justify;\">\u00a7\u00a05\u00ba \u2013 Havendo forma\u00e7\u00e3o de contingente de pessoas aguardando os tr\u00e2mites para acesso aos pr\u00e9dios do Poder Judici\u00e1rio do Estado do Esp\u00edrito Santo, assegurar-se-\u00e1 aos Magistrados, Membros do Minist\u00e9rio P\u00fablico, Advogados regularmente inscritos na Ordem dos Advogados do Brasil \u2013 OAB e Defensores P\u00fablicos prioridade de acesso aos aparelhos detectores de metais, com consequente ingresso ao recinto, desde que portadores de sua respectiva identidade funcional ou profissional.<\/p>\n<p style=\"text-align: justify;\">\u00a7\u00a06\u00ba \u2013 Em depend\u00eancias do Poder Judici\u00e1rio do Estado do Esp\u00edrito Santo ainda n\u00e3o equipadas com portais detectores de metais, ficam dispensados de revista por detector manual de metais os Magistrados, Membros do Minist\u00e9rio P\u00fablico, Advogados regularmente inscritos na Ordem dos Advogados do Brasil \u2013 OAB e Defensores P\u00fablicos, salvo fundadas raz\u00f5es em rela\u00e7\u00e3o aos que n\u00e3o detenham porte de arma.<\/p>\n<p style=\"text-align: justify;\">\u00a7\u00a07\u00ba \u2013 O disposto no par\u00e1grafo anterior n\u00e3o exime os Magistrados, Membros do Minist\u00e9rio P\u00fablico, Advogados regularmente inscritos na Ordem dos Advogados do Brasil \u2013 OAB e Defensores P\u00fablicos de sujei\u00e7\u00e3o de suas bagagens ao detector manual de metais, devendo-se adotar o procedimento disposto no artigo 8\u00ba, desta Resolu\u00e7\u00e3o, na hip\u00f3tese de acionamento do equipamento.<\/p>\n<p style=\"text-align: justify;\"><strong>Art. 5\u00ba <\/strong>\u2013 \u00c9 vedado o ingresso nas depend\u00eancias do Poder Judici\u00e1rio do Estado do Esp\u00edrito Santo:<\/p>\n<p style=\"text-align: justify;\">I \u2013 de pessoa com finalidade de comerciar, panfletar, solicitar donativos ou pr\u00e1ticas cong\u00eaneres;<\/p>\n<p style=\"text-align: justify;\">II \u2013 de pessoa ou de objeto que represente potencial amea\u00e7a \u00e0 integridade f\u00edsica ou moral da institui\u00e7\u00e3o, de magistrados, de servidores ou de terceiros, em especial se portadores de armas de fogo, objetos perfurocortantes ou artefatos que possam apresentar risco \u00e0 integridade f\u00edsica de outrem;<\/p>\n<p style=\"text-align: justify;\">III \u2013 de animais, exceto o c\u00e3o-guia pertencente aos deficientes visuais, mediante apresenta\u00e7\u00e3o do cart\u00e3o de vacina\u00e7\u00e3o do animal, devidamente atualizado;<\/p>\n<p style=\"text-align: justify;\">IV \u2013 de pessoas embriagadas ou sob efeito de quaisquer subst\u00e2ncias entorpecentes.<\/p>\n<p style=\"text-align: justify;\"><strong>Art. 6\u00ba <\/strong>\u2013 \u00c9 proibido o porte de arma de fogo nas depend\u00eancias do Poder Judici\u00e1rio do Estado do Esp\u00edrito Santo, salvo por:<\/p>\n<p style=\"text-align: justify;\">I \u2013 agentes de seguran\u00e7a do Poder Judici\u00e1rio do Estado do Esp\u00edrito Santo que possuam autoriza\u00e7\u00e3o para portarem arma de fogo institucional expedida conforme as prescri\u00e7\u00f5es legais, desde que autorizados pela Comiss\u00e3o de Seguran\u00e7a Institucional, no segundo grau de jurisdi\u00e7\u00e3o, ou pelas demais unidades respons\u00e1veis pela seguran\u00e7a que estejam \u00e0 disposi\u00e7\u00e3o das Diretorias de Foro, no primeiro grau de jurisdi\u00e7\u00e3o;<\/p>\n<p style=\"text-align: justify;\">II \u2013 policiais quando no estrito exerc\u00edcio de suas atividades:<\/p>\n<p style=\"text-align: justify;\">a) por requisi\u00e7\u00e3o da Presid\u00eancia do Egr\u00e9gio Tribunal de Justi\u00e7a para seguran\u00e7a de magistrado ou das depend\u00eancias do Poder Judici\u00e1rio do Estado do Esp\u00edrito Santo;<\/p>\n<p style=\"text-align: justify;\">b) em escolta armada de presos, v\u00edtimas ou testemunhas;<\/p>\n<p style=\"text-align: justify;\">c) escolta de autoridade previamente comunicada \u00e0 Comiss\u00e3o de Seguran\u00e7a Institucional, no segundo grau de jurisdi\u00e7\u00e3o, ou \u00e0s demais unidades respons\u00e1veis pela seguran\u00e7a que estejam \u00e0 disposi\u00e7\u00e3o das Diretorias de Foro, no primeiro grau de jurisdi\u00e7\u00e3o.<\/p>\n<p style=\"text-align: justify;\">III \u2013 integrantes do quadro de agentes e guardas prisionais, bem como militares que estejam no exerc\u00edcio efetivo de escolta de presos;<\/p>\n<p style=\"text-align: justify;\">IV \u2013 transportadores de valores em servi\u00e7o, previamente autorizados pela Comiss\u00e3o de Seguran\u00e7a Institucional, no segundo grau de jurisdi\u00e7\u00e3o, ou pelas demais unidades respons\u00e1veis pela seguran\u00e7a que estejam \u00e0 disposi\u00e7\u00e3o das Diretorias de Foro, no primeiro grau de jurisdi\u00e7\u00e3o;<\/p>\n<p style=\"text-align: justify;\">V \u2013 colaboradores do Poder Judici\u00e1rio do Estado do Esp\u00edrito Santo, na modalidade de vigil\u00e2ncia armada, desde que em servi\u00e7o;<\/p>\n<p style=\"text-align: justify;\">VI \u2013 As pessoas previstas no inciso III, do artigo 3\u00ba, da Lei Federal n\u00ba. 12.694\/2012 (os integrantes de miss\u00e3o policial, a escolta de presos e os agentes ou inspetores de seguran\u00e7a pr\u00f3prios) e, ainda, aquelas detentoras de porte de arma funcional que exer\u00e7am suas fun\u00e7\u00f5es ou mister na unidade judici\u00e1ria.<\/p>\n<p style=\"text-align: justify;\">\u00a7\u00a01\u00ba \u2013 Os portadores de arma de fogo n\u00e3o relacionados neste artigo apresentar\u00e3o o documento de porte e a identifica\u00e7\u00e3o pessoal para confer\u00eancia pelo agente de seguran\u00e7a, que providenciar\u00e1 o acautelamento.<\/p>\n<p style=\"text-align: justify;\">\u00a7\u00a02\u00ba \u2013 A Comiss\u00e3o de Seguran\u00e7a Institucional, no segundo grau de jurisdi\u00e7\u00e3o, ou as demais unidades respons\u00e1veis pela seguran\u00e7a, no primeiro grau de jurisdi\u00e7\u00e3o, dever\u00e3o manter local seguro e adequado para a guarda e cust\u00f3dia de arma de quem a porte legalmente e pretenda ingressar nas depend\u00eancias do Poder Judici\u00e1rio do Estado do Esp\u00edrito Santo, mediante o devido preenchimento do \u201cRecibo de Acautelamento\u201d (anexo I).<\/p>\n<p style=\"text-align: justify;\">\u00a7\u00a03\u00ba \u2013 O acesso \u00e0 arma de fogo acautelada ser\u00e1 exclusivo do seu leg\u00edtimo portador.<\/p>\n<p style=\"text-align: justify;\"><strong>Art. 7\u00ba <\/strong>\u2013 Quando detectada a presen\u00e7a de artefatos ou subst\u00e2ncias suspeitas, dever\u00e1 ser feita a comunica\u00e7\u00e3o imediata \u00e0 Comiss\u00e3o de Seguran\u00e7a Institucional, no segundo grau de jurisdi\u00e7\u00e3o, ou \u00e0s demais unidades respons\u00e1veis pela seguran\u00e7a, no primeiro grau de jurisdi\u00e7\u00e3o.<\/p>\n<p style=\"text-align: justify;\">\u00a7\u00a01\u00ba \u2013 Verificado o porte de arma de fogo em desconformidade com a legisla\u00e7\u00e3o em vigor, o portador ser\u00e1 detido e o servidor respons\u00e1vel pela seguran\u00e7a informar\u00e1 imediatamente \u00e0 Comiss\u00e3o de Seguran\u00e7a Institucional, no segundo grau de jurisdi\u00e7\u00e3o, ou \u00e0s demais unidades respons\u00e1veis pela seguran\u00e7a, no primeiro grau de jurisdi\u00e7\u00e3o, devendo-se encaminhar o portador, juntamente com a arma, \u00e0 autoridade policial.<\/p>\n<p style=\"text-align: justify;\">\u00a7\u00a02\u00ba \u2013 As pessoas que forem flagradas no interior das depend\u00eancias do Poder Judici\u00e1rio do Esp\u00edrito Santo portando armas de fogo sem que haja a devida autoriza\u00e7\u00e3o para tanto, ser\u00e3o convidadas a retornarem \u00e0 recep\u00e7\u00e3o, onde dever\u00e3o deixar o referido objeto. Em casos de porte em conformidade com a legisla\u00e7\u00e3o, ser\u00e3o submetidos ao disposto nos par\u00e1grafos 1\u00ba, 2\u00ba e 3\u00ba, do artigo 6\u00ba, desta Resolu\u00e7\u00e3o. Em casos de porte em desconformidade com a legisla\u00e7\u00e3o, ser\u00e3o submetidas ao disposto no par\u00e1grafo anterior deste artigo.<\/p>\n<p style=\"text-align: justify;\"><strong>Art. 8\u00ba <\/strong>\u2013 Os portadores de pastas, maletas, bolsas, pacotes ou outros inv\u00f3lucros, dever\u00e3o submet\u00ea-los aos sistemas detectores de metais e, na hip\u00f3tese de acionamento, indicando a exist\u00eancia de objetos met\u00e1licos, ser\u00e3o convidados a retir\u00e1-los do local em que se encontrarem e exibi-los, apresentando ao encarregado da seguran\u00e7a, devendo, em seguida, submeter sua bagagem novamente ao aparelho detector de metais.<\/p>\n<p style=\"text-align: justify;\">\u00a7\u00a01\u00ba \u2013 Apenas ser\u00e1 permitido o ingresso, nas depend\u00eancias do Poder Judici\u00e1rio do Estado do Esp\u00edrito Santo, ap\u00f3s a averigua\u00e7\u00e3o do objeto que estiver provocando o acionamento do alarme do portal, observando-se que as vistorias, quando necess\u00e1rias, ser\u00e3o realizadas por meio do uso de detectores de metais do tipo port\u00e1til.<strong><span style=\"color: #ff0000;\">(Alterado pela <a href=\"https:\/\/www.tjes.jus.br\/corregedoria\/2018\/10\/18\/resolucao-no-031-2018-disp-18-10-2018\/\">Resolu\u00e7\u00e3o 31\/2018<\/a> disponibilizada em 18\/10\/2018)<\/span><\/strong><\/p>\n<p style=\"text-align: justify;\">\u00a7\u00a02\u00ba \u2013 Havendo recusa de exibi\u00e7\u00e3o do objeto, ser\u00e1 vedado o acesso, cabendo ao servidor respons\u00e1vel pela seguran\u00e7a comunicar \u00e0 Comiss\u00e3o de Seguran\u00e7a Institucional, no segundo grau de jurisdi\u00e7\u00e3o, ou \u00e0s demais unidades respons\u00e1veis pela seguran\u00e7a, no primeiro grau de jurisdi\u00e7\u00e3o, a quem caber\u00e1 dirimir a quest\u00e3o.<\/p>\n<p style=\"text-align: justify;\">\u00a7\u00a03\u00ba \u2013 Se o objeto que provocou o disparo do alarme n\u00e3o oferecer qualquer risco para a seguran\u00e7a das pessoas, dever\u00e1 ser imediatamente devolvido ao seu possuidor. Caso contr\u00e1rio, dever\u00e1 ser retido pelo servidor respons\u00e1vel pela seguran\u00e7a, somente sendo devolvido quando da sa\u00edda de seu portador.<\/p>\n<p style=\"text-align: justify;\" align=\"justify\">\u00a7 4\u00ba &#8211; O procedimento de inspe\u00e7\u00e3o de bagagens ser\u00e1 realizado pelo agente respons\u00e1vel pela seguran\u00e7a da unidade, por meio do uso de detector de metais do tipo port\u00e1til. Deste modo, a abertura das pastas, bolsas e pacotes, bem como a revela\u00e7\u00e3o do seu conte\u00fado ser\u00e1 dispensada. As bagagens somente ser\u00e3o manuseadas pelo seus propriet\u00e1rios.\u00a0<strong><span style=\"color: #ff0000;\">(Alterado pela<a href=\"https:\/\/www.tjes.jus.br\/corregedoria\/2018\/10\/18\/resolucao-no-031-2018-disp-18-10-2018\/\"> Resolu\u00e7\u00e3o 31\/2018<\/a> disponibilizada em 18\/10\/2018)<\/span><\/strong><\/p>\n<p style=\"text-align: justify;\" align=\"justify\">\u00a7 5\u00ba \u2013 As unidades do Poder Judici\u00e1rio dever\u00e3o possuir bandejas para o dep\u00f3sito de materiais que por ventura sofram interfer\u00eancia dos detectores de metais, tais como aparelho celular, notebook, laptop e demais eletroeletr\u00f4nicos, que n\u00e3o ser\u00e3o submetidos \u00e0 inspe\u00e7\u00e3o. Ap\u00f3s o acondicionamento dos eletr\u00f4nicos nas bandejas, as bagagens dever\u00e3o ser averiguadas na forma do \u00a7 4\u00ba.\u00a0<strong><span style=\"color: #ff0000;\">(Alterado pela <a href=\"https:\/\/www.tjes.jus.br\/corregedoria\/2018\/10\/18\/resolucao-no-031-2018-disp-18-10-2018\/\">Resolu\u00e7\u00e3o 31\/2018\u00a0<\/a>disponibilizada em 18\/10\/2018)<\/span><\/strong><\/p>\n<p style=\"text-align: justify;\"><strong>Art. 9\u00ba <\/strong>\u2013 Os casos omissos e as d\u00favidas que surgirem em decorr\u00eancia da aplica\u00e7\u00e3o desta Resolu\u00e7\u00e3o ser\u00e3o dirimidos pela Comiss\u00e3o de Seguran\u00e7a Institucional deste Egr\u00e9gio Tribunal de Justi\u00e7a.<\/p>\n<p style=\"text-align: justify;\"><strong>Art. 10\u00ba <\/strong>\u2013 Esta Resolu\u00e7\u00e3o entra em vigor na data de sua publica\u00e7\u00e3o, revogando-se os dispositivos em contr\u00e1rio, em especial a <a href=\"https:\/\/www.tjes.jus.br\/corregedoria\/index.php\/2017\/05\/15\/resolucao-no-142017-disp-15052017\/\" target=\"_blank\" rel=\"noopener noreferrer\">Resolu\u00e7\u00e3o n\u00ba. 14\/2017<\/a>.<\/p>\n<p style=\"text-align: justify;\"><strong>Publique-se.<\/strong><\/p>\n<p style=\"text-align: justify;\">Vit\u00f3ria, 24 de agosto de 2017.<\/p>\n<p style=\"text-align: center;\"><strong>DES. FABIO CLEM DE OLIVEIRA<br \/>\nPRESIDENTE em exerc\u00edcio<\/strong><\/p>\n","protected":false},"excerpt":{"rendered":"<p>PODER JUDICI\u00c1RIO DO ESTADO DO ESP\u00cdRITO SANTO TRIBUNAL DE JUSTI\u00c7A PRESID\u00caNCIA RESOLU\u00c7\u00c3O N\u00ba 21\/2017 Regulamenta o controle do fluxo de pessoas, objetos e volumes, bem como o porte de armas nas depend\u00eancias do Poder Judici\u00e1rio do Estado do Esp\u00edrito Santo. O Excelent\u00edssimo Senhor Desembargador Fabio Clem de Oliveira, Presidente em exerc\u00edcio do Egr\u00e9gio Tribunal de [&hellip;]<\/p>\n","protected":false},"author":3,"featured_media":0,"comment_status":"open","ping_status":"open","sticky":false,"template":"","format":"standard","meta":{"footnotes":""},"categories":[14,13],"tags":[],"_links":{"self":[{"href":"https:\/\/www.tjes.jus.br\/corregedoria\/wp-json\/wp\/v2\/posts\/18362"}],"collection":[{"href":"https:\/\/www.tjes.jus.br\/corregedoria\/wp-json\/wp\/v2\/posts"}],"about":[{"href":"https:\/\/www.tjes.jus.br\/corregedoria\/wp-json\/wp\/v2\/types\/post"}],"author":[{"embeddable":true,"href":"https:\/\/www.tjes.jus.br\/corregedoria\/wp-json\/wp\/v2\/users\/3"}],"replies":[{"embeddable":true,"href":"https:\/\/www.tjes.jus.br\/corregedoria\/wp-json\/wp\/v2\/comments?post=18362"}],"version-history":[{"count":3,"href":"https:\/\/www.tjes.jus.br\/corregedoria\/wp-json\/wp\/v2\/posts\/18362\/revisions"}],"predecessor-version":[{"id":25254,"href":"https:\/\/www.tjes.jus.br\/corregedoria\/wp-json\/wp\/v2\/posts\/18362\/revisions\/25254"}],"wp:attachment":[{"href":"https:\/\/www.tjes.jus.br\/corregedoria\/wp-json\/wp\/v2\/media?parent=18362"}],"wp:term":[{"taxonomy":"category","embeddable":true,"href":"https:\/\/www.tjes.jus.br\/corregedoria\/wp-json\/wp\/v2\/categories?post=18362"},{"taxonomy":"post_tag","embeddable":true,"href":"https:\/\/www.tjes.jus.br\/corregedoria\/wp-json\/wp\/v2\/tags?post=18362"}],"curies":[{"name":"wp","href":"https:\/\/api.w.org\/{rel}","templated":true}]}}