{"id":18998,"date":"2017-09-21T15:27:18","date_gmt":"2017-09-21T18:27:18","guid":{"rendered":"https:\/\/www.tjes.jus.br\/corregedoria\/?p=18998"},"modified":"2017-09-21T15:27:18","modified_gmt":"2017-09-21T18:27:18","slug":"oficio-circular-no-1062007-publ-20062007","status":"publish","type":"post","link":"https:\/\/www.tjes.jus.br\/corregedoria\/2017\/09\/21\/oficio-circular-no-1062007-publ-20062007\/","title":{"rendered":"OF\u00cdCIO-CIRCULAR N\u00ba 106\/2007 &#8211; PUBL. 20\/06\/2007"},"content":{"rendered":"<p style=\"text-align: center;\"><strong>PODER JUDICI\u00c1RIO DO ESTADO DO ESP\u00cdRITO SANTO<\/strong><\/p>\n<p style=\"text-align: center;\"><strong>CORREGEDORIA GERAL DA JUSTI\u00c7A<\/strong><\/p>\n<p style=\"text-align: center;\"><strong>OF\u00cdCIO-CIRCULAR N\u00ba 0106\/2007<\/strong><\/p>\n<p style=\"text-align: justify;\">VIT\u00d3RIA, 18 DE JUNHO DE 2007.<\/p>\n<p style=\"text-align: justify;\">PROC. N\u00ba 0719783<\/p>\n<p style=\"text-align: justify;\">(FAVOR MENCIONAR ESSA REFER\u00caNCIA)<\/p>\n<p style=\"text-align: justify;\">O EXMO. SR. DESEMBARGADOR CORREGEDOR-GERAL DA JUSTI\u00c7A DO ESTADO DO ESP\u00cdRITO SANTO, NO USO DE SUAS ATRIBUI\u00c7\u00d5ES LEGAIS:<\/p>\n<p style=\"text-align: justify;\"><strong>CONSIDERANDO<\/strong> O RECEBIMENTO DO OF\u00cdCIO-CIRCULAR N\u00ba 0051\/2007\/CGJ\/TJ-SC, REFERENTE AO AVISO N\u00ba 012\/2007, DA LAVRA DO EXCELENT\u00cdSSIMO SENHOR VICE-CORREGEDOR-GERAL DA JUSTI\u00c7A DO ESTADO DE SANTA CATARINA;<\/p>\n<p style=\"text-align: justify;\"><strong>CONSIDERANDO<\/strong> QUE REFERIDO OF\u00cdCIO TRAZ EM SEU BOJO: &#8220;AVISA AOS RESPONS\u00c1VEIS PELAS SERVENTIAS EXTRAJUDICIAIS DESTE ESTADO SOBRE O EXTRAVIO DE 01 (UM) SELO DE FISCALIZA\u00c7\u00c3O, TIPO ESCRITURA COM VALOR, NUMERA\u00c7\u00c3O AAA 76483, DO TABELIONATO DE NOTAS E PROTESTOS DE T\u00cdTULOS DA COMARCA DE PALHO\u00c7A-SC.&#8221;<\/p>\n<p style=\"text-align: justify;\"><strong>RECOMENDO<\/strong> AOS JU\u00cdZES DE DIREITO DIRETORES DOS F\u00d3RUNS, MEMBROS DO MINIST\u00c9RIO P\u00daBLICO, ADVOGADOS, NOT\u00c1RIOS E REGISTRADORES, SERVENTU\u00c1RIOS E A QUEM POSSA INTERESSAR, QUE OBSERVEM O AVISO SUPRA CITADO, E ADOTEM AS PROVID\u00caNCIAS QUE ENTENDEREM PERTINENTES.<\/p>\n<p style=\"text-align: justify;\"><strong>PUBLIQUE-SE<\/strong>.<\/p>\n<p style=\"text-align: justify;\"><strong>CUMPRA-SE<\/strong>.<\/p>\n<p style=\"text-align: center;\"><strong>DES. MANOEL ALVES RABELO<br \/>\nCORREGEDOR-GERAL DA JUSTI\u00c7A<\/strong><\/p>\n","protected":false},"excerpt":{"rendered":"<p>PODER JUDICI\u00c1RIO DO ESTADO DO ESP\u00cdRITO SANTO CORREGEDORIA GERAL DA JUSTI\u00c7A OF\u00cdCIO-CIRCULAR N\u00ba 0106\/2007 VIT\u00d3RIA, 18 DE JUNHO DE 2007. PROC. N\u00ba 0719783 (FAVOR MENCIONAR ESSA REFER\u00caNCIA) O EXMO. SR. DESEMBARGADOR CORREGEDOR-GERAL DA JUSTI\u00c7A DO ESTADO DO ESP\u00cdRITO SANTO, NO USO DE SUAS ATRIBUI\u00c7\u00d5ES LEGAIS: CONSIDERANDO O RECEBIMENTO DO OF\u00cdCIO-CIRCULAR N\u00ba 0051\/2007\/CGJ\/TJ-SC, REFERENTE AO AVISO [&hellip;]<\/p>\n","protected":false},"author":3,"featured_media":0,"comment_status":"open","ping_status":"open","sticky":false,"template":"","format":"standard","meta":{"footnotes":""},"categories":[14,5],"tags":[],"_links":{"self":[{"href":"https:\/\/www.tjes.jus.br\/corregedoria\/wp-json\/wp\/v2\/posts\/18998"}],"collection":[{"href":"https:\/\/www.tjes.jus.br\/corregedoria\/wp-json\/wp\/v2\/posts"}],"about":[{"href":"https:\/\/www.tjes.jus.br\/corregedoria\/wp-json\/wp\/v2\/types\/post"}],"author":[{"embeddable":true,"href":"https:\/\/www.tjes.jus.br\/corregedoria\/wp-json\/wp\/v2\/users\/3"}],"replies":[{"embeddable":true,"href":"https:\/\/www.tjes.jus.br\/corregedoria\/wp-json\/wp\/v2\/comments?post=18998"}],"version-history":[{"count":1,"href":"https:\/\/www.tjes.jus.br\/corregedoria\/wp-json\/wp\/v2\/posts\/18998\/revisions"}],"predecessor-version":[{"id":18999,"href":"https:\/\/www.tjes.jus.br\/corregedoria\/wp-json\/wp\/v2\/posts\/18998\/revisions\/18999"}],"wp:attachment":[{"href":"https:\/\/www.tjes.jus.br\/corregedoria\/wp-json\/wp\/v2\/media?parent=18998"}],"wp:term":[{"taxonomy":"category","embeddable":true,"href":"https:\/\/www.tjes.jus.br\/corregedoria\/wp-json\/wp\/v2\/categories?post=18998"},{"taxonomy":"post_tag","embeddable":true,"href":"https:\/\/www.tjes.jus.br\/corregedoria\/wp-json\/wp\/v2\/tags?post=18998"}],"curies":[{"name":"wp","href":"https:\/\/api.w.org\/{rel}","templated":true}]}}