{"id":19103,"date":"2017-09-25T12:05:39","date_gmt":"2017-09-25T15:05:39","guid":{"rendered":"https:\/\/www.tjes.jus.br\/corregedoria\/?p=19103"},"modified":"2017-09-25T12:05:39","modified_gmt":"2017-09-25T15:05:39","slug":"ato-normativo-no-1312017-disp-25092017","status":"publish","type":"post","link":"https:\/\/www.tjes.jus.br\/corregedoria\/2017\/09\/25\/ato-normativo-no-1312017-disp-25092017\/","title":{"rendered":"ATO NORMATIVO N\u00ba 131\/2017 &#8211; DISP. 25\/09\/2017"},"content":{"rendered":"<p style=\"text-align: center;\"><strong>ESTADO DO ESP\u00cdRITO SANTO<\/strong><\/p>\n<p style=\"text-align: center;\"><strong>PODER JUDICI\u00c1RIO<\/strong><\/p>\n<p style=\"text-align: center;\"><strong>TRIBUNAL DE JUSTI\u00c7A<\/strong><\/p>\n<p style=\"text-align: center;\"><strong>GABINETE DA PRESID\u00caNCIA<\/strong><\/p>\n<p style=\"text-align: center;\"><strong>ATO NORMATIVO N\u00ba 131\/2017<\/strong><\/p>\n<p style=\"text-align: justify;\"><em>Autoriza a instala\u00e7\u00e3o do 9\u00ba Centro Judici\u00e1rio de Solu\u00e7\u00e3o de Conflitos e Cidadania \u2013 CEJUSC, no Ju\u00edzo de Linhares, em conformidade com a Resolu\u00e7\u00e3o n\u00ba. 17, do Egr\u00e9gio Tribunal de Justi\u00e7a do Estado do Esp\u00edrito Santo, publicada no Di\u00e1rio da Justi\u00e7a em 15 de Abril de 2013.<\/em><\/p>\n<p style=\"text-align: justify;\">O Exmo. Sr. Desembargador ANNIBAL DE REZENDE LIMA, DD. Presidente do Egr\u00e9gio Tribunal de Justi\u00e7a do Estado do Esp\u00edrito Santo, no uso de suas atribui\u00e7\u00f5es legais e,<\/p>\n<p style=\"text-align: justify;\"><strong>CONSIDERANDO<\/strong> a Pol\u00edtica Judici\u00e1ria Nacional de Tratamento adequado dos conflitos de interesses no \u00e2mbito do Poder Judici\u00e1rio, institu\u00edda pelo Colendo Conselho Nacional de Justi\u00e7a por meio da <a href=\"https:\/\/www.tjes.jus.br\/corregedoria\/2016\/09\/14\/resolucao-cnj-no-125-de-29112010\/\">Resolu\u00e7\u00e3o n\u00ba. 125, de 29 de Novembro de 2010<\/a>;<\/p>\n<p style=\"text-align: justify;\"><strong>CONSIDERANDO<\/strong> que, em atendimento a essa pol\u00edtica, o Egr\u00e9gio Tribunal de Justi\u00e7a editou a <a href=\"https:\/\/www.tjes.jus.br\/corregedoria\/2016\/07\/06\/resolucao-no-0172013-disp-13042013\/\" target=\"_blank\" rel=\"noopener\">Resolu\u00e7\u00e3o n\u00ba. 17, publicada no Di\u00e1rio da Justi\u00e7a em 15 de abril de 2013<\/a>, criando, no \u00e2mbito desta Corte Estadual, o N\u00facleo Permanente de M\u00e9todos Consensuais de Solu\u00e7\u00e3o de Conflitos \u2013 NUPEMEC;<\/p>\n<p style=\"text-align: justify;\"><strong>CONSIDERANDO<\/strong>, por fim, que o artigo 38-Y, da Lei Complementar Estadual n\u00ba. 234\/2002, com as altera\u00e7\u00f5es promovidas pela Lei Complementar Estadual n\u00ba. 788\/2014, disp\u00f5e que integram o Poder Judici\u00e1rio deste Estado o N\u00facleo Permanente de M\u00e9todos Consensuais de Solu\u00e7\u00e3o de Conflitos \u2013 NUPEMEC, bem como os Centros Judici\u00e1rios de Solu\u00e7\u00e3o de Conflitos e Cidadania \u2013 CEJUSC.<\/p>\n<p style=\"text-align: justify;\"><strong>RESOLVE<\/strong>:<\/p>\n<p style=\"text-align: justify;\"><strong>Art. 1\u00ba <\/strong>\u2013 Autorizar a instala\u00e7\u00e3o do 9\u00ba Centro Judici\u00e1rio de Solu\u00e7\u00e3o de Conflitos e Cidadania \u2013 CEJUSC, destinado ao atendimento das unidades judici\u00e1rias da Comarca de Linhares.<\/p>\n<p style=\"text-align: justify;\"><strong>Art. 2\u00ba <\/strong>\u2013 O Centro Judici\u00e1rio de Solu\u00e7\u00e3o de Conflitos e Cidadania \u2013 CEJUSC de Linhares, funcionar\u00e1 nas depend\u00eancias do F\u00f3rum Desembargador Mendes Wanderley Rua Alair Garcia Duarte, s\/n\u00ba &#8211; Tr\u00eas Barras CEP 29906-660 \u2013 Linhares\/ES.<\/p>\n<p style=\"text-align: justify;\"><strong>Art. 3\u00ba <\/strong>\u2013 Designar o Exm\u00ba. Sr. Juiz Diretor do Foro de Linhares para exercer a Coordena\u00e7\u00e3o do referido Centro Judici\u00e1rio de Solu\u00e7\u00e3o de Conflitos e Cidadania \u2013 CEJUSC, sem preju\u00edzo de suas designa\u00e7\u00f5es.<\/p>\n<p style=\"text-align: justify;\"><strong>Art. 4\u00ba <\/strong>\u2013 Atribuir ao Coordenador indica\u00e7\u00e3o de servidores p\u00fablicos para atuarem junto ao 9\u00ba Centro Judici\u00e1rio de Solu\u00e7\u00e3o de Conflitos e Cidadania \u2013 CEJUSC de Linhares, sem preju\u00edzo de suas atuais atribui\u00e7\u00f5es.<\/p>\n<p style=\"text-align: justify;\"><strong>Art. 5\u00ba <\/strong>\u2013 Este Ato Normativo entra em vigor na data de sua publica\u00e7\u00e3o.<\/p>\n<p style=\"text-align: justify;\"><strong>Publique-se<\/strong>.<\/p>\n<p style=\"text-align: justify;\">Vit\u00f3ria, 22 de Setembro de 2017.<\/p>\n<p style=\"text-align: center;\"><strong>Des. ANNIBAL DE REZENDE LIMA<br \/>\nPresidente<\/strong><\/p>\n","protected":false},"excerpt":{"rendered":"<p>ESTADO DO ESP\u00cdRITO SANTO PODER JUDICI\u00c1RIO TRIBUNAL DE JUSTI\u00c7A GABINETE DA PRESID\u00caNCIA ATO NORMATIVO N\u00ba 131\/2017 Autoriza a instala\u00e7\u00e3o do 9\u00ba Centro Judici\u00e1rio de Solu\u00e7\u00e3o de Conflitos e Cidadania \u2013 CEJUSC, no Ju\u00edzo de Linhares, em conformidade com a Resolu\u00e7\u00e3o n\u00ba. 17, do Egr\u00e9gio Tribunal de Justi\u00e7a do Estado do Esp\u00edrito Santo, publicada no Di\u00e1rio [&hellip;]<\/p>\n","protected":false},"author":3,"featured_media":0,"comment_status":"open","ping_status":"open","sticky":false,"template":"","format":"standard","meta":{"footnotes":""},"categories":[4,14],"tags":[],"_links":{"self":[{"href":"https:\/\/www.tjes.jus.br\/corregedoria\/wp-json\/wp\/v2\/posts\/19103"}],"collection":[{"href":"https:\/\/www.tjes.jus.br\/corregedoria\/wp-json\/wp\/v2\/posts"}],"about":[{"href":"https:\/\/www.tjes.jus.br\/corregedoria\/wp-json\/wp\/v2\/types\/post"}],"author":[{"embeddable":true,"href":"https:\/\/www.tjes.jus.br\/corregedoria\/wp-json\/wp\/v2\/users\/3"}],"replies":[{"embeddable":true,"href":"https:\/\/www.tjes.jus.br\/corregedoria\/wp-json\/wp\/v2\/comments?post=19103"}],"version-history":[{"count":1,"href":"https:\/\/www.tjes.jus.br\/corregedoria\/wp-json\/wp\/v2\/posts\/19103\/revisions"}],"predecessor-version":[{"id":19104,"href":"https:\/\/www.tjes.jus.br\/corregedoria\/wp-json\/wp\/v2\/posts\/19103\/revisions\/19104"}],"wp:attachment":[{"href":"https:\/\/www.tjes.jus.br\/corregedoria\/wp-json\/wp\/v2\/media?parent=19103"}],"wp:term":[{"taxonomy":"category","embeddable":true,"href":"https:\/\/www.tjes.jus.br\/corregedoria\/wp-json\/wp\/v2\/categories?post=19103"},{"taxonomy":"post_tag","embeddable":true,"href":"https:\/\/www.tjes.jus.br\/corregedoria\/wp-json\/wp\/v2\/tags?post=19103"}],"curies":[{"name":"wp","href":"https:\/\/api.w.org\/{rel}","templated":true}]}}