{"id":19172,"date":"2017-10-20T12:33:45","date_gmt":"2017-10-20T14:33:45","guid":{"rendered":"https:\/\/www.tjes.jus.br\/corregedoria\/?p=19172"},"modified":"2017-10-20T12:33:45","modified_gmt":"2017-10-20T14:33:45","slug":"errata-do-provimento-no-082008-publ-22072008","status":"publish","type":"post","link":"https:\/\/www.tjes.jus.br\/corregedoria\/2017\/10\/20\/errata-do-provimento-no-082008-publ-22072008\/","title":{"rendered":"ERRATA DO PROVIMENTO N\u00ba 08\/2008 &#8211; PUBL. 22\/07\/2008"},"content":{"rendered":"<p style=\"text-align: center;\"><strong>PODER JUDICI\u00c1RIO DO ESTADO DO ESPIRITO SANTO<\/strong><\/p>\n<p style=\"text-align: center;\"><strong>CORREGEDORIA GERAL DA JUSTI\u00c7A<\/strong><\/p>\n<p style=\"text-align: center;\"><strong>ERRATA<\/strong><\/p>\n<p style=\"text-align: justify;\">No \u00a7 1\u00ba do Art. 1\u00ba do <a href=\"https:\/\/www.tjes.jus.br\/corregedoria\/2016\/10\/14\/provimento-no-082008-publ-em-18072008\/\" target=\"_blank\" rel=\"noopener\">Provimento n\u00ba 08\/2008<\/a> publicado no \u201cDJ\u201d de 18\/07\/2008.<\/p>\n<p style=\"text-align: justify;\">Onde se l\u00ea: parecer objetivamente motivado do Diretor do F\u00f3rum.<\/p>\n<p style=\"text-align: justify;\">Leia-se: manifesta\u00e7\u00e3o escrita e objetivamente motivada pelo Juiz da Vara.<\/p>\n<p style=\"text-align: justify;\"><strong>PUBLIQUE-SE<\/strong>.<\/p>\n<p style=\"text-align: justify;\">Vit\u00f3ria\/ES, 18 de julho de 2008.<\/p>\n<p style=\"text-align: center;\"><strong>Desembargador Romulo Taddei<br \/>\nCorregedor Geral da Justi\u00e7a<\/strong><\/p>\n","protected":false},"excerpt":{"rendered":"<p>PODER JUDICI\u00c1RIO DO ESTADO DO ESPIRITO SANTO CORREGEDORIA GERAL DA JUSTI\u00c7A ERRATA No \u00a7 1\u00ba do Art. 1\u00ba do Provimento n\u00ba 08\/2008 publicado no \u201cDJ\u201d de 18\/07\/2008. Onde se l\u00ea: parecer objetivamente motivado do Diretor do F\u00f3rum. Leia-se: manifesta\u00e7\u00e3o escrita e objetivamente motivada pelo Juiz da Vara. PUBLIQUE-SE. Vit\u00f3ria\/ES, 18 de julho de 2008. Desembargador [&hellip;]<\/p>\n","protected":false},"author":3,"featured_media":0,"comment_status":"open","ping_status":"open","sticky":false,"template":"","format":"standard","meta":{"footnotes":""},"categories":[14,16],"tags":[],"_links":{"self":[{"href":"https:\/\/www.tjes.jus.br\/corregedoria\/wp-json\/wp\/v2\/posts\/19172"}],"collection":[{"href":"https:\/\/www.tjes.jus.br\/corregedoria\/wp-json\/wp\/v2\/posts"}],"about":[{"href":"https:\/\/www.tjes.jus.br\/corregedoria\/wp-json\/wp\/v2\/types\/post"}],"author":[{"embeddable":true,"href":"https:\/\/www.tjes.jus.br\/corregedoria\/wp-json\/wp\/v2\/users\/3"}],"replies":[{"embeddable":true,"href":"https:\/\/www.tjes.jus.br\/corregedoria\/wp-json\/wp\/v2\/comments?post=19172"}],"version-history":[{"count":1,"href":"https:\/\/www.tjes.jus.br\/corregedoria\/wp-json\/wp\/v2\/posts\/19172\/revisions"}],"predecessor-version":[{"id":20409,"href":"https:\/\/www.tjes.jus.br\/corregedoria\/wp-json\/wp\/v2\/posts\/19172\/revisions\/20409"}],"wp:attachment":[{"href":"https:\/\/www.tjes.jus.br\/corregedoria\/wp-json\/wp\/v2\/media?parent=19172"}],"wp:term":[{"taxonomy":"category","embeddable":true,"href":"https:\/\/www.tjes.jus.br\/corregedoria\/wp-json\/wp\/v2\/categories?post=19172"},{"taxonomy":"post_tag","embeddable":true,"href":"https:\/\/www.tjes.jus.br\/corregedoria\/wp-json\/wp\/v2\/tags?post=19172"}],"curies":[{"name":"wp","href":"https:\/\/api.w.org\/{rel}","templated":true}]}}