{"id":19337,"date":"2017-09-28T12:33:17","date_gmt":"2017-09-28T15:33:17","guid":{"rendered":"https:\/\/www.tjes.jus.br\/corregedoria\/?p=19337"},"modified":"2017-09-28T12:35:31","modified_gmt":"2017-09-28T15:35:31","slug":"ato-normativo-no-1342017-disp-28092017","status":"publish","type":"post","link":"https:\/\/www.tjes.jus.br\/corregedoria\/2017\/09\/28\/ato-normativo-no-1342017-disp-28092017\/","title":{"rendered":"ATO NORMATIVO N\u00ba 134\/2017 &#8211; DISP. 28\/09\/2017"},"content":{"rendered":"<p style=\"text-align: center;\"><strong>ESTADO DO ESP\u00cdRITO SANTO<\/strong><\/p>\n<p style=\"text-align: center;\"><strong>PODER JUDICI\u00c1RIO<\/strong><\/p>\n<p style=\"text-align: center;\"><strong>TRIBUNAL DE JUSTI\u00c7A<\/strong><\/p>\n<p style=\"text-align: center;\"><strong>GABINETE DA PRESID\u00caNCIA<\/strong><\/p>\n<p style=\"text-align: center;\"><strong>ATO NORMATIVO N\u00ba 134\/2017<\/strong><\/p>\n<p style=\"text-align: justify;\">O Excelent\u00edssimo Senhor Desembargador Annibal de Rezende Lima, Presidente do Egr\u00e9gio Tribunal de Justi\u00e7a do Estado do Esp\u00edrito Santo, no uso de suas atribui\u00e7\u00f5es legais e,<\/p>\n<p style=\"text-align: justify;\"><strong>CONSIDERANDO<\/strong> o teor do expediente protocolado neste Egr\u00e9gio Tribunal de Justi\u00e7a sob o n\u00famero 2017.01.406.113, subscrito pelo Exm\u00ba. Sr. Dr. Arion Merg\u00e1r, MM. Juiz de Direito Diretor do Foro da Comarca de Alfredo Chaves, que comunica a realiza\u00e7\u00e3o de reformas no pr\u00e9dio do F\u00f3rum e de mudan\u00e7a do arquivo para outro im\u00f3vel, no per\u00edodo compreendido entre 02 a 06 de Outubro do corrente, inviabilizando, assim, o regular desempenho das atividades forenses;<\/p>\n<p style=\"text-align: justify;\"><strong>RESOLVE<\/strong>:<\/p>\n<p style=\"text-align: justify;\"><strong>DETERMINAR<\/strong> a suspens\u00e3o do atendimento ao p\u00fablico e dos prazos processuais na Comarca de Alfredo Chaves, no per\u00edodo compreendido entre 02 a 06 de Outubro de 2017, ressalvando-se, contudo, a aprecia\u00e7\u00e3o das medidas urgentes.<\/p>\n<p style=\"text-align: justify;\"><strong>Publique-se.<\/strong><\/p>\n<p style=\"text-align: justify;\">Vit\u00f3ria, 27 de Setembro de 2017.<\/p>\n<p style=\"text-align: center;\"><strong>Des. Annibal de Rezende Lima<\/strong><br \/>\n<strong> Presidente<\/strong><\/p>\n","protected":false},"excerpt":{"rendered":"<p>ESTADO DO ESP\u00cdRITO SANTO PODER JUDICI\u00c1RIO TRIBUNAL DE JUSTI\u00c7A GABINETE DA PRESID\u00caNCIA ATO NORMATIVO N\u00ba 134\/2017 O Excelent\u00edssimo Senhor Desembargador Annibal de Rezende Lima, Presidente do Egr\u00e9gio Tribunal de Justi\u00e7a do Estado do Esp\u00edrito Santo, no uso de suas atribui\u00e7\u00f5es legais e, CONSIDERANDO o teor do expediente protocolado neste Egr\u00e9gio Tribunal de Justi\u00e7a sob o [&hellip;]<\/p>\n","protected":false},"author":3,"featured_media":0,"comment_status":"open","ping_status":"open","sticky":false,"template":"","format":"standard","meta":{"footnotes":""},"categories":[4,14],"tags":[],"_links":{"self":[{"href":"https:\/\/www.tjes.jus.br\/corregedoria\/wp-json\/wp\/v2\/posts\/19337"}],"collection":[{"href":"https:\/\/www.tjes.jus.br\/corregedoria\/wp-json\/wp\/v2\/posts"}],"about":[{"href":"https:\/\/www.tjes.jus.br\/corregedoria\/wp-json\/wp\/v2\/types\/post"}],"author":[{"embeddable":true,"href":"https:\/\/www.tjes.jus.br\/corregedoria\/wp-json\/wp\/v2\/users\/3"}],"replies":[{"embeddable":true,"href":"https:\/\/www.tjes.jus.br\/corregedoria\/wp-json\/wp\/v2\/comments?post=19337"}],"version-history":[{"count":2,"href":"https:\/\/www.tjes.jus.br\/corregedoria\/wp-json\/wp\/v2\/posts\/19337\/revisions"}],"predecessor-version":[{"id":19340,"href":"https:\/\/www.tjes.jus.br\/corregedoria\/wp-json\/wp\/v2\/posts\/19337\/revisions\/19340"}],"wp:attachment":[{"href":"https:\/\/www.tjes.jus.br\/corregedoria\/wp-json\/wp\/v2\/media?parent=19337"}],"wp:term":[{"taxonomy":"category","embeddable":true,"href":"https:\/\/www.tjes.jus.br\/corregedoria\/wp-json\/wp\/v2\/categories?post=19337"},{"taxonomy":"post_tag","embeddable":true,"href":"https:\/\/www.tjes.jus.br\/corregedoria\/wp-json\/wp\/v2\/tags?post=19337"}],"curies":[{"name":"wp","href":"https:\/\/api.w.org\/{rel}","templated":true}]}}