{"id":19364,"date":"2017-09-28T14:50:18","date_gmt":"2017-09-28T17:50:18","guid":{"rendered":"https:\/\/www.tjes.jus.br\/corregedoria\/?p=19364"},"modified":"2017-09-28T14:50:18","modified_gmt":"2017-09-28T17:50:18","slug":"oficio-circular-no-1432009-publ-24112009","status":"publish","type":"post","link":"https:\/\/www.tjes.jus.br\/corregedoria\/2017\/09\/28\/oficio-circular-no-1432009-publ-24112009\/","title":{"rendered":"OF\u00cdCIO CIRCULAR N\u00ba 143\/2009 &#8211; PUBL. 24\/11\/2009"},"content":{"rendered":"<p style=\"text-align: center;\"><strong>ESTADO DO ESP\u00cdRITO SANTO<\/strong><\/p>\n<p style=\"text-align: center;\"><strong>PODER JUDICI\u00c1RIO<\/strong><\/p>\n<p style=\"text-align: center;\"><strong>CORREGEDORIA GERAL DA JUSTI\u00c7A<\/strong><\/p>\n<p style=\"text-align: center;\"><strong>OF\u00cdCIO CIRCULAR N\u00ba 143\/2009<\/strong><\/p>\n<p style=\"text-align: justify;\"><strong>Vit\u00f3ria, 10 de novembro de 2009.<\/strong><\/p>\n<p style=\"text-align: justify;\">MM. Juiz de Direito:<\/p>\n<p style=\"text-align: justify;\"><strong>CONSIDERANDO<\/strong> que o N\u00facleo de Estat\u00edstica, Registro de Atividades e Procedimentos Disciplinares dos Ju\u00edzes submetidos ao crivo da egr\u00e9gia Corregedoria Geral da Justi\u00e7a tem recebido questionamentos e d\u00favidas por parte dos magistrados do Estado do Esp\u00edrito Santo a respeito da publica\u00e7\u00e3o, no Di\u00e1rio da Justi\u00e7a, do relat\u00f3rio de produtividade;<\/p>\n<p style=\"text-align: justify;\"><strong>CONSIDERANDO<\/strong> a necessidade de aprimorar o controle relativo \u00e0 remessa de informa\u00e7\u00f5es mensais \u00e0 Corregedoria Geral da Justi\u00e7a, sobretudo no que tange \u00e0 data-limite para seu envio.<\/p>\n<p style=\"text-align: justify;\"><strong>RESOLVE<\/strong><\/p>\n<p style=\"text-align: justify;\"><strong>Art. 1\u00ba <\/strong>&#8211; <strong>Reiterar<\/strong> que, nos termos do <a href=\"https:\/\/www.tjes.jus.br\/corregedoria\/2016\/08\/17\/provimento-no-152008-publ-29102008\/\" target=\"_blank\" rel=\"noopener\">Provimento 015\/2008<\/a> da CGJES, os relat\u00f3rios mensais do Movimento Judici\u00e1rio do Estado do Esp\u00edrito Santo, elaborados mensalmente pelos MM. Ju\u00edzes de direito, sejam remetidos por via eletr\u00f4nica, impreterivelmente at\u00e9 o dia 10 do m\u00eas subsequente.<\/p>\n<p style=\"text-align: justify;\"><strong>Art. 2\u00ba <\/strong>&#8211; <strong>Informar<\/strong> que, escoado o prazo estabelecido no artigo anterior, a remessa e a retifica\u00e7\u00e3o dos relat\u00f3rios ser\u00e1 poss\u00edvel at\u00e9 o dia 30 do mesmo m\u00eas subsequente pelo pr\u00f3prio usu\u00e1rio respons\u00e1vel pela informa\u00e7\u00e3o, no sistema SERMOJ.<\/p>\n<p style=\"text-align: justify;\"><strong>Art. 3\u00ba <\/strong>&#8211; <strong>Vedar<\/strong> <span style=\"text-decoration: underline;\">terminantemente<\/span> a remessa e a retifica\u00e7\u00e3o de relat\u00f3rios ap\u00f3s o 30\u00ba dia do m\u00eas subsequente, cabendo aos MM. Ju\u00edzes de Direito exercer ass\u00eddua fiscaliza\u00e7\u00e3o sobre o envio das referidas informa\u00e7\u00f5es, acessando, no site da Corregedoria Geral da Justi\u00e7a, (www.cgj.es.gov.br) o link PRODUTIVIDADE MAGISTRADOS, a partir do 11\u00ba dia do m\u00eas subsequente ao das informa\u00e7\u00f5es prestadas.<\/p>\n<p style=\"text-align: justify;\"><strong>Art. 4\u00ba <\/strong>&#8211; Eventuais d\u00favidas ser\u00e3o dirimidas pelo N\u00facleo de Estat\u00edstica desta Corregedoria.(tel.3334-2165 \/ 3334-2380 \/ 3334-2388)<\/p>\n<p style=\"text-align: justify;\"><strong>Publique-se. Cumpra-se.<\/strong><\/p>\n<p style=\"text-align: center;\"><strong>DESEMBARGADOR ROMULO TADDEI<br \/>\nCorregedor Geral da Justi\u00e7a<\/strong><\/p>\n","protected":false},"excerpt":{"rendered":"<p>ESTADO DO ESP\u00cdRITO SANTO PODER JUDICI\u00c1RIO CORREGEDORIA GERAL DA JUSTI\u00c7A OF\u00cdCIO CIRCULAR N\u00ba 143\/2009 Vit\u00f3ria, 10 de novembro de 2009. MM. Juiz de Direito: CONSIDERANDO que o N\u00facleo de Estat\u00edstica, Registro de Atividades e Procedimentos Disciplinares dos Ju\u00edzes submetidos ao crivo da egr\u00e9gia Corregedoria Geral da Justi\u00e7a tem recebido questionamentos e d\u00favidas por parte dos [&hellip;]<\/p>\n","protected":false},"author":3,"featured_media":0,"comment_status":"open","ping_status":"open","sticky":false,"template":"","format":"standard","meta":{"footnotes":""},"categories":[14,5],"tags":[],"_links":{"self":[{"href":"https:\/\/www.tjes.jus.br\/corregedoria\/wp-json\/wp\/v2\/posts\/19364"}],"collection":[{"href":"https:\/\/www.tjes.jus.br\/corregedoria\/wp-json\/wp\/v2\/posts"}],"about":[{"href":"https:\/\/www.tjes.jus.br\/corregedoria\/wp-json\/wp\/v2\/types\/post"}],"author":[{"embeddable":true,"href":"https:\/\/www.tjes.jus.br\/corregedoria\/wp-json\/wp\/v2\/users\/3"}],"replies":[{"embeddable":true,"href":"https:\/\/www.tjes.jus.br\/corregedoria\/wp-json\/wp\/v2\/comments?post=19364"}],"version-history":[{"count":1,"href":"https:\/\/www.tjes.jus.br\/corregedoria\/wp-json\/wp\/v2\/posts\/19364\/revisions"}],"predecessor-version":[{"id":19365,"href":"https:\/\/www.tjes.jus.br\/corregedoria\/wp-json\/wp\/v2\/posts\/19364\/revisions\/19365"}],"wp:attachment":[{"href":"https:\/\/www.tjes.jus.br\/corregedoria\/wp-json\/wp\/v2\/media?parent=19364"}],"wp:term":[{"taxonomy":"category","embeddable":true,"href":"https:\/\/www.tjes.jus.br\/corregedoria\/wp-json\/wp\/v2\/categories?post=19364"},{"taxonomy":"post_tag","embeddable":true,"href":"https:\/\/www.tjes.jus.br\/corregedoria\/wp-json\/wp\/v2\/tags?post=19364"}],"curies":[{"name":"wp","href":"https:\/\/api.w.org\/{rel}","templated":true}]}}