{"id":19490,"date":"2017-09-29T16:08:28","date_gmt":"2017-09-29T19:08:28","guid":{"rendered":"https:\/\/www.tjes.jus.br\/corregedoria\/?p=19490"},"modified":"2017-09-29T16:08:28","modified_gmt":"2017-09-29T19:08:28","slug":"oficio-circular-no-0532010-publ-21072010","status":"publish","type":"post","link":"https:\/\/www.tjes.jus.br\/corregedoria\/2017\/09\/29\/oficio-circular-no-0532010-publ-21072010\/","title":{"rendered":"OF\u00cdCIO-CIRCULAR N\u00ba 053\/2010 &#8211; PUBL. 21\/07\/2010"},"content":{"rendered":"<p style=\"text-align: center;\"><strong>PODER JUDICI\u00c1RIO DO ESTADO DO ESP\u00cdRITO SANTO<\/strong><\/p>\n<p style=\"text-align: center;\"><strong>CORREGEDORIA GERAL DA JUSTI\u00c7A<\/strong><\/p>\n<p style=\"text-align: center;\"><strong>OF\u00cdCIO-CIRCULAR N\u00ba 053\/2010<\/strong><\/p>\n<p style=\"text-align: justify;\"><strong>Vit\u00f3ria\/ES, 19 de julho de 2010.<\/strong><\/p>\n<p style=\"text-align: justify;\">Sr.(a) Registrador(a) e Tabeli\u00e3o(\u00e3):<\/p>\n<p style=\"text-align: justify;\"><strong>CONSIDERANDO<\/strong> ser a Corregedoria Geral da Justi\u00e7a \u00f3rg\u00e3o de fiscaliza\u00e7\u00e3o, disciplina e orienta\u00e7\u00e3o administrativa dos Juizados de Direito, com jurisdi\u00e7\u00e3o em todo o Estado, conforme art. 2\u00ba da Lei Complementar Estadual n\u00ba 83\/96 e art. 35 da Lei Complementar Estadual n\u00ba 234\/02;<\/p>\n<p style=\"text-align: justify;\"><strong>CONSIDERANDO<\/strong> a vig\u00eancia do enlace administrativo TJES n.\u00ba 282\/2010, que trata da contrata\u00e7\u00e3o dos servi\u00e7os da Empresa P\u00fablica Casa da Moeda do Brasil para fornecimento dos selos de fiscaliza\u00e7\u00e3o dos atos notariais e de registro em favor desta Corregedoria Geral da Justi\u00e7a;<\/p>\n<p style=\"text-align: justify;\"><strong>CONSIDERANDO<\/strong> que, por for\u00e7a do Decreto Federal n.\u00ba 6.022\/2007 e do Protocolo ICMS n.\u00ba 42\/2009, a Casa da Moeda do Brasil est\u00e1 obrigada a proceder a emiss\u00e3o e recep\u00e7\u00e3o da NFe (Nota Fiscal Eletr\u00f4nica) a partir de 1\u00ba de outubro de 2010, devendo, at\u00e9 l\u00e1, adotar procedimento de atualiza\u00e7\u00e3o cadastral de todos os clientes e fornecedores;<\/p>\n<p style=\"text-align: justify;\"><strong>RESOLVE<\/strong>:<\/p>\n<p style=\"text-align: justify;\"><strong>Art. 1\u00ba <\/strong>&#8211; <strong>DETERMINAR<\/strong> o recadastramento de todas as serventias extrajudiciais do Estado do Esp\u00edrito Santo junto a esta Corregedoria Geral da Justi\u00e7a at\u00e9 o dia 20 de setembro de 2010, sob pena de suspens\u00e3o da remessa dos respectivos selos de fiscaliza\u00e7\u00e3o dos atos notariais e de registro.<\/p>\n<p style=\"text-align: justify;\"><strong>Art. 2\u00ba <\/strong>&#8211; Para fins de recadastramento, dever\u00e3o ser enviadas as seguintes informa\u00e7\u00f5es da serventia extrajudicial \u00e0 caixa postal eletr\u00f4nica <a href=\"mailto:selos@tjes.jus.br\">selos@tjes.jus.br<\/a>:<\/p>\n<p style=\"text-align: justify;\">I &#8211; C\u00f3digo do Cart\u00f3rio;<\/p>\n<p style=\"text-align: justify;\">II &#8211; CNPJ;<\/p>\n<p style=\"text-align: justify;\">III &#8211; E-mail comercial;<\/p>\n<p style=\"text-align: justify;\">IV &#8211; Endere\u00e7o comercial (informar CEP);<\/p>\n<p style=\"text-align: justify;\">V &#8211; Telefone(s) comercial(is) (informar DDD);<\/p>\n<p style=\"text-align: justify;\"><strong>Art. 3\u00ba <\/strong>&#8211; Esclarecer que a Auditoria Interna desta CGJES encontra-se \u00e0 disposi\u00e7\u00e3o para solu\u00e7\u00e3o de eventuais d\u00favidas por interm\u00e9dio dos seguintes telefones de contato: (27) 3334-2166; (27) 3334-2068; (27) 3334-2028; e (27) 3324-8955.<\/p>\n<p style=\"text-align: justify;\"><strong>Publique-se. Registre-se. Cumpra-se.<\/strong><\/p>\n<p style=\"text-align: center;\"><strong>DES. S\u00c9RGIO LUIZ TEIXEIRA GAMA<br \/>\nCorregedor-Geral da Justi\u00e7a<\/strong><\/p>\n","protected":false},"excerpt":{"rendered":"<p>PODER JUDICI\u00c1RIO DO ESTADO DO ESP\u00cdRITO SANTO CORREGEDORIA GERAL DA JUSTI\u00c7A OF\u00cdCIO-CIRCULAR N\u00ba 053\/2010 Vit\u00f3ria\/ES, 19 de julho de 2010. Sr.(a) Registrador(a) e Tabeli\u00e3o(\u00e3): CONSIDERANDO ser a Corregedoria Geral da Justi\u00e7a \u00f3rg\u00e3o de fiscaliza\u00e7\u00e3o, disciplina e orienta\u00e7\u00e3o administrativa dos Juizados de Direito, com jurisdi\u00e7\u00e3o em todo o Estado, conforme art. 2\u00ba da Lei Complementar Estadual [&hellip;]<\/p>\n","protected":false},"author":3,"featured_media":0,"comment_status":"open","ping_status":"open","sticky":false,"template":"","format":"standard","meta":{"footnotes":""},"categories":[14,5],"tags":[],"_links":{"self":[{"href":"https:\/\/www.tjes.jus.br\/corregedoria\/wp-json\/wp\/v2\/posts\/19490"}],"collection":[{"href":"https:\/\/www.tjes.jus.br\/corregedoria\/wp-json\/wp\/v2\/posts"}],"about":[{"href":"https:\/\/www.tjes.jus.br\/corregedoria\/wp-json\/wp\/v2\/types\/post"}],"author":[{"embeddable":true,"href":"https:\/\/www.tjes.jus.br\/corregedoria\/wp-json\/wp\/v2\/users\/3"}],"replies":[{"embeddable":true,"href":"https:\/\/www.tjes.jus.br\/corregedoria\/wp-json\/wp\/v2\/comments?post=19490"}],"version-history":[{"count":1,"href":"https:\/\/www.tjes.jus.br\/corregedoria\/wp-json\/wp\/v2\/posts\/19490\/revisions"}],"predecessor-version":[{"id":19491,"href":"https:\/\/www.tjes.jus.br\/corregedoria\/wp-json\/wp\/v2\/posts\/19490\/revisions\/19491"}],"wp:attachment":[{"href":"https:\/\/www.tjes.jus.br\/corregedoria\/wp-json\/wp\/v2\/media?parent=19490"}],"wp:term":[{"taxonomy":"category","embeddable":true,"href":"https:\/\/www.tjes.jus.br\/corregedoria\/wp-json\/wp\/v2\/categories?post=19490"},{"taxonomy":"post_tag","embeddable":true,"href":"https:\/\/www.tjes.jus.br\/corregedoria\/wp-json\/wp\/v2\/tags?post=19490"}],"curies":[{"name":"wp","href":"https:\/\/api.w.org\/{rel}","templated":true}]}}