{"id":19498,"date":"2017-09-29T16:36:44","date_gmt":"2017-09-29T19:36:44","guid":{"rendered":"https:\/\/www.tjes.jus.br\/corregedoria\/?p=19498"},"modified":"2017-09-29T16:36:44","modified_gmt":"2017-09-29T19:36:44","slug":"oficio-circular-no-0572010-publ-12082010","status":"publish","type":"post","link":"https:\/\/www.tjes.jus.br\/corregedoria\/2017\/09\/29\/oficio-circular-no-0572010-publ-12082010\/","title":{"rendered":"OF\u00cdCIO-CIRCULAR N\u00ba 057\/2010 &#8211; PUBL. 12\/08\/2010"},"content":{"rendered":"<p style=\"text-align: center;\"><strong>PODER JUDICI\u00c1RIO DO ESTADO DO ESP\u00cdRITO SANTO<\/strong><\/p>\n<p style=\"text-align: center;\"><strong>CORREGEDORIA GERAL DA JUSTI\u00c7A<\/strong><\/p>\n<p style=\"text-align: center;\"><strong>OF\u00cdCIO-CIRCULAR N\u00ba 057\/2010<\/strong><\/p>\n<p style=\"text-align: justify;\">Vit\u00f3ria\/ES, 26 de julho de 2010.<\/p>\n<p style=\"text-align: justify;\">Sr.(a) Oficial(a) do Cart\u00f3rio de Registro Geral de Im\u00f3veis:<\/p>\n<p style=\"text-align: justify;\"><strong>CONSIDERANDO<\/strong> ser a Corregedoria Geral da Justi\u00e7a \u00f3rg\u00e3o de fiscaliza\u00e7\u00e3o, disciplina e orienta\u00e7\u00e3o administrativa do foro extrajudicial, com jurisdi\u00e7\u00e3o em todo o Estado do Esp\u00edrito Santo, conforme art. 2\u00ba da Lei Complementar Estadual n\u00ba 83\/96, art. 35 da Lei Complementar Estadual n\u00ba 234\/02, e art. 37 da Lei Federal n.\u00ba 8.935\/94;<\/p>\n<p style=\"text-align: justify;\"><strong>CONSIDERANDO<\/strong> os termos do Of\u00edcio-Circular n.\u00ba 024\/CNJ\/COR\/2010, datado de 12 de julho de 2010, por meio de que o Exmo. Corregedor Nacional de Justi\u00e7a, Ministro Gilson Dipp, recomenda \u201ca imediata ado\u00e7\u00e3o de todas as medidas necess\u00e1rias ao exato cumprimento da Lei n.\u00ba 5.709\/71 (arts. 10, 11, 12 c\/c art. 1\u00ba, \u00a71\u00ba), no que pertine \u00e0s responsabilidades das serventias encarregadas, editando os normativos correspondentes e determinando a remessa das rela\u00e7\u00f5es de aquisi\u00e7\u00f5es conforme o disposto em lei (art. 11)\u201d;<\/p>\n<p style=\"text-align: justify;\"><strong>CONSIDERANDO<\/strong> a decis\u00e3o de minha lavra proferida no bojo dos autos do processo administrativo CGJES n.\u00ba 1021610, com suped\u00e2neo nos arts. 1.085, 1.282 e 1.283 do C\u00f3digo de Normas desta Corregedoria local (CNCGJES);<\/p>\n<p style=\"text-align: justify;\"><strong>RESOLVE<\/strong>:<\/p>\n<p style=\"text-align: justify;\"><strong>Art. 1\u00ba <\/strong>&#8211; <strong>ORIENTAR<\/strong> o(a) Sr.(a) Oficial(a) do Cart\u00f3rio do Registro Geral de Im\u00f3veis do Estado do Esp\u00edrito Santo a observar fielmente o disposto nos artigos 10, 11 e 12 c\/c artigo 1\u00ba, \u00a71\u00ba, todos da Lei Federal n.\u00ba 5.709\/71 &#8211; que Regula a Aquisi\u00e7\u00e3o de Im\u00f3vel Rural por Estrangeiro Residente no Pa\u00eds ou Pessoa Jur\u00eddica Estrangeira Autorizada a Funcionar no Brasil, e d\u00e1 outras provid\u00eancias -, dispositivos estes reproduzidos pelos artigos 1.085, 1.282 e 1.283 do CNCGJES.<\/p>\n<p style=\"text-align: justify;\"><strong>Art. 2\u00ba <\/strong>&#8211; <strong>DETERMINAR<\/strong> seja remetido a esta Corregedoria Geral da Justi\u00e7a, at\u00e9 o dia 1\u00ba de setembro do corrente ano, relat\u00f3rio das aquisi\u00e7\u00f5es de im\u00f3veis rurais por estrangeiros pertinentes ao primeiro semestre de 2010, nos moldes do art. 1.283 do C\u00f3digo de Normas, acompanhado do respectivo comprovante de comunica\u00e7\u00e3o ao Instituto Nacional de Coloniza\u00e7\u00e3o e Reforma Agr\u00e1ria &#8211; INCRA (art. 11 da Lei Federal n.\u00ba 5.709\/71 e art. 1.283 do CNCGJES);<\/p>\n<p style=\"text-align: justify;\">Par\u00e1grafo \u00fanico &#8211; Excepcionalmente, exigir-se-\u00e1 remessa de rela\u00e7\u00e3o negativa.<\/p>\n<p style=\"text-align: justify;\"><strong>Publique-se. Registre-se. Cumpra-se.<\/strong><\/p>\n<p style=\"text-align: center;\"><strong>DES. S\u00c9RGIO LUIZ TEIXEIRA GAMA<br \/>\nCorregedor-Geral da Justi\u00e7a<\/strong><\/p>\n","protected":false},"excerpt":{"rendered":"<p>PODER JUDICI\u00c1RIO DO ESTADO DO ESP\u00cdRITO SANTO CORREGEDORIA GERAL DA JUSTI\u00c7A OF\u00cdCIO-CIRCULAR N\u00ba 057\/2010 Vit\u00f3ria\/ES, 26 de julho de 2010. Sr.(a) Oficial(a) do Cart\u00f3rio de Registro Geral de Im\u00f3veis: CONSIDERANDO ser a Corregedoria Geral da Justi\u00e7a \u00f3rg\u00e3o de fiscaliza\u00e7\u00e3o, disciplina e orienta\u00e7\u00e3o administrativa do foro extrajudicial, com jurisdi\u00e7\u00e3o em todo o Estado do Esp\u00edrito Santo, [&hellip;]<\/p>\n","protected":false},"author":3,"featured_media":0,"comment_status":"open","ping_status":"open","sticky":false,"template":"","format":"standard","meta":{"footnotes":""},"categories":[14,5],"tags":[],"_links":{"self":[{"href":"https:\/\/www.tjes.jus.br\/corregedoria\/wp-json\/wp\/v2\/posts\/19498"}],"collection":[{"href":"https:\/\/www.tjes.jus.br\/corregedoria\/wp-json\/wp\/v2\/posts"}],"about":[{"href":"https:\/\/www.tjes.jus.br\/corregedoria\/wp-json\/wp\/v2\/types\/post"}],"author":[{"embeddable":true,"href":"https:\/\/www.tjes.jus.br\/corregedoria\/wp-json\/wp\/v2\/users\/3"}],"replies":[{"embeddable":true,"href":"https:\/\/www.tjes.jus.br\/corregedoria\/wp-json\/wp\/v2\/comments?post=19498"}],"version-history":[{"count":1,"href":"https:\/\/www.tjes.jus.br\/corregedoria\/wp-json\/wp\/v2\/posts\/19498\/revisions"}],"predecessor-version":[{"id":19499,"href":"https:\/\/www.tjes.jus.br\/corregedoria\/wp-json\/wp\/v2\/posts\/19498\/revisions\/19499"}],"wp:attachment":[{"href":"https:\/\/www.tjes.jus.br\/corregedoria\/wp-json\/wp\/v2\/media?parent=19498"}],"wp:term":[{"taxonomy":"category","embeddable":true,"href":"https:\/\/www.tjes.jus.br\/corregedoria\/wp-json\/wp\/v2\/categories?post=19498"},{"taxonomy":"post_tag","embeddable":true,"href":"https:\/\/www.tjes.jus.br\/corregedoria\/wp-json\/wp\/v2\/tags?post=19498"}],"curies":[{"name":"wp","href":"https:\/\/api.w.org\/{rel}","templated":true}]}}