{"id":19510,"date":"2017-09-29T17:13:47","date_gmt":"2017-09-29T20:13:47","guid":{"rendered":"https:\/\/www.tjes.jus.br\/corregedoria\/?p=19510"},"modified":"2017-09-29T17:13:47","modified_gmt":"2017-09-29T20:13:47","slug":"oficio-circular-no-0632010-publ-13092010","status":"publish","type":"post","link":"https:\/\/www.tjes.jus.br\/corregedoria\/2017\/09\/29\/oficio-circular-no-0632010-publ-13092010\/","title":{"rendered":"OF\u00cdCIO-CIRCULAR N\u00ba 063\/2010 &#8211; PUBL. 13\/09\/2010"},"content":{"rendered":"<p style=\"text-align: center;\"><strong>PODER JUDICI\u00c1RIO DO ESTADO DO ESP\u00cdRITO SANTO<\/strong><\/p>\n<p style=\"text-align: center;\"><strong>CORREGEDORIA GERAL DE JUSTI\u00c7A<\/strong><\/p>\n<p style=\"text-align: center;\"><strong>OF\u00cdCIO-CIRCULAR N\u00ba 63\/2010.<\/strong><\/p>\n<p style=\"text-align: justify;\"><strong>Vit\u00f3ria\/ES, 09 de setembro de 2010.<\/strong><\/p>\n<p style=\"text-align: justify;\"><strong>Senhores Ju\u00edzes de Direito atuantes na \u00e1rea de Registros P\u00fablicos:<\/strong><\/p>\n<p style=\"text-align: justify;\"><strong>CONSIDERANDO <\/strong>que a Corregedoria Geral da Justi\u00e7a \u00e9 \u00f3rg\u00e3o de fiscaliza\u00e7\u00e3o, disciplina e orienta\u00e7\u00e3o administrativa, com jurisdi\u00e7\u00e3o em todo o Estado, conforme art. 2\u00ba da Lei Complementar Estadual n\u00ba 83\/96 e art. 35 da Lei Complementar Estadual n\u00ba 234\/02;<\/p>\n<p style=\"text-align: justify;\"><strong>CONSIDERANDO <\/strong>o que disp\u00f5e a Lei n\u00ba 8.560, de 29 de dezembro de 1992 (Lei de Investiga\u00e7\u00e3o de Paternidade);<\/p>\n<p style=\"text-align: justify;\"><strong>CONSIDERANDO,<\/strong> finalmente, o teor do Provimento n\u00ba 12, de 06 de agosto de 2010, do Conselho Nacional de Justi\u00e7a;<\/p>\n<p style=\"text-align: justify;\"><strong>RESOLVE<\/strong>:<\/p>\n<p style=\"text-align: justify;\"><strong>Art. 1\u00ba <\/strong>&#8211; <strong>CIENTIFICAR<\/strong> aos MM. Ju\u00edzes de Direito do Poder Judici\u00e1rio do Estado do Esp\u00edrito Santo, com compet\u00eancia em mat\u00e9ria de Registros P\u00fablicos, acerca das prescri\u00e7\u00f5es constantes no Provimento n\u00ba 12, de 06 de agosto de 2010, do Conselho Nacional de Justi\u00e7a, que disp\u00f5e acerca da ado\u00e7\u00e3o de medidas visando \u00e0 averigua\u00e7\u00e3o e ao reconhecimento de paternidade de alunos para os quais n\u00e3o existe informa\u00e7\u00e3o sobre o nome do pai.<\/p>\n<p style=\"text-align: justify;\"><strong>Art. 2\u00ba <\/strong>&#8211; <strong>ENCAMINHAR<\/strong> aos MM. Ju\u00edzes de Direito do Poder Judici\u00e1rio do Estado do Esp\u00edrito Santo, com compet\u00eancia em mat\u00e9ria de Registros P\u00fablicos, CD contendo informa\u00e7\u00f5es acerca do nome do aluno, nome da m\u00e3e e endere\u00e7o residencial, para que adotem os procedimentos previstos na Lei n\u00ba 8.560\/92 e no Provimento n\u00ba 12, de 06 de agosto de 2010, do Conselho Nacional de Justi\u00e7a.<\/p>\n<p style=\"text-align: justify;\"><strong>Publique-se. Registre-se. Cumpra-se.<\/strong><\/p>\n<p style=\"text-align: center;\"><strong>DES. S\u00c9RGIO LUIZ TEIXEIRA GAMA<br \/>\nCorregedor-Geral da Justi\u00e7a<\/strong><\/p>\n","protected":false},"excerpt":{"rendered":"<p>PODER JUDICI\u00c1RIO DO ESTADO DO ESP\u00cdRITO SANTO CORREGEDORIA GERAL DE JUSTI\u00c7A OF\u00cdCIO-CIRCULAR N\u00ba 63\/2010. Vit\u00f3ria\/ES, 09 de setembro de 2010. Senhores Ju\u00edzes de Direito atuantes na \u00e1rea de Registros P\u00fablicos: CONSIDERANDO que a Corregedoria Geral da Justi\u00e7a \u00e9 \u00f3rg\u00e3o de fiscaliza\u00e7\u00e3o, disciplina e orienta\u00e7\u00e3o administrativa, com jurisdi\u00e7\u00e3o em todo o Estado, conforme art. 2\u00ba da [&hellip;]<\/p>\n","protected":false},"author":3,"featured_media":0,"comment_status":"open","ping_status":"open","sticky":false,"template":"","format":"standard","meta":{"footnotes":""},"categories":[14,5],"tags":[],"_links":{"self":[{"href":"https:\/\/www.tjes.jus.br\/corregedoria\/wp-json\/wp\/v2\/posts\/19510"}],"collection":[{"href":"https:\/\/www.tjes.jus.br\/corregedoria\/wp-json\/wp\/v2\/posts"}],"about":[{"href":"https:\/\/www.tjes.jus.br\/corregedoria\/wp-json\/wp\/v2\/types\/post"}],"author":[{"embeddable":true,"href":"https:\/\/www.tjes.jus.br\/corregedoria\/wp-json\/wp\/v2\/users\/3"}],"replies":[{"embeddable":true,"href":"https:\/\/www.tjes.jus.br\/corregedoria\/wp-json\/wp\/v2\/comments?post=19510"}],"version-history":[{"count":1,"href":"https:\/\/www.tjes.jus.br\/corregedoria\/wp-json\/wp\/v2\/posts\/19510\/revisions"}],"predecessor-version":[{"id":19511,"href":"https:\/\/www.tjes.jus.br\/corregedoria\/wp-json\/wp\/v2\/posts\/19510\/revisions\/19511"}],"wp:attachment":[{"href":"https:\/\/www.tjes.jus.br\/corregedoria\/wp-json\/wp\/v2\/media?parent=19510"}],"wp:term":[{"taxonomy":"category","embeddable":true,"href":"https:\/\/www.tjes.jus.br\/corregedoria\/wp-json\/wp\/v2\/categories?post=19510"},{"taxonomy":"post_tag","embeddable":true,"href":"https:\/\/www.tjes.jus.br\/corregedoria\/wp-json\/wp\/v2\/tags?post=19510"}],"curies":[{"name":"wp","href":"https:\/\/api.w.org\/{rel}","templated":true}]}}