{"id":19512,"date":"2017-09-29T17:16:33","date_gmt":"2017-09-29T20:16:33","guid":{"rendered":"https:\/\/www.tjes.jus.br\/corregedoria\/?p=19512"},"modified":"2017-09-29T17:16:33","modified_gmt":"2017-09-29T20:16:33","slug":"oficio-circular-no-0642010-publ-13092010","status":"publish","type":"post","link":"https:\/\/www.tjes.jus.br\/corregedoria\/2017\/09\/29\/oficio-circular-no-0642010-publ-13092010\/","title":{"rendered":"OF\u00cdCIO-CIRCULAR N\u00ba 064\/2010 &#8211; PUBL. 13\/09\/2010"},"content":{"rendered":"<p style=\"text-align: center;\"><strong>PODER JUDICI\u00c1RIO DO ESTADO DO ESP\u00cdRITO SANTO<\/strong><\/p>\n<p style=\"text-align: center;\"><strong>CORREGEDORIA GERAL DE JUSTI\u00c7A<\/strong><\/p>\n<p style=\"text-align: center;\"><strong>OF\u00cdCIO-CIRCULAR N\u00ba 64\/2010<\/strong><\/p>\n<p style=\"text-align: justify;\">Vit\u00f3ria\/ES, 10 de setembro de 2010.<\/p>\n<p style=\"text-align: justify;\">Senhores Ju\u00edzes de Direito com compet\u00eancia nas Varas Criminais e de Execu\u00e7\u00e3o Penal:<\/p>\n<p style=\"text-align: justify;\"><strong>CONSIDERANDO<\/strong> que a Corregedoria Geral da Justi\u00e7a \u00e9 \u00f3rg\u00e3o de fiscaliza\u00e7\u00e3o, disciplina e orienta\u00e7\u00e3o administrativa, com jurisdi\u00e7\u00e3o em todo o Estado, conforme art. 2\u00ba da Lei Complementar Estadual n\u00ba 83\/96 e art. 35 da Lei Complementar Estadual n\u00ba 234\/02;<\/p>\n<p style=\"text-align: justify;\"><strong>CONSIDERANDO<\/strong> o que disp\u00f5e o art. 285 e par\u00e1grafo \u00fanico do Decreto n\u00ba 3.689, de 03 de outubro de 1941 (C\u00f3digo de Processo Penal);<\/p>\n<p style=\"text-align: justify;\"><strong>CONSIDERANDO<\/strong>, finalmente, o teor da Instru\u00e7\u00e3o Normativa n\u00ba 01, de 10 de fevereiro de 2010, do Conselho Nacional de Justi\u00e7a, que disp\u00f5e sobre a indica\u00e7\u00e3o da condi\u00e7\u00e3o de poss\u00edvel foragido ou estadia no exterior, quando da expedi\u00e7\u00e3o de mandado de pris\u00e3o em face de pessoa condenada, com senten\u00e7a de pron\u00fancia ou com pris\u00e3o preventiva decretada no pa\u00eds, e d\u00e1 outras provid\u00eancias.<\/p>\n<p style=\"text-align: justify;\"><strong>RESOLVE<\/strong>:<\/p>\n<p style=\"text-align: justify;\"><strong>Art. 1\u00ba <\/strong>&#8211; <strong>CIENTIFICAR<\/strong> os MM. Ju\u00edzes de Direito das Varas Criminais e de Execu\u00e7\u00e3o Penal do Poder Judici\u00e1rio do Estado do Esp\u00edrito Santo acerca das determina\u00e7\u00f5es constantes na Instru\u00e7\u00e3o Normativa n\u00ba 01, de 10 de fevereiro de 2010, do Conselho Nacional de Justi\u00e7a.<\/p>\n<p style=\"text-align: justify;\"><strong>Art. 2\u00ba <\/strong>&#8211; <strong>DETERMINAR<\/strong> aos MM. Ju\u00edzes de Direito das Varas Criminais e de Execu\u00e7\u00e3o Penal do Poder Judici\u00e1rio do Estado do Esp\u00edrito Santo que adotem imediatamente as provid\u00eancias contidas na referida Instru\u00e7\u00e3o Normativa, para que nas inspe\u00e7\u00f5es ou correi\u00e7\u00f5es realizadas ordinariamente sejam elas tamb\u00e9m objeto de controle e fiscaliza\u00e7\u00e3o.<\/p>\n<p style=\"text-align: justify;\"><strong>Publique-se. Registre-se. Cumpra-se.<\/strong><\/p>\n<p style=\"text-align: center;\"><strong>DES. S\u00c9RGIO LUIZ TEIXEIRA GAMA<br \/>\nCorregedor-Geral da Justi\u00e7a<\/strong><\/p>\n","protected":false},"excerpt":{"rendered":"<p>PODER JUDICI\u00c1RIO DO ESTADO DO ESP\u00cdRITO SANTO CORREGEDORIA GERAL DE JUSTI\u00c7A OF\u00cdCIO-CIRCULAR N\u00ba 64\/2010 Vit\u00f3ria\/ES, 10 de setembro de 2010. Senhores Ju\u00edzes de Direito com compet\u00eancia nas Varas Criminais e de Execu\u00e7\u00e3o Penal: CONSIDERANDO que a Corregedoria Geral da Justi\u00e7a \u00e9 \u00f3rg\u00e3o de fiscaliza\u00e7\u00e3o, disciplina e orienta\u00e7\u00e3o administrativa, com jurisdi\u00e7\u00e3o em todo o Estado, conforme [&hellip;]<\/p>\n","protected":false},"author":3,"featured_media":0,"comment_status":"open","ping_status":"open","sticky":false,"template":"","format":"standard","meta":{"footnotes":""},"categories":[14,5],"tags":[],"_links":{"self":[{"href":"https:\/\/www.tjes.jus.br\/corregedoria\/wp-json\/wp\/v2\/posts\/19512"}],"collection":[{"href":"https:\/\/www.tjes.jus.br\/corregedoria\/wp-json\/wp\/v2\/posts"}],"about":[{"href":"https:\/\/www.tjes.jus.br\/corregedoria\/wp-json\/wp\/v2\/types\/post"}],"author":[{"embeddable":true,"href":"https:\/\/www.tjes.jus.br\/corregedoria\/wp-json\/wp\/v2\/users\/3"}],"replies":[{"embeddable":true,"href":"https:\/\/www.tjes.jus.br\/corregedoria\/wp-json\/wp\/v2\/comments?post=19512"}],"version-history":[{"count":1,"href":"https:\/\/www.tjes.jus.br\/corregedoria\/wp-json\/wp\/v2\/posts\/19512\/revisions"}],"predecessor-version":[{"id":19513,"href":"https:\/\/www.tjes.jus.br\/corregedoria\/wp-json\/wp\/v2\/posts\/19512\/revisions\/19513"}],"wp:attachment":[{"href":"https:\/\/www.tjes.jus.br\/corregedoria\/wp-json\/wp\/v2\/media?parent=19512"}],"wp:term":[{"taxonomy":"category","embeddable":true,"href":"https:\/\/www.tjes.jus.br\/corregedoria\/wp-json\/wp\/v2\/categories?post=19512"},{"taxonomy":"post_tag","embeddable":true,"href":"https:\/\/www.tjes.jus.br\/corregedoria\/wp-json\/wp\/v2\/tags?post=19512"}],"curies":[{"name":"wp","href":"https:\/\/api.w.org\/{rel}","templated":true}]}}