{"id":19514,"date":"2017-09-29T17:19:16","date_gmt":"2017-09-29T20:19:16","guid":{"rendered":"https:\/\/www.tjes.jus.br\/corregedoria\/?p=19514"},"modified":"2017-09-29T17:19:16","modified_gmt":"2017-09-29T20:19:16","slug":"oficio-circular-no-0672010-publ-17092010","status":"publish","type":"post","link":"https:\/\/www.tjes.jus.br\/corregedoria\/2017\/09\/29\/oficio-circular-no-0672010-publ-17092010\/","title":{"rendered":"OF\u00cdCIO-CIRCULAR N\u00ba 067\/2010 &#8211; PUBL. 17\/09\/2010"},"content":{"rendered":"<p style=\"text-align: center;\"><strong>ESTADO DO ESP\u00cdRITO SANTO<\/strong><\/p>\n<p style=\"text-align: center;\"><strong>PODER JUDICI\u00c1RIO<\/strong><\/p>\n<p style=\"text-align: center;\"><strong>CORREGEDORIA GERAL DA JUSTI\u00c7A<\/strong><\/p>\n<p style=\"text-align: center;\"><strong>OF\u00cdCIO-CIRCULAR N\u00ba. 067\/2010<\/strong><\/p>\n<p style=\"text-align: justify;\">(Favor mencionar essa refer\u00eancia)<\/p>\n<p style=\"text-align: justify;\">O Exmo. Sr. Desembargador Corregedor-Geral da Justi\u00e7a do Estado do Esp\u00edrito Santo, no uso de suas atribui\u00e7\u00f5es legais:<\/p>\n<p style=\"text-align: justify;\"><strong>CONSIDERANDO<\/strong> o recebimento do Of\u00edcio-Circular n\u00ba 045\/2010-DICSEN\/DECOR\/CG, da lavra do Excelent\u00edssimo Senhor Corregedor-Geral de Justi\u00e7a do Estado de Rond\u00f4nia, Desembargador Paulo Kiyochi Mori;<\/p>\n<p style=\"text-align: justify;\"><strong>CONSIDERANDO<\/strong> que referido Of\u00edcio comunica acerca da inutiliza\u00e7\u00e3o dos selos isentos s\u00e9rie n\u00fameros B0AA0575, B0AA0576, B0AA0582, B0AA0586, B0AA0621, B0AA0622 E B0AA0623, do Of\u00edcio de Registro Civil e Notas do Munic\u00edpio de Abun\u00e3; B2AA0006, B2AA0007, B2AA0008, B2AA0009, B2AA0017 e B2AA0018, do Of\u00edcio de Registro Civil e Notas do Munic\u00edpio de Extrema de Rond\u00f4nia, bem como do extravio dos selos isentos s\u00e9rie B2AA1729 a B2AA1758;<\/p>\n<p style=\"text-align: justify;\"><strong>RECOMENDO<\/strong> aos Ju\u00edzes de Direito Diretores dos F\u00f3runs, Membros do Minist\u00e9rio P\u00fablico, Advogados, Not\u00e1rios e Registradores, Serventu\u00e1rios e a quem possa interessar, que observem o AVISO supra citado, e adotem as provid\u00eancias que entenderem pertinentes.<\/p>\n<p style=\"text-align: justify;\"><strong>Publique-se<\/strong>.<\/p>\n<p style=\"text-align: justify;\"><strong>Cumpra-se.<\/strong><\/p>\n<p style=\"text-align: justify;\">Vit\u00f3ria\/ES, 17 de setembro de 2010.<\/p>\n<p style=\"text-align: center;\"><strong>DES. S\u00c9RGIO LUIZ TEIXEIRA GAMA<br \/>\nCorregedor-Geral da Justi\u00e7a<\/strong><\/p>\n","protected":false},"excerpt":{"rendered":"<p>ESTADO DO ESP\u00cdRITO SANTO PODER JUDICI\u00c1RIO CORREGEDORIA GERAL DA JUSTI\u00c7A OF\u00cdCIO-CIRCULAR N\u00ba. 067\/2010 (Favor mencionar essa refer\u00eancia) O Exmo. Sr. Desembargador Corregedor-Geral da Justi\u00e7a do Estado do Esp\u00edrito Santo, no uso de suas atribui\u00e7\u00f5es legais: CONSIDERANDO o recebimento do Of\u00edcio-Circular n\u00ba 045\/2010-DICSEN\/DECOR\/CG, da lavra do Excelent\u00edssimo Senhor Corregedor-Geral de Justi\u00e7a do Estado de Rond\u00f4nia, Desembargador [&hellip;]<\/p>\n","protected":false},"author":3,"featured_media":0,"comment_status":"open","ping_status":"open","sticky":false,"template":"","format":"standard","meta":{"footnotes":""},"categories":[14,5],"tags":[],"_links":{"self":[{"href":"https:\/\/www.tjes.jus.br\/corregedoria\/wp-json\/wp\/v2\/posts\/19514"}],"collection":[{"href":"https:\/\/www.tjes.jus.br\/corregedoria\/wp-json\/wp\/v2\/posts"}],"about":[{"href":"https:\/\/www.tjes.jus.br\/corregedoria\/wp-json\/wp\/v2\/types\/post"}],"author":[{"embeddable":true,"href":"https:\/\/www.tjes.jus.br\/corregedoria\/wp-json\/wp\/v2\/users\/3"}],"replies":[{"embeddable":true,"href":"https:\/\/www.tjes.jus.br\/corregedoria\/wp-json\/wp\/v2\/comments?post=19514"}],"version-history":[{"count":1,"href":"https:\/\/www.tjes.jus.br\/corregedoria\/wp-json\/wp\/v2\/posts\/19514\/revisions"}],"predecessor-version":[{"id":19515,"href":"https:\/\/www.tjes.jus.br\/corregedoria\/wp-json\/wp\/v2\/posts\/19514\/revisions\/19515"}],"wp:attachment":[{"href":"https:\/\/www.tjes.jus.br\/corregedoria\/wp-json\/wp\/v2\/media?parent=19514"}],"wp:term":[{"taxonomy":"category","embeddable":true,"href":"https:\/\/www.tjes.jus.br\/corregedoria\/wp-json\/wp\/v2\/categories?post=19514"},{"taxonomy":"post_tag","embeddable":true,"href":"https:\/\/www.tjes.jus.br\/corregedoria\/wp-json\/wp\/v2\/tags?post=19514"}],"curies":[{"name":"wp","href":"https:\/\/api.w.org\/{rel}","templated":true}]}}