{"id":19693,"date":"2017-10-04T12:11:46","date_gmt":"2017-10-04T15:11:46","guid":{"rendered":"https:\/\/www.tjes.jus.br\/corregedoria\/?p=19693"},"modified":"2017-10-04T12:11:46","modified_gmt":"2017-10-04T15:11:46","slug":"ato-normativo-no-1352017-publ-04102017","status":"publish","type":"post","link":"https:\/\/www.tjes.jus.br\/corregedoria\/2017\/10\/04\/ato-normativo-no-1352017-publ-04102017\/","title":{"rendered":"ATO NORMATIVO N\u00ba 135\/2017 &#8211; PUBL. 04\/10\/2017"},"content":{"rendered":"<p style=\"text-align: center;\"><strong>ESTADO DO ESP\u00cdRITO SANTO<\/strong><\/p>\n<p style=\"text-align: center;\"><strong>PODER JUDICI\u00c1RIO<\/strong><\/p>\n<p style=\"text-align: center;\"><strong>ATO NORMATIVO N\u00ba 135\/2017<\/strong><\/p>\n<p style=\"text-align: justify;\"><em>Autoriza a transfer\u00eancia da Secretaria da Turma Recursal da Regi\u00e3o Norte da Comarca de Colatina para a Comarca de Linhares.<\/em><\/p>\n<p style=\"text-align: justify;\">O Excelent\u00edssimo Senhor Desembargador <strong>ANNIBAL DE REZENDE LIMA<\/strong>, DD. Presidente do Egr\u00e9gio Tribunal de Justi\u00e7a do Estado do Esp\u00edrito Santo, no uso de suas atribui\u00e7\u00f5es legais e<\/p>\n<p style=\"text-align: justify;\"><strong>CONSIDERANDO<\/strong> a solicita\u00e7\u00e3o formulada pelo Exm\u00ba. Sr. Desembargador Supervisor dos Juizados Especiais C\u00edveis e Criminais nos autos do procedimento n\u00ba 2017.00.864.901;<\/p>\n<p style=\"text-align: justify;\"><strong>CONSIDERANDO<\/strong> que o F\u00f3rum da Comarca de Linhares possui espa\u00e7o f\u00edsico adequado para acomodar as instala\u00e7\u00f5es da Turma Recursal da Regi\u00e3o Norte;<\/p>\n<p style=\"text-align: justify;\"><strong>CONSIDERANDO<\/strong>, por fim, que Comarca de Linhares situa-se em posi\u00e7\u00e3o geograficamente privilegiada, com facilidade de acesso aos advogados e jurisdicionados para atendimento pela Secretaria,<\/p>\n<p style=\"text-align: justify;\"><strong>RESOLVE<\/strong>:<\/p>\n<p style=\"text-align: justify;\"><strong>Art. 1\u00ba <\/strong>\u2013 Fica estabelecido o funcionamento da Secretaria da Turma Recursal da Regi\u00e3o Norte na Comarca de Linhares, a partir de 23.10.2017.<\/p>\n<p style=\"text-align: justify;\">Par\u00e1grafo \u00fanico \u2013 Para efetiva\u00e7\u00e3o de sua mudan\u00e7a da Comarca de Colatina para a Comarca de Linhares, ficam suspensos os atos e prazos processuais, bem como o atendimento ao p\u00fablico na Turma Recursal da Regi\u00e3o Norte entre os dias 16.10.2017 e 20.10.2017, inclusive, ressalvando-se as medidas de urg\u00eancia.<\/p>\n<p style=\"text-align: justify;\"><strong>Art. 2\u00ba <\/strong>\u2013 Este Ato Normativo entra em vigor na data de sua publica\u00e7\u00e3o, revogando-se as disposi\u00e7\u00f5es em contr\u00e1rio.<\/p>\n<p style=\"text-align: justify;\"><strong>Publique-se<\/strong>.<\/p>\n<p style=\"text-align: justify;\">Vit\u00f3ria, 03 de Outubro de 2017.<\/p>\n<p style=\"text-align: center;\"><strong>Des. ANNIBAL DE REZENDE LIMA<br \/>\nPresidente<\/strong><\/p>\n","protected":false},"excerpt":{"rendered":"<p>ESTADO DO ESP\u00cdRITO SANTO PODER JUDICI\u00c1RIO ATO NORMATIVO N\u00ba 135\/2017 Autoriza a transfer\u00eancia da Secretaria da Turma Recursal da Regi\u00e3o Norte da Comarca de Colatina para a Comarca de Linhares. O Excelent\u00edssimo Senhor Desembargador ANNIBAL DE REZENDE LIMA, DD. Presidente do Egr\u00e9gio Tribunal de Justi\u00e7a do Estado do Esp\u00edrito Santo, no uso de suas atribui\u00e7\u00f5es [&hellip;]<\/p>\n","protected":false},"author":3,"featured_media":0,"comment_status":"open","ping_status":"open","sticky":false,"template":"","format":"standard","meta":{"footnotes":""},"categories":[4,14],"tags":[],"_links":{"self":[{"href":"https:\/\/www.tjes.jus.br\/corregedoria\/wp-json\/wp\/v2\/posts\/19693"}],"collection":[{"href":"https:\/\/www.tjes.jus.br\/corregedoria\/wp-json\/wp\/v2\/posts"}],"about":[{"href":"https:\/\/www.tjes.jus.br\/corregedoria\/wp-json\/wp\/v2\/types\/post"}],"author":[{"embeddable":true,"href":"https:\/\/www.tjes.jus.br\/corregedoria\/wp-json\/wp\/v2\/users\/3"}],"replies":[{"embeddable":true,"href":"https:\/\/www.tjes.jus.br\/corregedoria\/wp-json\/wp\/v2\/comments?post=19693"}],"version-history":[{"count":1,"href":"https:\/\/www.tjes.jus.br\/corregedoria\/wp-json\/wp\/v2\/posts\/19693\/revisions"}],"predecessor-version":[{"id":19694,"href":"https:\/\/www.tjes.jus.br\/corregedoria\/wp-json\/wp\/v2\/posts\/19693\/revisions\/19694"}],"wp:attachment":[{"href":"https:\/\/www.tjes.jus.br\/corregedoria\/wp-json\/wp\/v2\/media?parent=19693"}],"wp:term":[{"taxonomy":"category","embeddable":true,"href":"https:\/\/www.tjes.jus.br\/corregedoria\/wp-json\/wp\/v2\/categories?post=19693"},{"taxonomy":"post_tag","embeddable":true,"href":"https:\/\/www.tjes.jus.br\/corregedoria\/wp-json\/wp\/v2\/tags?post=19693"}],"curies":[{"name":"wp","href":"https:\/\/api.w.org\/{rel}","templated":true}]}}